{"id":2590,"date":"2020-06-02T19:47:35","date_gmt":"2020-06-02T19:47:35","guid":{"rendered":"http:\/\/www.jesusprieto.es\/?p=2590"},"modified":"2021-03-23T20:09:53","modified_gmt":"2021-03-23T20:09:53","slug":"comparativa-joaquin-soler-serrano-inaki-gabilondo","status":"publish","type":"post","link":"https:\/\/www.jesusprieto.es\/index.php\/2020\/06\/02\/comparativa-joaquin-soler-serrano-inaki-gabilondo\/","title":{"rendered":"COMPARATIVA: JOAQU\u00cdN SOLER SERRANO, I\u00d1AKI GABILONDO"},"content":{"rendered":"\t\t<div data-elementor-type=\"wp-post\" data-elementor-id=\"2590\" class=\"elementor elementor-2590\">\n\t\t\t\t\t\t\t\t\t<section class=\"elementor-section elementor-top-section elementor-element elementor-element-1903d92 elementor-section-boxed elementor-section-height-default elementor-section-height-default\" data-id=\"1903d92\" data-element_type=\"section\">\n\t\t\t\t\t\t<div class=\"elementor-container elementor-column-gap-default\">\n\t\t\t\t\t<div class=\"elementor-column elementor-col-100 elementor-top-column elementor-element elementor-element-acb393d\" data-id=\"acb393d\" data-element_type=\"column\">\n\t\t\t<div class=\"elementor-widget-wrap elementor-element-populated\">\n\t\t\t\t\t\t\t\t<div class=\"elementor-element elementor-element-83c2506 elementor-widget elementor-widget-heading\" data-id=\"83c2506\" data-element_type=\"widget\" data-widget_type=\"heading.default\">\n\t\t\t\t<div class=\"elementor-widget-container\">\n\t\t\t<h2 class=\"elementor-heading-title elementor-size-default\">COMPARATIVA: JOAQU\u00cdN SOLER SERRANO, I\u00d1AKI GABILONDO<\/h2>\t\t<\/div>\n\t\t\t\t<\/div>\n\t\t\t\t\t<\/div>\n\t\t<\/div>\n\t\t\t\t\t\t\t<\/div>\n\t\t<\/section>\n\t\t\t\t<section class=\"elementor-section elementor-top-section elementor-element elementor-element-0bc9b44 elementor-section-boxed elementor-section-height-default elementor-section-height-default\" data-id=\"0bc9b44\" data-element_type=\"section\">\n\t\t\t\t\t\t<div class=\"elementor-container elementor-column-gap-default\">\n\t\t\t\t\t<div class=\"elementor-column elementor-col-100 elementor-top-column elementor-element elementor-element-8b07be0\" data-id=\"8b07be0\" data-element_type=\"column\">\n\t\t\t<div class=\"elementor-widget-wrap elementor-element-populated\">\n\t\t\t\t\t\t\t\t<div class=\"elementor-element elementor-element-1274012 elementor-widget elementor-widget-text-editor\" data-id=\"1274012\" data-element_type=\"widget\" data-widget_type=\"text-editor.default\">\n\t\t\t\t<div class=\"elementor-widget-container\">\n\t\t\t\t\t\t\t<p>En 1999 Radio Barcelona celebr\u00f3 su 75 aniversario y los Premios Ondas de aquel a\u00f1o decidieron premiar a un conjunto de leyendas hist\u00f3ricas de la radio, entre ellas a Joaqu\u00edn Soler Serrano. Con cierta l\u00f3gica, fue I\u00f1aki Gabilondo quien le entrego aquella noche el premio especial aniversario. M\u00e1s adelante, semanas despu\u00e9s de su fallecimiento en 2010, cuando las Academias de Televisi\u00f3n y de la Radio decidieron crear un Premio Soler Serrano que reconociera a aquellos profesionales que hubieran destacado en ambos medios, la misma l\u00f3gica anterior hizo que fuera Gabilondo el primer galardonado. Hay cierta continuidad en las carreras y el significante que ambas figuras han tenido en la comunicaci\u00f3n de las \u00faltimas d\u00e9cadas en Espa\u00f1a. Podr\u00eda decirse que I\u00f1aki Gabilondo recogi\u00f3 una parte del testigo de Soler Serrano como el gran entrevistador del momento. Podemos observar cierto paralelismo en sus carreras, ambos personificaron en cierto modo un modelo de comunicador cultivado, reflexivo sensato y de calidad.<\/p><p>Cuando Joaqu\u00edn Soler Serrano muri\u00f3, era un personaje olvidado. V\u00edctima de Alzheimer, pas\u00f3 sus \u00faltimos a\u00f1os ingresado en una residencia de Barcelona. Hab\u00eda nacido en 1919 en Murcia, en una familia militar con la que cambi\u00f3 constantemente de residencia hasta establecerse finalmente en Barcelona. Nada m\u00e1s terminar la Guerra Civil gan\u00f3 un concurso de locutores para Radio Nacional de Espa\u00f1a, donde llegar\u00eda a ser redactor jefe. A\u00f1os despu\u00e9s pasa a Radio Espa\u00f1a en Barcelona y se convierte en su locutor estrella. En 1956 se traslada a Venezuela donde comenz\u00f3 a trabajar en televisi\u00f3n. Regresa en 1959, ya en Radio Barcelona para la Cadena SER y debuta en TVE con numerosos magazines y concursos culturales que le convertir\u00e1n en un personaje muy popular. Se hace c\u00e9lebre en 1962 con sus campa\u00f1as en favor de los damnificados por unas inundaciones en Sabadell y Tarrasa. Muy familiar, representa un personaje simp\u00e1tico, pero culto, educado y cercano. Coincidiendo con el inicio de la Transici\u00f3n realizar\u00e1 dos programas de entrevistas para TVE, <em>A Fondo <\/em>y <em>Perfiles, <\/em>de gran \u00e9xito y valoraci\u00f3n, que quedar\u00e1n como cl\u00e1sicos de la comunicaci\u00f3n televisiva, convirtiendo a Soler Serrano en \u201cmaestro de la entrevista\u201d. Se mantendr\u00e1 en antena hasta 1981, cuando por discrepancias con la c\u00fapula directiva abandona TVE y pr\u00e1cticamente la primera l\u00ednea period\u00edstica. Sus \u00faltimos 30 a\u00f1os ser\u00e1n anodinos, volviendo incluso a establecerse en Venezuela o Miami, pero sin conseguir mantener su presencia en los medios espa\u00f1oles con un m\u00ednimo protagonismo. En cierto modo, Soler Serrano representaba una \u00e9poca anterior, un estilo sin espacio tras la ruptura democr\u00e1tica.\u00a0<\/p><p>I\u00f1aki Gabilondo naci\u00f3 en San Sebasti\u00e1n en 1962. Estudio periodismo en la Universidad de Navarra y desde el principio de su carrera se dedic\u00f3 a la radio. Con apenas 30 a\u00f1os ya dirig\u00eda la emisora de la Cadena SER en Sevilla, tras haberlo hecho en San Sebasti\u00e1n con la misma SER y con la cadena COPE. En 1978 pasa a dirigir el programa Hora 25 en la Cadena SER, y en 1980 sus servicios informativos. En enero de 1981 es nombrado Director de Informativos de TVE y ser\u00e1 precisamente durante el golpe del 23 de febrero la primera vez aparezca en antena, presentando el mensaje a la naci\u00f3n de Juan Carlos I. Durante un par de meses conducir\u00e1 el informativo estrella de las nueve de la noche, siendo despedido en mayo por \u201cdiscrepancias de fondo\u201d<a href=\"#_ftn1\" name=\"_ftnref1\">[1]<\/a> con la direcci\u00f3n general. Regresa a la SER en 1983, y desde 1986 dirige y presenta <em>Hoy por hoy <\/em>que llegar\u00e1 a ser el programa de mayor audiencia de la radio espa\u00f1ola. Estar\u00e1 veinte a\u00f1os al frente de esta franja matinal, compagin\u00e1ndolo con numerosos magacines televisivos. Durante esos a\u00f1os, Gabilondo se convierte en un periodista de referencia, respetado, ecu\u00e1nime, sosegado y un\u00e1nimemente alabado. Solo durante sus \u00faltimos a\u00f1os en la SER se ver\u00e1 arrastrado por la polarizaci\u00f3n pol\u00edtica existente, convirti\u00e9ndose en un elemento destacado dentro de la guerra medi\u00e1tica entre su empresa, PRISA, y otros medios conservadores. En 2005 deja la SER para presentar los informativos de la reci\u00e9n creada cadena televisiva Cuatro hasta 2010, sin mucho \u00e9xito de audiencia. Tras unos meses en la versi\u00f3n espa\u00f1ola de CNN, Gabilondo se convierte en comentarista para El Pa\u00eds y la SER y comienza a colaborar con numerosos programas de entrevistas para Canal + (Movistar posteriormente). Hoy d\u00eda mantiene cierta autoridad moral, siguiendo en la primera l\u00ednea informativa, m\u00e1s como una figura de referencia que como un comunicador de primera l\u00ednea de batalla.<\/p><p>Este tercer trabajo para la asignatura nos solicita un an\u00e1lisis comparativo de la forma de entrevistar de ambos comunicadores. La web de RTVE mantiene en acceso p\u00fablico la totalidad de las emisiones de <em>A fondo <\/em>y <em>Perfiles. <\/em>Por otro lado, en Internet o Movistar Plus es sencillo encontrar multitud de entrevistas de todo tipo con I\u00f1aki Gabilondo. He decidido analizar dos entrevistas a dos personajes que mantienen cierta similitud, del mismo modo que los contextos en las que fueron realizadas son tambi\u00e9n paradigm\u00e1ticos y totalmente definitorios del contenido de las mismas. De Soler Serrano analizaremos la entrevista que realizo en <em>A fondo <\/em>a Ramon J. Sender, de Gabilondo la entrevista que realiz\u00f3 en un programa de Canal + llamado <em>I\u00f1aki <\/em>a Jos\u00e9 Luis Sampedro. En ambos casos se entrevista a dos escritores\/pensadores de \u00e9xito, en los momentos finales de sus vidas, y buscando tanto indagar sobre sus vivencias pasadas como compartir sus impresiones respecto al momento actual o el futuro que nos espera. Son dos entrevistas televisivas, amables, que reconocen en todo momento la admiraci\u00f3n del periodista hacia el entrevistado, pero que nos ayudan enormemente a intuir las t\u00e9cnicas y las motivaciones detr\u00e1s de cada uno de los entrevistadores.<\/p><p>La entrevista a Ram\u00f3n J. Sender<a href=\"#_ftn2\" name=\"_ftnref2\">[2]<\/a> se emiti\u00f3 el domingo 4 de julio de 1976, durante la primera temporada de <em>A fondo.<\/em> Desconocemos su fecha de realizaci\u00f3n, pero el contexto es sumamente esclarecedor de su contenido. Precisamente el d\u00eda anterior a su emisi\u00f3n, en la tarde del s\u00e1bado, Adolfo Suarez fue elegido Presidente del Gobierno dentro de la terna que Fern\u00e1ndez Miranda present\u00f3 al rey. Estamos en el inicio de la Transici\u00f3n, en un momento de peque\u00f1as aperturas en la televisi\u00f3n p\u00fablica.<\/p><p>S\u00ed Delibes fue quien inauguro el programa, Sender fue el primer exiliado que aparec\u00eda en \u00e9l. Hab\u00eda regresado a Espa\u00f1a intermitentemente desde 1974, en medio de una gran atenci\u00f3n, dando numerosas entrevistas y conferencias, pero esta fue la primera vez que la televisi\u00f3n p\u00fablica le dedicaba un espacio preferente. Y un cierto esp\u00edritu de conciliaci\u00f3n gobierna la totalidad de la entrevista, hasta su emocionado momento final en el que el entrevistado agradece entre l\u00e1grimas la oportunidad a Soler Serrano, a Televisi\u00f3n Espa\u00f1ola y \u201cal maravilloso pueblo madrile\u00f1o que me acompa\u00f1a\u201d (01:06:04).<\/p><p>Ramon J. Sender no era en aquel momento una personalidad neutra. Fue un escritor muy prol\u00edfico, reconocido internacionalmente y con gran \u00e9xito en la propia Espa\u00f1a.\u00a0 A su vez hab\u00eda sido un conocido militante anarquista, con gran protagonismo durante la II Rep\u00fablica (lleg\u00f3 incluso a ser Premio Nacional de Literatura), que particip\u00f3 activamente en la guerra, donde protagonizo toda una serie de pol\u00e9micas con la direcci\u00f3n militar republicana. Tal era la dimensi\u00f3n de su figura en aquel momento, que las fuerzas nacionales fusilaron a su mujer al no poder apresarlo a \u00e9l. Tras esto, la rep\u00fablica le envi\u00f3 como propagandista a EEUU y Francia, de donde no regresar\u00eda. Exiliado primero en M\u00e9xico, desde 1942 ejercer\u00eda la docencia en numerosas universidades estadounidenses, finalizando en la Universidad de California del Sur en San Diego, donde fallecer\u00eda seis a\u00f1os despu\u00e9s de conceder esta entrevista. Si el franquismo prohibi\u00f3 en un principio la difusi\u00f3n de sus obras, a partir de mediados de la d\u00e9cada de los 60 la editorial Destino comenz\u00f3 la publicaci\u00f3n de sus obras completas con gran \u00e9xito, llegando incluso en 1969 a ganar el Premio Planeta. As\u00ed que Sender tampoco era ning\u00fan desconocido en el momento de la entrevista.<\/p><p>En un momento dado de la entrevista, Soler Serrano afirma que el suyo no es un programa de temas coyunturales, sino de perspectiva. Y en cierto modo el invitado se comporta coherentemente con esta intenci\u00f3n. Estamos m\u00e1s ante un homenaje, un acto de desagravio, de conciliaci\u00f3n, que ante una batalla dial\u00e9ctica o un intento de indagar en la realidad de sus afirmaciones o profundizar en el mismo. No hay solicitud de aclaraciones, ni confrontaci\u00f3n de sus incoherencias, ni menci\u00f3n alguna a cualquier motivo que pudiera disgustar al entrevistado o indignar al espectador. En todo momento el entrevistador alaba sin recato al entrevistado, llegando a la adulaci\u00f3n: no hay disputa posible respecto a su categor\u00eda, lo \u00fanico que parece importarnos es aprender del personaje, conocer su discurso (no juzgarlo), regodearnos en su grandeza y escuchar.<\/p><p>Soler Serrano deja hablar a Sender, sin entrecortarle ni dirigirle. Son largos soliloquios, donde intuimos que el escritor fabula constantemente, relativiza todo aquello donde no le interesa profundizar, e incluso elude descaradamente episodios o periodos completos de su biograf\u00eda que por si mismos justificar\u00edan la entrevista. El periodista solo aparece para apoyarle en aquellos momentos donde parece que pierde el hilo, para recalcar el camino que el propio entrevistado establece o para abrir nuevos cap\u00edtulos donde indagar. En cierto modo es una entrevista decepcionante, pues no encontramos la narraci\u00f3n o la explicaci\u00f3n de todos aquellos episodios o controversias que a priori nos gustar\u00eda conocer en un di\u00e1logo con Ramon J. Sender. Pero por otro lado tenemos la suerte (y ambos lo saben) de estar ante un ejercicio de gran valor documental, un momento atemporal, ante una oportunidad (probablemente irrepetible) de conversar con alguien de enorme trascendencia.<\/p><p>La m\u00e9dula argumental de la entrevista es la necesidad de pasar p\u00e1gina, de olvidar todo aquello que nos puede hacer da\u00f1o y avanzar hacia una modernizada Espa\u00f1a en paz, pero \u201ccon justicia social creciente\u201d (01:05:20). Tenemos la sensaci\u00f3n de que Sender busca amoldarse ideol\u00f3gicamente a las indicaciones que va marcando Soler Serrano, sin ser este tampoco demasiado inquisitivo (Soler Serrano: \u201cesa d\u00e9cada de los 30 nos trajo la guerra, le trajo despu\u00e9s a usted el exilio\u201d (50:55), \u201ccree que los intelectuales no son por general buenos pol\u00edticos\u201d (47:45), \u201custed cree que la lecci\u00f3n aprendida, sobre todo en tantos a\u00f1os de exilio, es que una Espa\u00f1a unida, una Espa\u00f1a en convivencia, una Espa\u00f1a en paz, puede dar un paso de gigante\u201d (57:42), \u201chacemos votos porque esa Espa\u00f1a pr\u00f3xima, inmediata, en concordia, para todos los espa\u00f1oles sea una realidad pronto y para siempre\u201d (01:05:05) ). El escritor desea ser aceptado en esa nueva Espa\u00f1a, lo \u00faltimo que quiere ser es un elemento disruptivo. As\u00ed la mayor parte de la entrevista transcurre en la narraci\u00f3n de una infancia y juventud ut\u00f3pica y feliz, que ambos glosan generosamente. Sender desdramatiza sus anteriores posicionamientos ideol\u00f3gicos. Presenta su anarquismo como un pecado de juventud, en realidad lo que siempre ha amado es la libertad. Con ayuda de Soler Serrano se presenta como un personaje independiente, solitario, nada gregario. La rep\u00fablica solo se menciona negativamente y la guerra directamente se elude, el exilio es \u00fanicamente un camino de \u00e9xito para el intelectual. No hay referencias al franquismo, la censura o sus dramas personales. Constantemente intenta mostrar un distanciamiento incomodo respecto a la pol\u00edtica o los pol\u00edticos. \u201cNo quiero saber absolutamente nada que huela a discrepancias de razones, motivos pol\u00edticos, [\u2026] de pol\u00edtica de partidos no s\u00e9 absolutamente nada\u201d (56:40). Solo quiere una Espa\u00f1a en paz donde todos prescindamos de nuestros radicales puntos de vista. Elogia constantemente el progreso actual de Madrid y la propia Espa\u00f1a, de la sociedad vigente. Pero en numerosos momentos atisbamos que debajo de ese discurso late aun un compromiso pol\u00edtico que no desea mostrar. Critica a la Rep\u00fablica, pero alaba a Prieto o a Pablo Iglesias. Hay un momento en que se emociona cuando Soler Serrano trata de profundizar, pero rechaza entrar en asuntos m\u00e1s escabrosos: \u201cel pudor de lo tr\u00e1gico- y no debemos hablar de esas cosas\u201d (44:36). Al final reconoce que la libertad es el centro de su vida, sin molestar a nadie, pero que siempre tomar\u00eda ese camino final. Alaba la libertad de pensamiento que ha disfrutado en Am\u00e9rica. Durante toda la entrevista se ha mostrado nervioso, forzando su simpat\u00eda y sencillez, pero siempre al borde de la emoci\u00f3n. Incluso podr\u00edamos pensar que Sender est\u00e1 realizando un ejercicio de contrici\u00f3n del que no est\u00e1 muy orgulloso.<\/p><p>La entrevista es larga, m\u00e1s all\u00e1 de la hora y no parece estar editada. Soler Serrano la inicia con una amplia introducci\u00f3n al personaje, en un estilo \u00e9pico y po\u00e9tico, totalmente elogioso: \u201cilustre espa\u00f1ol\u201d, \u201ccerebro de las am\u00e9ricas\u201d, \u201cglorioso\u201d, \u201cestupenda y soberana integridad que le ha hecho querido y estimado por todos\u201d. Su estructura es cronol\u00f3gica, va enumerando diferentes efem\u00e9rides que den pie a las reflexiones del entrevistado. Finaliza con consideraciones m\u00e1s generales. Las intervenciones de Soler Serrano tienen profundidad, est\u00e1n muy documentadas y utiliza un lenguaje sencillo, claro, pero culturizante, intentando cierto lucimiento cada vez que interviene. Eso s\u00ed, sin pedanter\u00eda. El ambiente es distendido, siempre amable, con la sonrisa en la boca, sus preguntas e intrusiones tienden a ser breves y directas, busca que el personaje se explaye. No hay ning\u00fan momento en que contradiga o enfrente al entrevistado, hay una clara simbiosis entre ambos. Estamos ante una entrevista del tipo semblanza, biogr\u00e1fica, ejecutada mediante una conversaci\u00f3n abierta, cordial. En todo momento Soler Serrano parece conocer las aristas del personaje, su objetivo no es tanto extraerle informaci\u00f3n sino ilustrar, presentarle ante el p\u00fablico.<\/p><p>\u00a0\u00a0\u00a0\u00a0\u00a0\u00a0\u00a0\u00a0\u00a0\u00a0\u00a0 Por su parte, la entrevista de I\u00f1aki Gabilondo a Jos\u00e9 Luis Sampedro<a href=\"#_ftn3\" name=\"_ftnref3\">[3]<\/a> se emiti\u00f3 el 23 de junio de 2011. En un momento dado aluden a la publicaci\u00f3n de un art\u00edculo de Manuel Vicent<a href=\"#_ftn4\" name=\"_ftnref4\">[4]<\/a>, con lo que intuimos que fue realizada el 6 o el 7 de junio. Conocer en este caso su fecha de realizaci\u00f3n es esencial. Estamos en medio de la crisis econ\u00f3mica, en plena explosi\u00f3n del movimiento 15M, con las acampadas vigentes en plazas de toda Espa\u00f1a y una enorme efervescencia pol\u00edtica. Aqu\u00ed el hilo argumental ser\u00e1n precisamente todos esos debates ideol\u00f3gicos y consignas que se est\u00e1n dando en las plazas. Sampedro se nos presenta como una referencia de la mayor\u00eda de esas reivindicaciones, pero sorprendentemente ambos eluden mencionar la actualidad que est\u00e1 sucediendo en las calles. Algo parad\u00f3jico, pues el propio escritor ha elaborado la introducci\u00f3n a la edici\u00f3n espa\u00f1ola del <em>Indignados <\/em>de St\u00e9phane Hessel, biblia del movimiento. Es m\u00e1s, solo hay un pasaje donde hablan al 15M, y de forma algo despectiva: Gabilondo se refiere a \u201cla rebeli\u00f3n de estos chicos\u201d, a lo que Sampedro r\u00e1pidamente matiza \u201ccon la que estoy completamente, ya lo he dicho\u201d (32:06).<\/p><p>Gabilondo inicia la entrevista con dos preguntas que son toda una declaraci\u00f3n de intenciones: \u201c\u00bfQu\u00e9 ocurrir\u00e1? \u00bfQu\u00e9 cabe vaticinar que ocurra?\u201d (00:01). Nos presenta brevemente a un anciano de 94 a\u00f1os que para \u00e9l es un referente \u00e9tico e intelectual, adem\u00e1s de dejar claro desde un principio que les une una relaci\u00f3n de amistad. Sampedro se muestra muy locuaz durante toda la entrevista, Gabilondo apenas interviene m\u00e1s que para enunciar preguntas cortas y directas, en ocasiones solicitando una aclaraci\u00f3n a las afirmaciones del invitado. Hay un primer bloque de la entrevista donde indagan respecto a la trayectoria, primero profesional y luego literaria de Sampedro. Con la m\u00e1xima educaci\u00f3n, Gabilondo busca en ocasiones enfrentar al personaje a sus propias contradicciones; \u201cCu\u00e1ndo te ves en ese pasado, \u00bfQu\u00e9 Jos\u00e9 Luis Sampedro ves?\u201d (06:40), \u201ccuesta imaginar a Jos\u00e9 Luis Sampedro como subdirector general de un banco, \u00bfno?\u201d (07:40). El segundo bloque de la entrevista se destina a desgranar las opiniones del entrevistado respecto a esos debates y consignas que est\u00e1n en la calle, pero desde una perspectiva general y atemporal, se busca claramente desligar la conversaci\u00f3n del d\u00eda a d\u00eda. Probablemente, como en el caso anterior, estemos ante una entrevista en la que ambos saben que tiene un marcado car\u00e1cter hist\u00f3rico, de legado, un valor documental. Sampedro est\u00e1 en la recta final de su vida y ya no se prodiga en los medios. Denuncia la deriva del capitalismo, pero se muestra muy cauto a la hora de asegurar hacia d\u00f3nde va, enfatiza la necesidad de educarse a uno mismo, de alcanzar un pensamiento cr\u00edtico, profetiza la transformaci\u00f3n profunda de la sociedad y el ser humano en una nueva era tecnol\u00f3gica. Es optimista ante el futuro, cree que existen m\u00e1rgenes suficientes para una evoluci\u00f3n democr\u00e1tica y en libertad. Considera desfasada la pol\u00edtica y los pol\u00edticos, anunciando la necesidad de un nuevo lenguaje. Durante toda la entrevista mantiene un discurso l\u00facido, fluido y repleto de constantes referencias a la \u00e9tica, la filosof\u00eda o la ciencia. Se ve c\u00f3modo en el papel de rebelde comprometido, en palabras de Gabilondo de ser \u201cla mente l\u00facida m\u00e1s joven de Espa\u00f1a\u201d (01:05). En definitiva, de ejercer como una especie de faro para generaciones m\u00e1s j\u00f3venes. En esta l\u00ednea ir\u00e1 su mensaje final: \u201ccuando te ocurra algo que no quieres, dite a ti mismo no, y si puedes di hacia fuera no, y si puedes dile en la cara al que lo hace: no. Si no puedes, por lo menos sigue viviendo en el no. Se puede ser m\u00e1s libre con el pensamiento dentro de un calabozo que ser comprado como primer ministro de un tirano importante\u201d (43:48).<\/p><p>Sampedro es un personaje blanco, quiz\u00e1 sin las contradicciones o necesidades que reflej\u00e1bamos en el caso de Sender. Refleja mayor verisimilitud y confianza en sus reflexiones. Tambi\u00e9n estamos ante una entrevista larga, relajada, pausada y reflexiva, que no parece estar editada. Gabilondo mantiene siempre un tono muy cercano al invitado, con un lenguaje muy claro y directo e interviniendo m\u00ednimamente. Evita todo tipo de artificialidad, consiguiendo crear una burbuja de conversaci\u00f3n entre dos amigos, dejando que su entrevistado sea el que abone las afirmaciones, mientras desconocemos cual es su posicionamiento. Detr\u00e1s de sus preguntas encontramos dudas respecto al entramado l\u00f3gico del invitado, busca que este se explique, que desarrolle su discurso. Vemos que hay una fuerte preparaci\u00f3n detr\u00e1s, pero no deja que su visi\u00f3n del personaje se imponga. Su estilo es suave, trasmite un deseo de aprender y cierta capacidad de sorpresa y empat\u00eda con lo que escucha.<\/p><p>\u00a0\u00a0\u00a0\u00a0\u00a0\u00a0\u00a0\u00a0\u00a0\u00a0\u00a0 Es dif\u00edcil elaborar una comparaci\u00f3n entre las t\u00e9cnicas period\u00edsticas de Soler Serrano y Gabilondo. En el fondo encontramos m\u00e1s coincidencias que diferencias. Seguramente el mayor contraste entre ambos venga determinado por los diferentes contextos temporales en los que han desarrollado sus carreras. Soler Serrano es un periodista que, por afinidad, y probablemente por necesidad, centr\u00f3 su actividad en el entretenimiento y la divulgaci\u00f3n cultural. Gabilondo ha podido desarrollar una carrera m\u00e1s amplia, siendo un excelente analista y entrevistador pol\u00edtico, cultural y social. Ambos tienen un estilo amable, poco incisivo, muy respetuoso con sus invitados. Es pr\u00e1cticamente imposible encontrarles un momento en que pierdan la compostura pese a la provocaci\u00f3n de sus invitados o la urgencia del momento (dos ejemplos: la entrevista de <em>A fondo<\/em> a Francisco Umbral u otra de los informativos de Cuatro a Esperanza Aguirre). Son profesionales que preparan muy bien sus entrevistas, las elaboran con enorme seguridad y confianza, est\u00e1n perfectamente estructuradas, y buscan reflejar la voz de sus invitados, con entrevistas abiertas y extensas, evitando su lucimiento personal. Ambos, diferencias t\u00e9cnicas mediante, buscan un tipo de conversaci\u00f3n en burbuja, estableciendo un espacio cerrado de di\u00e1logo, de intimidad y confianza. Son conscientes del p\u00fablico, pero este no existe.<\/p><p>Hay naturalmente diferencias que vienen marcadas m\u00e1s por el \u201cestilo de cada \u00e9poca\u201d. As\u00ed la expresi\u00f3n y el tono de Soler Serrano es m\u00e1s recargado, m\u00e1s ret\u00f3rico y literario. Gabilondo usa un estilo muy sencillo y comprensible, es muy dif\u00edcil encontrarle una met\u00e1fora, un cultismo o una adjetivaci\u00f3n excesiva. Soler Serrano denota tambi\u00e9n mayor trascendencia en su mensaje, es m\u00e1s \u00e9pico y en cierto modo solemne, mientras Gabilondo se cuida mucho de imponer opini\u00f3n en sus entrevistas o aseverar enf\u00e1ticamente. \u00a0<\/p><p>En todo caso, estamos ante dos comunicadores que consiguen dar a su trabajo una atmosfera y un valor atemporal. Los dos ejemplos que hemos analizado nos demuestran como a\u00f1os despu\u00e9s de cada una de estas entrevistas, aun podemos dialogar con ellas y encontrar m\u00faltiples matices e informaci\u00f3n.<\/p><p><a href=\"#_ftnref1\" name=\"_ftn1\">[1]<\/a> <em>Destituido el director de los servicios informativos de Televisi\u00f3n Espa\u00f1ola. <\/em>EL PAIS. 22 MAYO 1981. <a href=\"https:\/\/elpais.com\/diario\/1981\/05\/22\/espana\/359330409_850215.html\">https:\/\/elpais.com\/diario\/1981\/05\/22\/espana\/359330409_850215.html<\/a><\/p><p><a href=\"#_ftnref2\" name=\"_ftn2\">[2]<\/a> SOLER SERRANO, J. <em>Ramon J. Sender. <\/em>A Fondo. 4 de julio 1976*. En <a href=\"https:\/\/www.rtve.es\/alacarta\/videos\/a-fondo\/ramon-sender-fondo-1976\/1204959\/\">https:\/\/www.rtve.es\/alacarta\/videos\/a-fondo\/ramon-sender-fondo-1976\/1204959\/<\/a>\u00a0 (* el archivo tiene un problema de visualizaci\u00f3n, hay que bajar su calidad a \u201cmedia\u201d para poder escuchar su sonido)<\/p><p><a href=\"#_ftnref3\" name=\"_ftn3\">[3]<\/a> GABILONDO, I. <em>Jos\u00e9 Luis Sampedro. <\/em>I\u00f1aki. Canal +. 23 junio 2011. En <a href=\"https:\/\/www.youtube.com\/watch?v=97cJuC2EJAw\">https:\/\/www.youtube.com\/watch?v=97cJuC2EJAw<\/a><\/p><p><a href=\"#_ftnref4\" name=\"_ftn4\">[4]<\/a> VICENT, M. <em>Coraje. <\/em>El Pa\u00eds. 5 junio 2011. En <a href=\"https:\/\/elpais.com\/diario\/2011\/06\/05\/ultima\/1307224801_850215.html\">https:\/\/elpais.com\/diario\/2011\/06\/05\/ultima\/1307224801_850215.html<\/a><\/p>\t\t\t\t\t\t<\/div>\n\t\t\t\t<\/div>\n\t\t\t\t\t<\/div>\n\t\t<\/div>\n\t\t\t\t\t\t\t<\/div>\n\t\t<\/section>\n\t\t\t\t\t\t\t<\/div>\n\t\t","protected":false},"excerpt":{"rendered":"<p>COMPARATIVA: JOAQU\u00cdN SOLER SERRANO, I\u00d1AKI GABILONDO En 1999 Radio Barcelona celebr\u00f3 su 75 aniversario y los Premios Ondas de aquel<\/p>\n","protected":false},"author":1,"featured_media":2591,"comment_status":"closed","ping_status":"closed","sticky":false,"template":"","format":"standard","meta":{"colormag_page_layout":"no_sidebar_full_width","footnotes":""},"categories":[59],"tags":[55,52],"class_list":["post-2590","post","type-post","status-publish","format-standard","has-post-thumbnail","hentry","category-historia","tag-personajes","tag-recension"],"_links":{"self":[{"href":"https:\/\/www.jesusprieto.es\/index.php\/wp-json\/wp\/v2\/posts\/2590","targetHints":{"allow":["GET"]}}],"collection":[{"href":"https:\/\/www.jesusprieto.es\/index.php\/wp-json\/wp\/v2\/posts"}],"about":[{"href":"https:\/\/www.jesusprieto.es\/index.php\/wp-json\/wp\/v2\/types\/post"}],"author":[{"embeddable":true,"href":"https:\/\/www.jesusprieto.es\/index.php\/wp-json\/wp\/v2\/users\/1"}],"replies":[{"embeddable":true,"href":"https:\/\/www.jesusprieto.es\/index.php\/wp-json\/wp\/v2\/comments?post=2590"}],"version-history":[{"count":4,"href":"https:\/\/www.jesusprieto.es\/index.php\/wp-json\/wp\/v2\/posts\/2590\/revisions"}],"predecessor-version":[{"id":2595,"href":"https:\/\/www.jesusprieto.es\/index.php\/wp-json\/wp\/v2\/posts\/2590\/revisions\/2595"}],"wp:featuredmedia":[{"embeddable":true,"href":"https:\/\/www.jesusprieto.es\/index.php\/wp-json\/wp\/v2\/media\/2591"}],"wp:attachment":[{"href":"https:\/\/www.jesusprieto.es\/index.php\/wp-json\/wp\/v2\/media?parent=2590"}],"wp:term":[{"taxonomy":"category","embeddable":true,"href":"https:\/\/www.jesusprieto.es\/index.php\/wp-json\/wp\/v2\/categories?post=2590"},{"taxonomy":"post_tag","embeddable":true,"href":"https:\/\/www.jesusprieto.es\/index.php\/wp-json\/wp\/v2\/tags?post=2590"}],"curies":[{"name":"wp","href":"https:\/\/api.w.org\/{rel}","templated":true}]}}