{"id":2506,"date":"2020-04-19T17:46:02","date_gmt":"2020-04-19T17:46:02","guid":{"rendered":"http:\/\/www.jesusprieto.es\/?p=2506"},"modified":"2021-03-23T20:12:58","modified_gmt":"2021-03-23T20:12:58","slug":"javier-moreno-luzon-coord-alfonso-xiii-un-politico-en-el-trono","status":"publish","type":"post","link":"https:\/\/www.jesusprieto.es\/index.php\/2020\/04\/19\/javier-moreno-luzon-coord-alfonso-xiii-un-politico-en-el-trono\/","title":{"rendered":"JAVIER MORENO LUZ\u00d3N (COORD.)  ALFONSO XIII. UN POL\u00cdTICO EN EL TRONO"},"content":{"rendered":"\t\t<div data-elementor-type=\"wp-post\" data-elementor-id=\"2506\" class=\"elementor elementor-2506\">\n\t\t\t\t\t\t\t\t\t<section class=\"elementor-section elementor-top-section elementor-element elementor-element-c5b3df6 elementor-section-boxed elementor-section-height-default elementor-section-height-default\" data-id=\"c5b3df6\" data-element_type=\"section\">\n\t\t\t\t\t\t<div class=\"elementor-container elementor-column-gap-default\">\n\t\t\t\t\t<div class=\"elementor-column elementor-col-100 elementor-top-column elementor-element elementor-element-55a160c\" data-id=\"55a160c\" data-element_type=\"column\">\n\t\t\t<div class=\"elementor-widget-wrap elementor-element-populated\">\n\t\t\t\t\t\t\t\t<div class=\"elementor-element elementor-element-8c38023 elementor-widget elementor-widget-heading\" data-id=\"8c38023\" data-element_type=\"widget\" data-widget_type=\"heading.default\">\n\t\t\t\t<div class=\"elementor-widget-container\">\n\t\t\t<h2 class=\"elementor-heading-title elementor-size-default\">JAVIER MORENO LUZ\u00d3N (COORD.)  ALFONSO XIII. UN POL\u00cdTICO EN EL TRONO<\/h2>\t\t<\/div>\n\t\t\t\t<\/div>\n\t\t\t\t\t<\/div>\n\t\t<\/div>\n\t\t\t\t\t\t\t<\/div>\n\t\t<\/section>\n\t\t\t\t<section class=\"elementor-section elementor-top-section elementor-element elementor-element-6cc7d76 elementor-section-boxed elementor-section-height-default elementor-section-height-default\" data-id=\"6cc7d76\" data-element_type=\"section\">\n\t\t\t\t\t\t<div class=\"elementor-container elementor-column-gap-default\">\n\t\t\t\t\t<div class=\"elementor-column elementor-col-100 elementor-top-column elementor-element elementor-element-b02e3ea\" data-id=\"b02e3ea\" data-element_type=\"column\">\n\t\t\t<div class=\"elementor-widget-wrap elementor-element-populated\">\n\t\t\t\t\t\t\t\t<div class=\"elementor-element elementor-element-f0f6665 elementor-widget elementor-widget-text-editor\" data-id=\"f0f6665\" data-element_type=\"widget\" data-widget_type=\"text-editor.default\">\n\t\t\t\t<div class=\"elementor-widget-container\">\n\t\t\t\t\t\t\t<p>Procedo a realizar la recensi\u00f3n de la obra colectiva <em>Alfonso XIII. Un pol\u00edtico en el trono<a href=\"#_ftn1\" name=\"_ftnref1\"><strong>[1]<\/strong><\/a><\/em>, editada en Madrid por Marcial Pons, Ediciones de Historia. Estamos ante una obra coordinada por el catedr\u00e1tico de Historia del Pensamiento y los Movimientos Sociales y Pol\u00edticos de la Universidad Complutense, Javier Moreno Luz\u00f3n. En ella han participado otros once investigadores espa\u00f1oles y estadounidenses. He utilizado la primera edici\u00f3n de 2003, compuesta por 470 p\u00e1ginas.<\/p><p>En el marco del centenario de su mayor\u00eda de edad y asunci\u00f3n del trono, dos fueron las principales novedades bibliogr\u00e1ficas sobre Alfonso XIII. La primera, una biograf\u00eda can\u00f3nica elaborada por Javier Tusell y Genoveva Queipo de Llano<a href=\"#_ftn2\" name=\"_ftnref2\">[2]<\/a>, y la segunda es el volumen con el que nos encontramos. En el mismo Pr\u00f3logo nos presentan sus intenciones: \u201cafrontar un nuevo an\u00e1lisis del personaje desde distintos puntos de vista que giran en torno al eje com\u00fan de la pol\u00edtica, [aprovechando] las fuentes accesibles y [abordando] las cuestiones fundamentales de modo sint\u00e9tico con el fin de extraer conclusiones significativas, a menudo en desacuerdo con las tesis al uso sobre el Rey.\u201d \u00a0(p. 14). De este modo estructuran la obra en trece ensayos tem\u00e1ticos, no cronol\u00f3gicos, independientes los unos de los otros, que van analizando diferentes aspectos de la actuaci\u00f3n pol\u00edtica del monarca en diferentes \u00e1mbitos. Nos encontramos ante doce especialistas en el periodo que consiguen dotar al volumen de una gran variedad de puntos de vista.<\/p><p>Su editor, Javier Moreno Luz\u00f3n, es un especialista en la vida pol\u00edtica de la Espa\u00f1a de la Restauraci\u00f3n. Se dio a conocer en 1998 con una biograf\u00eda del Conde de Romanones, y desde ese momento ha publicado numerosas monograf\u00edas sobre el reinado de Alfonso XIII, la clase pol\u00edtica y la sociedad de la Restauraci\u00f3n, e incluso historias generales sobre el periodo. \u00c9l mismo firma el Pr\u00f3logo y dos cap\u00edtulos de la obra, el Estado de la Cuesti\u00f3n que la inaugura y el dedicado a la relaci\u00f3n del monarca con los liberales.<\/p><p>Tras el Estado de la Cuesti\u00f3n de Moreno Luz\u00f3n, Morgan C. Hall firma un cap\u00edtulo dedicado a la construcci\u00f3n pol\u00edtica de la imagen del monarca. Hall es un diplom\u00e1tico e historiador estadounidense, especializado en el papel de las monarqu\u00edas en las sociedades liberales europeas del siglo XIX. Alumno de Edward Malefakis, el mismo a\u00f1o 2003, present\u00f3 una biograf\u00eda de Alfonso XIII<a href=\"#_ftn3\" name=\"_ftnref3\">[3]<\/a> traducida posteriormente al espa\u00f1ol.<\/p><p>A continuaci\u00f3n, la exministra y actual Catedr\u00e1tica de Historia del Pensamiento de los Movimientos Sociales y Pol\u00edticos en la Complutense, Mercedes Cabrera indaga sobre el papel constitucional de Alfonso XIII. Cabrera es especialista en Historia Contempor\u00e1nea, con numerosas publicaciones sobre el parlamento de la Restauraci\u00f3n, la patronal y los empresarios, o biograf\u00edas como la de Juan March.<\/p><p>Mar\u00eda Jes\u00fas Gonz\u00e1lez Hern\u00e1ndez analiza la relaci\u00f3n del rey con el partido, los gobiernos y los principales jefes conservadores. Gonz\u00e1lez Hern\u00e1ndez es Catedr\u00e1tica de Historia Moderna en la Universidad de Cantabria. Especialista en la historia pol\u00edtica durante el reinado de Alfonso XIII, su obra m\u00e1s conocida son dos trabajos sobre Antonio Maura de 1990 y 1997.<\/p><p>Tras el cap\u00edtulo dedicado por Moreno Luz\u00f3n a los liberales, Pedro Gonz\u00e1lez Cuevas investiga la trascendencia del ceremonial y los cortesanos durante el reinado. Gonz\u00e1lez Cuevas es Profesor Titular de Historia de las Ideas Pol\u00edticas y de Historia del Pensamiento Espa\u00f1ol en la UNED. Su campo de especializaci\u00f3n es la historia de la derecha y el conservadurismo en Espa\u00f1a, siendo muy conocidas sus biograf\u00edas sobre Ramiro de Maeztu y Gonzalo Fern\u00e1ndez de la Mora.<\/p><p>Carolyn P. Boyd fue una prestigiosa hispanista californiana especializada en el militarismo y la vida pol\u00edtica espa\u00f1ola contempor\u00e1nea, en la construcci\u00f3n de identidad nacional a trav\u00e9s de la pol\u00edtica educativa y en el estudio del nacionalismo en relaci\u00f3n con el catolicismo. En este volumen firm\u00f3 el cap\u00edtulo dedicado a la relaci\u00f3n de Alfonso XIII con el estamento militar.<\/p><p>Antonio Ni\u00f1o analiza el papel del monarca en las Relaciones Internacionales y la pol\u00edtica exterior. Ni\u00f1o es Catedr\u00e1tico de Historia Moderna y Contempor\u00e1nea de la Universidad Complutense. Su especialidad es la historia de la propaganda y la diplomacia durante el siglo XX, en concreto las relaciones de Espa\u00f1a con EEUU, Francia y Am\u00e9rica Latina. Tambi\u00e9n tiene numerosas publicaciones dedicadas a la historia de las relaciones culturales internacionales.<\/p><p>Las relaciones con la iglesia y su autoafirmaci\u00f3n como Rey Cat\u00f3lico son tratadas por Julio de la Cueva Merino. Profesor Titular de Historia en la Universidad de Castilla La Mancha, ha centrado sus investigaciones en el catolicismo y el laicismo en la Espa\u00f1a del siglo XX, sobre todo en el anticlericalismo y el conflicto pol\u00edtico-religioso durante la II Rep\u00fablica y la Guerra Civil.<\/p><p>Santos Juli\u00e1 indaga sobre la relaci\u00f3n del monarca con los intelectuales. Fue uno de los historiadores m\u00e1s conocidos de Espa\u00f1a, especializado en la Historia Social y del Pensamiento Pol\u00edtico del siglo XX, con incidencia en la II Rep\u00fablica o figuras como Manuel Aza\u00f1a.<\/p><p>El papel de Alfonso XIII durante la dictadura de Primo de Rivera y el final de su reinado son investigados por Jos\u00e9 Luis G\u00f3mez-Navarro y Miguel Martorell Linares. G\u00f3mez-Navarro es Profesor Titular de Historia Econ\u00f3mica y Social Moderna y Contempor\u00e1nea de Espa\u00f1a en la UNED. Tras una tesis basada en el impacto comparado de la dictadura de Primo de Rivera, ha publicado trabajos sobre parlamentarismo, militares y pensamiento conservador de la Espa\u00f1a de la Restauraci\u00f3n. Martorell tambi\u00e9n es Profesor Titular de Historia Pol\u00edtica y Social en la UNED. Esta especializado en historia econ\u00f3mica y pol\u00edtica de la Espa\u00f1a contempor\u00e1nea, llegando a firmar un manual de Historia Pol\u00edtica y Social de Espa\u00f1a con Santos Juli\u00e1.<\/p><p>Por \u00faltimo, Eduardo Gonz\u00e1lez Calleja firma el cap\u00edtulo dedicado al exilio de Alfonso XIII. Catedr\u00e1tico de Historia Contempor\u00e1nea de la Universidad Carlos III, sus principales \u00e1mbitos de investigaci\u00f3n han sido la violencia pol\u00edtica en la Espa\u00f1a Contempor\u00e1nea, la evoluci\u00f3n de los grupos de extrema derecha y fascistas en Europa de entreguerras, la II Rep\u00fablica e incluso la dictadura de Primo de Rivera.<\/p><p>Como dec\u00edamos, la estructura de la obra no es cronol\u00f3gica o lineal. Estamos ante trece ensayos que buscan romper con \u201clas visiones monol\u00edticas de Alfonso XIII\u201d (p.15), d\u00e1ndonos la oportunidad de asomarnos a los principales hitos de su reinado desde los diferentes puntos de vista de algunos de los principales especialistas en la materia.<\/p><p>A la hora de analizar el contenido de la obra, en lugar de ir cap\u00edtulo por cap\u00edtulo he preferido se\u00f1alar las conclusiones que podemos extraer del volumen. De ah\u00ed la amplia referencia que he hecho en el apartado anterior a su estructura en cap\u00edtulos y los principales intereses de cada autor, pues considero que ser\u00eda demasiado reiterativo ir en cada punto indicando a quien pertenece cada una de las opiniones. Me basar\u00e9 en el magn\u00edfico estado de la cuesti\u00f3n que inaugura el volumen, donde se establecen los principales debates en torno al personaje, e ir\u00e9 poco a poco detallando que tratamiento da el libro a los mismos, cual es la imagen que obtenemos de Alfonso XIII y como se posicionan respecto a estas controversias.\u00a0\u00a0<\/p><p>Para comenzar, si bien en sus intenciones los autores del volumen ya nos indican que buscan centrarse en su vertiente p\u00fablica, \u201cexcluyendo los siempre morbosos detalles de su vida privada\u201d (p.14), tambi\u00e9n encontramos continuamente reflejadas numerosas referencias a su car\u00e1cter, personalidad, forma de proceder, intereses privados o incluso circunstancias personales que pudieron influir en su toma de decisiones. En l\u00edneas generales, Alfonso XIII fue presentado como \u201csoldado, deportista, diplom\u00e1tico, hombre de Estado, hombre de negocios, hijo amant\u00edsimo, devoto padre de familia y apuesto gentleman moderno [pero] tambi\u00e9n se configur\u00f3 en la imaginaci\u00f3n popular como ni\u00f1o mimado, enfermo, bromista, aut\u00f3crata, mujeriego, especulador y dandy\u201d (p. 61). En el libro que tratamos, la imagen del monarca no sale precisamente bien parada, pues es definido continuamente como superficial, caprichoso, con un \u201ccar\u00e1cter fr\u00edvolo e intrigante\u201d (p.420), dubitativo, indiscreto, entrometido y algo embustero. Se llega a afirmar que carec\u00eda de \u201cun s\u00f3lido pensamiento ni de una elaborada ideolog\u00eda, y m\u00e1s bien tendiera a la superficialidad y a la elementalidad en sus an\u00e1lisis\u201d (p. 340), reflej\u00e1ndose tambi\u00e9n su antiintelectualismo superficial e irreflexivo. Es habitual que todos estos autores se refieran constantemente a \u201csu tendencia personal [\u2026] a manejar seg\u00fan su personal conveniencia varias alternativas pol\u00edticas de forma simult\u00e1nea, sin reparar en las contradicciones y las tensiones internas qu\u00e9 tal actitud pudiera generar\u201d (p. 413). La imagen que sacamos de Alfonso XIII es de un personaje orgulloso, ego\u00edsta a la hora de entender y establecer su papel, imprudente y condescendiente, con una \u201cinteligencia viva, pero poco reflexiva\u201d (p.247).<\/p><p>Junto con estos defectos de car\u00e1cter tambi\u00e9n se le reconoce en t\u00e9rminos generales buena intenci\u00f3n, basada en una personal\u00edsima concepci\u00f3n de amor a Espa\u00f1a y del papel encomendado. Se nos dice que \u201cdecidi\u00f3 anteponer los supuestos deberes para con Espa\u00f1a a la defensa del orden constitucional\u201d (p.110). Habr\u00eda actuado con la convicci\u00f3n de personalizar los deseos e intenciones de la verdadera opini\u00f3n p\u00fablica y ciudadan\u00eda frente a la clase pol\u00edtica o los estamentos sociales. Tambi\u00e9n hay cierta unanimidad en considerar que ayud\u00f3 a modernizar la imagen p\u00fablica de la propia corona, partiendo de la corte de Mar\u00eda Cristina, definida como un espacio anacr\u00f3nico, debido a su beater\u00eda, aislamiento y conservadurismo. La boda con Victoria Eugenia ayudar\u00e1 a modificar esta imagen, en la misma forma que su car\u00e1cter campechano, jovial, abierto y simp\u00e1tico, siempre dentro de un comportamiento acorde con los usos aristocr\u00e1ticos, pero del mismo modo configurando un personaje olig\u00e1rquico, estricto e inaccesible con un especial celo por remarcar constantemente la significaci\u00f3n y trascendencia de su figura. Por \u00faltimo, tambi\u00e9n se le reconoce independencia de actuaci\u00f3n y opini\u00f3n, frente a su entorno familiar, palaciego o pol\u00edtico.\u00a0 Eso s\u00ed, frente al tradicional mito de haber sido una simple marioneta en manos de la corte o la clase pol\u00edtica, del volumen podemos extraer la conclusi\u00f3n de que siempre mantuvo un ampl\u00edsimo margen de independencia en su actuaci\u00f3n y sus posicionamientos, frente a su entorno familiar, palaciego, pol\u00edtico o social, como, por ejemplo, denota su ejercicio de la pol\u00edtica exterior, donde se desmarca claramente de la desarrollada durante la regencia de su madre.<\/p><p>Hay unanimidad en destacar su falta de formaci\u00f3n, debido a numerosas carencias en su etapa educativa. La influencia religiosa y militar durante esta \u00e9poca ser\u00edan trascendentales en la construcci\u00f3n de la personalidad de Alfonso XIII y se reflejar\u00edan claramente en sus actuaciones posteriores. Tuvo una \u201ceducaci\u00f3n cortesano-aristocr\u00e1tica, clerical y militar\u201d (p.194), \u201cdirigida por militares y cl\u00e9rigos con idiosincrasia providencialista y voluntarista\u201d (p.116) y marcado acento conservador. De su etapa formativa tambi\u00e9n se destaca la influencia de su madre y t\u00edas, claras partidarias de una concepci\u00f3n absolutista y providencialista de su figura. Como resultado, no se le reconocer\u00e1n aspiraciones culturales o intelectuales, m\u00e1s all\u00e1 de cierta pasi\u00f3n por los inventos, la tecnolog\u00eda moderna, los transportes y la velocidad o los deportes.<\/p><p>Respecto a su pensamiento habr\u00eda transitado \u201cde un nacionalismo liberal con tintes regeneracionistas a un cierto nacional-catolicismo militarista y reaccionario\u201d (p.15). Pr\u00e1cticamente todos los autores reflejan esta evoluci\u00f3n, marcando 1917 como la frontera entre uno y otro. Si encontramos a un joven rey imbuido de un cierto liberalismo regeneracionista en sus primeros a\u00f1os, el rey adulto tomar\u00e1 claro partido apoy\u00e1ndose en aquellas instituciones y sectores sociales m\u00e1s conservadores y reaccionarios. Todos reflejan su obsesi\u00f3n a partir de esta fecha por evitar cualquier peligro revolucionario que pudiera cernirse sobre Espa\u00f1a. Tambi\u00e9n el final de la Gran Guerra acentuar\u00eda su visi\u00f3n antiparlamentarista y su desconfianza hacia el propio r\u00e9gimen constitucional. As\u00ed mismo su concepci\u00f3n del devenir de Espa\u00f1a estaba marcada por un regeneracionismo que pon\u00eda como gran objetivo la tarea de frenar la decadencia del pa\u00eds, incrementando el bienestar de sus habitantes, y recuperando su grandeza, sobre todo en el concierto internacional, y equiparando la misma al poder\u00edo militar y la expansi\u00f3n territorial.<\/p><p>Ejemplo de esta transici\u00f3n en su pensamiento ser\u00eda su relaci\u00f3n con la Iglesia Cat\u00f3lica. Si bien desde un principio muestra su orgullo de Rey Cat\u00f3lico, manteniendo una estricta continuidad a la hora de mostrarse como un perfecto cumplidor de la liturgia, mediante una mezcla de catolicismo primario y convencional, tambi\u00e9n es claro que en su vida personal la religiosidad dista mucho de configurarse como uno sus principales caracteres. As\u00ed la elecci\u00f3n de una princesa anglicana como consorte o su posible simpat\u00eda a medidas secularizadoras de sus primeros gobiernos liberales nos presentan a un monarca consciente de la necesidad de avanzar hacia una sociedad m\u00e1s laica. Pero ya desde 1911, con su protagonismo en el Congreso Eucar\u00edstico de Madrid, buscando la reconciliaci\u00f3n con el Vaticano, nos muestran un cambio en su postura p\u00fablica hacia la vinculaci\u00f3n de la Iglesia respecto a Espa\u00f1a y la propia monarqu\u00eda. Este cambio se radicalizar\u00e1 m\u00e1s adelante con episodios como la consagraci\u00f3n de Espa\u00f1a al Sagrado Coraz\u00f3n en 1919, su patrocinio sobre campa\u00f1as sociales de los sectores m\u00e1s reaccionarios de la Iglesia espa\u00f1ola en 1922, o su obstruccionismo a la hora de sancionar reformas secularizadoras del gobierno ese mismo a\u00f1o. Esta radicalizaci\u00f3n en su pensamiento llegar\u00e1 a sus m\u00e1ximos niveles durante su visita a Roma en 1923, donde realizar\u00e1 un discurso ante Pio XI, considerado como extempor\u00e1neo y radical. Desde ese momento, el compromiso entre la corona y la jerarqu\u00eda eclesi\u00e1stica queda indudablemente establecido como una de las principales bases del r\u00e9gimen.<\/p><p>Hay unanimidad entre todos los autores en definir su relaci\u00f3n con las Fuerzas Armadas: \u201cse ali\u00f3 repetidamente con el Ej\u00e9rcito, legitimando las pretensiones militares y retardando la vacilante evoluci\u00f3n hacia un r\u00e9gimen basado en la soberan\u00eda popular\u201d (p.223). Este habr\u00eda sido el gran error de su reinado, su desbordado militarismo. Sin ser el responsable del auge del pretorianismo durante su reinado, s\u00ed lo habr\u00eda agravado con su actitud. Desde muy joven estuvo convencido de su papel de rey-soldado y defensor del ejercito frente a los caprichos de los pol\u00edticos. Tras numerosas crisis entre ambos estamentos, esta simbiosis se acrecentar\u00e1 peligrosamente una vez comiencen los episodios junteros y la Guerra del Rif, donde siempre se posicionar\u00e1 del lado militar, actuando con total independencia de la opini\u00f3n y necesidades de sus diferentes gobiernos. Su actuaci\u00f3n torticera a la hora de favorecer unos u otros sectores del ej\u00e9rcito tambi\u00e9n es denunciada. En septiembre de 1923, con el golpe de Primo de Rivera, se llegar\u00e1 al cenit del compromiso entre monarqu\u00eda y ejercito como depositarios de la regeneraci\u00f3n nacional y defensores de los verdaderos intereses de la patria. Dicho pronunciamiento resultar\u00eda de la combinaci\u00f3n de debilidad civil y predisposici\u00f3n militar a intervenir en pol\u00edtica. Alfonso XIII habr\u00eda contribuido enormemente a ambas, y con su aquiescencia al mismo habr\u00eda dinamitado toda posibilidad de evoluci\u00f3n hacia un sistema civilista.<\/p><p>M\u00e1s discutido es su desempe\u00f1o como monarca constitucional. Si en ocasiones actuaba de forma perfectamente constitucional, en otras lo har\u00eda claramente al margen de la misma, acabando por imponerse sobre ella con la consagraci\u00f3n de la Dictadura. En la conclusi\u00f3n principal que podemos obtener pesa m\u00e1s el fracaso de la monarqu\u00eda doctrinaria, de un sistema incapaz de evolucionar hacia una parlamentarizaci\u00f3n democr\u00e1tica. Esto ser\u00eda debido principalmente a la fragilidad de los partidos pol\u00edticos y a un sistema electoral fraudulento basado en un caciquismo deslegitimador, que los propios partidos fueron incapaces de desmontar. Aun as\u00ed, tambi\u00e9n el papel de Alfonso XIII ser\u00eda fundamental en dicho fracaso. Ya desde su discurso inaugural asegura que \u201cla constituci\u00f3n pod\u00eda poner l\u00edmites al ejercicio del poder real, pero no a los deberes del monarca con su pueblo\u201d (p.87). No solo era su intenci\u00f3n, sino que la propia cosoberan\u00eda que establec\u00eda la constituci\u00f3n permiti\u00f3 el desbordamiento de su papel y su incapacidad para mantenerse en un mero poder moderador o en un monarca al estilo del que predicaba Bagehot. Sin la legitimaci\u00f3n electoral o la fuerza de los partidos existentes en un sistema como el brit\u00e1nico, la evoluci\u00f3n del espa\u00f1ol se ver\u00eda continuamente quebrantada, m\u00e1s a\u00fan con la presi\u00f3n que supon\u00eda la insubordinaci\u00f3n militar. M\u00e1s all\u00e1 de su intervenci\u00f3n en el liderazgo de los partidos, favoreciendo a unos u otros personajes, el uso de sus prerrogativas, o su intervenci\u00f3n directa en pol\u00edtica exterior, militar o de orden p\u00fablico, durante la segunda parte de su reinado dio reiteradas muestras de situarse a si mismo fuera de su papel constitucional. Sus discursos en la Real Academia de Medicina de 1916, en C\u00f3rdoba 1921 o en presencia de militares en Barcelona en 1922, nos presentan a un Jefe de Estado en rebeli\u00f3n abierta con las propias normas de funcionamiento del r\u00e9gimen. Ser\u00e1 el propio Alfonso XIII quien legitime la dictadura que rompe directamente el r\u00e9gimen constitucional, no solo al aceptar a Primo de Rivera, sino al negarse a convocar las Cortes como establec\u00eda el precepto constitucional. Y en ning\u00fan caso habr\u00eda apoyado intento alguno de reforma constitucional, pues consideraba como una obligaci\u00f3n imprescindible no modificar el sistema legado por su padre.<\/p><p>Durante todo el volumen se desarrolla su relaci\u00f3n con la clase pol\u00edtica y los diferentes partidos. Como regla general, los autores reconocen que gran parte de la culpabilidad del fracaso del sistema radic\u00f3 en la debilidad partidaria y su continuo fraccionalismo. Cuando Alfonso XIII se encontraba ante fuerzas unidas y respaldadas pol\u00edticamente, se plegaba a las mismas, reduciendo su intervenci\u00f3n. No obstante, estas habr\u00edan sido las m\u00ednimas ocasiones. En la gran mayor\u00eda se reconoce su abierta manipulaci\u00f3n a la hora de formar gobiernos y liderazgos en los partidos. Habr\u00eda buscado constantemente aquellos pol\u00edticos m\u00e1s d\u00f3ciles a su persona y prescindido de los inc\u00f3modos, provocando constantes crisis ministeriales y manejando las diferentes mayor\u00edas seg\u00fan su propia concepci\u00f3n de la opini\u00f3n p\u00fablica reinante. Habr\u00eda socavado constantemente sus gobiernos, siendo muy escasas las ocasiones en que los habr\u00eda respaldado en aquellos enfrentamientos contra otras instituciones como el ejercito o la iglesia, o sus propios intereses. En definitiva, con su actuaci\u00f3n habr\u00eda erosionado gravemente un sistema ya d\u00e9bil de por s\u00ed.<\/p><p>Parad\u00f3jicamente ser\u00edan los gobiernos conservadores quienes m\u00e1s habr\u00edan intentado mantener la corona dentro de sus funciones constitucionales, regulando su funcionamiento y poni\u00e9ndola al margen de la lucha pol\u00edtica diaria. Maura habr\u00eda sido el principal ejemplo de esta tendencia. Por el contrario, los liberales y reformistas habr\u00edan sido los m\u00e1s partidarios de que el monarca se excediera de sus funciones y tomara un papel m\u00e1s activo en el d\u00eda a d\u00eda pol\u00edtico. Canalejas representar\u00eda esta directriz, con su convicci\u00f3n de que dado el cuerpo electoral y el sistema de la Restauraci\u00f3n, solo la \u201creforma desde arriba\u201d ser\u00eda capaz de hacer evolucionar el sistema. Romanones, Garc\u00eda Prieto, o el primer Dato ser\u00edan ejemplos por su parte de pol\u00edticos acomodaticios a sus intereses, impulsados desde Palacio al liderazgo de sus partidos y del gobierno. Moret, el \u00faltimo Dato, Alba o Sanchez Guerra ser\u00edan ejemplos de lideres que intentaron imponerse al margen de dicho patrocinio real.<\/p><p>En todo caso la Dictadura tambi\u00e9n marca un punto de no retorno frente a la clase pol\u00edtica anterior. Pr\u00e1cticamente todos ellos abandonan al monarca, y tras 1930 ser\u00e1 pr\u00e1cticamente imposible su reincorporaci\u00f3n a un r\u00e9gimen herido de muerte. Tambi\u00e9n es parad\u00f3jicamente Primo de Rivera quien conseguir\u00e1, pese al papel esencial del rey en su consolidaci\u00f3n, limitar su papel y mantenerle en un segundo plano. Ser\u00e1 durante estos a\u00f1os cuando Alfonso XIII se vea m\u00e1s incapaz de intervenir en la vida pol\u00edtica, llegando a perder sucesivamente los diferentes pulsos a los que el dictador le somete, hasta casi el momento de su descomposici\u00f3n.<\/p><p>Respecto a diferentes episodios del reinado muy discutidos en la historiograf\u00eda, el volumen se muestra prudente en la mayor\u00eda de las ocasiones, evitando entrar de lleno en dichas pol\u00e9micas. As\u00ed, ante la ca\u00edda de Maura en 1909, se nos presenta a un Alfonso XIII que se habr\u00eda comportado correctamente, de manera perfectamente constitucional e incluso impelido a tomar una decisi\u00f3n contraria a su opini\u00f3n. De las conocidas como \u201ccrisis orientales\u201d de principio de su reinado, se pone m\u00e1s el \u00e9nfasis en el comportamiento y las luchas dentro de los partidos que sobre la participaci\u00f3n real, mientras por otro lado s\u00ed se pone mucho \u00e9nfasis en su intervenci\u00f3n directa en los \u00faltimos gobiernos antes de la dictadura. Salvo en contadas ocasiones, el libro no entra a discutir sobre la situaci\u00f3n patrimonial o los negocios del monarca, ni en su situaci\u00f3n matrimonial o familiar. Se refleja su total implicaci\u00f3n en la Guerra de Marruecos, si bien se discute que esta tuviera su patrocinio inicial. Tampoco se asegura, m\u00e1s bien se insin\u00faa, su responsabilidad en el Desastre de Annual, mediante el azuzamiento a Silvestre. Respecto al golpe de estado de 1923 se elude afirmar si Alfonso XIII tuvo un papel activo en su realizaci\u00f3n, pues se considera que hay demasiados datos que afirman sus deseos en los meses anteriores, as\u00ed como que la entusiasta ratificaci\u00f3n que hizo del mismo dejar\u00edan en irrelevante conocer o no su implicaci\u00f3n. Para terminar, los \u00faltimos meses de su reinado nos presentan a un monarca completamente desbordado, incapaz de corregir la trayectoria del r\u00e9gimen, si bien abierto a todo tipo de componendas y reformas que permitieran su mantenimiento. Aun as\u00ed, tambi\u00e9n en este momento, buena parte de estas soluciones habr\u00edan sido finalmente abortadas por su actitud dubitativa o caprichosa.<\/p><p>El cap\u00edtulo que nos habla del rey en el exilio quiz\u00e1 sea el que trasmita la imagen m\u00e1s negativa del mismo. Nos sit\u00faa ante un personaje orgulloso y mezquino, miserable con sus partidarios y su propia familia, preocupado \u00fanicamente por su legado y su futuro, incapaz de un gesto de grandeza que le solicitan desde todos lados.<\/p><p>El mejor resumen de la imagen que podemos tener del monarca tras terminar este libro se encuentra en su propia Introducci\u00f3n. All\u00ed Moreno Luz\u00f3n declara que Alfonso XIII fue \u201cun actor capaz de adoptar iniciativas y de llevarlas a cabo, cuyos cometidos y actitudes le permit\u00edan moldear algunas de las orientaciones esenciales del sistema pol\u00edtico, dentro o fuera del marco constitucional. Sin olvidar los l\u00edmites impuestos por las estructuras y por el comportamiento de otros participantes, [\u2026] no favoreci\u00f3, sino todo lo contrario, la conversi\u00f3n del r\u00e9gimen liberal de la Restauraci\u00f3n en un r\u00e9gimen parlamentario y democr\u00e1tico. Dado el lugar que ocupaba en el edificio institucional espa\u00f1ol, su postura, por ejemplo, en el terreno de las relaciones entre poder civil y poder militar, result\u00f3 decisiva\u201d (p.15)<\/p><p>Estamos ante un volumen que permite ampliar y reflexionar sobre los principales cap\u00edtulos del reinado de Alfonso XIII, y, ante todo, sobre su propia figura. No es un libro de divulgaci\u00f3n, ni una introducci\u00f3n al periodo. Al carecer de una estructura lineal o narrativa, y centrarse en divisiones conceptuales muy espec\u00edficas, su lectura requiere unos m\u00ednimos conocimientos previos del protagonista y su contexto. Pero en todo caso estamos ante una obra esplendida, probablemente fundamental a la hora de acercarse e investigar al personaje. Hay una clar\u00edsima labor de edici\u00f3n en la misma, no solo en la elecci\u00f3n de sus autores y contenidos, sino en procurar las m\u00ednimas repeticiones entre los diferentes cap\u00edtulos y probablemente en armonizar sus conclusiones. Sin esa labor de edici\u00f3n ser\u00eda muy dif\u00edcil haber conseguido la coherencia que desprende partiendo de tan diferentes objetivos y fuentes. Todos los cap\u00edtulos consiguen centrarse en la figura de Alfonso XIII en relaci\u00f3n a cada una de las materias. Quiz\u00e1 tan solo el de Santos Juli\u00e1 dedicado a los intelectuales, sea el \u00fanico que discrepe del tono general, ofreciendo m\u00e1s una perspectiva de conjunto que un an\u00e1lisis del personaje en particular. Tambi\u00e9n hay una clara apuesta por encontrar un tono divulgativo, y lo m\u00e1s objetivo posible, huyendo en todo momento tanto de la hagiograf\u00eda como de la denostaci\u00f3n. Continuamente se nos indican las diferentes hip\u00f3tesis sin miedo a presentar junto a ellas diferentes argumentos a su favor o en su contra.<\/p><p>Hay aciertos indudables en la elecci\u00f3n de los ensayos, introduciendo numerosos puntos de vista dif\u00edciles de encontrar en una biograf\u00eda al uso. As\u00ed, el Estado de la Cuesti\u00f3n que la inaugura, o los cap\u00edtulos sobre la imagen real, la relaci\u00f3n con la Corte o su papel en la pol\u00edtica exterior. Echamos en falta quiz\u00e1 algo de arrojo a la hora de enfrentarse de forma m\u00e1s directa a la situaci\u00f3n familiar, su econom\u00eda, su ocio o los diferentes condicionantes personales, tan importantes a la hora de definir al monarca. As\u00ed mismo, quedan fuera de foco tambi\u00e9n su relaci\u00f3n con otras fuerzas pol\u00edticas o sociales, m\u00e1s all\u00e1 de los partidos de turno o el Partido Reformista. Sindicatos, republicanos, socialistas o anarquistas no aparecen durante los textos mas que como elementos muy secundarios. El subtitulo del libro refleja claramente que quiere centrarse en la labor pol\u00edtica del Rey, pero personalmente hecho en falta mayor atenci\u00f3n a otros aspectos sociales o culturales.<\/p><p>La redacci\u00f3n de todos los cap\u00edtulos es clara, muy cuidada, y est\u00e1 suficientemente documentada. La bibliograf\u00eda es m\u00e1s que suficiente en su extensi\u00f3n y calidad. \u00a0Quiz\u00e1 peca de exceso de concreci\u00f3n. Un volumen de estas caracter\u00edsticas hubiera merecido mucha mayor amplitud y tama\u00f1o. Pr\u00e1cticamente todos sus cap\u00edtulos deber\u00edan haberse desarrollado con mayor detalle.<\/p><p><a href=\"#_ftnref1\" name=\"_ftn1\">[1]<\/a> MORENO LUZ\u00d3N, J (ed.)- <em>Alfonso XIII. Un pol\u00edtico en el trono. <\/em>2003. Madrid. Marcial Pons, Ediciones de Historia.<\/p><p><a href=\"#_ftnref2\" name=\"_ftn2\">[2]<\/a> GARCIA QUEIPO DE LLANO, G; TUSELL, J- <em>Alfonso XIII. El Rey pol\u00e9mico. <\/em>2012. Madrid. Taurus<\/p><p><a href=\"#_ftnref3\" name=\"_ftn3\">[3]<\/a> HALL, M.C.- <em>Alfonso XIII y el ocaso de la monarqu\u00eda liberal 1902-1923. <\/em>2006. Madrid. Alianza Ensayo.<\/p>\t\t\t\t\t\t<\/div>\n\t\t\t\t<\/div>\n\t\t\t\t\t<\/div>\n\t\t<\/div>\n\t\t\t\t\t\t\t<\/div>\n\t\t<\/section>\n\t\t\t\t\t\t\t<\/div>\n\t\t","protected":false},"excerpt":{"rendered":"<p>JAVIER MORENO LUZ\u00d3N (COORD.) ALFONSO XIII. UN POL\u00cdTICO EN EL TRONO Procedo a realizar la recensi\u00f3n de la obra colectiva<\/p>\n","protected":false},"author":1,"featured_media":2507,"comment_status":"closed","ping_status":"closed","sticky":false,"template":"","format":"standard","meta":{"colormag_page_layout":"no_sidebar_full_width","footnotes":""},"categories":[59],"tags":[58,55,52],"class_list":["post-2506","post","type-post","status-publish","format-standard","has-post-thumbnail","hentry","category-historia","tag-monarquia","tag-personajes","tag-recension"],"_links":{"self":[{"href":"https:\/\/www.jesusprieto.es\/index.php\/wp-json\/wp\/v2\/posts\/2506","targetHints":{"allow":["GET"]}}],"collection":[{"href":"https:\/\/www.jesusprieto.es\/index.php\/wp-json\/wp\/v2\/posts"}],"about":[{"href":"https:\/\/www.jesusprieto.es\/index.php\/wp-json\/wp\/v2\/types\/post"}],"author":[{"embeddable":true,"href":"https:\/\/www.jesusprieto.es\/index.php\/wp-json\/wp\/v2\/users\/1"}],"replies":[{"embeddable":true,"href":"https:\/\/www.jesusprieto.es\/index.php\/wp-json\/wp\/v2\/comments?post=2506"}],"version-history":[{"count":4,"href":"https:\/\/www.jesusprieto.es\/index.php\/wp-json\/wp\/v2\/posts\/2506\/revisions"}],"predecessor-version":[{"id":2511,"href":"https:\/\/www.jesusprieto.es\/index.php\/wp-json\/wp\/v2\/posts\/2506\/revisions\/2511"}],"wp:featuredmedia":[{"embeddable":true,"href":"https:\/\/www.jesusprieto.es\/index.php\/wp-json\/wp\/v2\/media\/2507"}],"wp:attachment":[{"href":"https:\/\/www.jesusprieto.es\/index.php\/wp-json\/wp\/v2\/media?parent=2506"}],"wp:term":[{"taxonomy":"category","embeddable":true,"href":"https:\/\/www.jesusprieto.es\/index.php\/wp-json\/wp\/v2\/categories?post=2506"},{"taxonomy":"post_tag","embeddable":true,"href":"https:\/\/www.jesusprieto.es\/index.php\/wp-json\/wp\/v2\/tags?post=2506"}],"curies":[{"name":"wp","href":"https:\/\/api.w.org\/{rel}","templated":true}]}}