{"id":2488,"date":"2020-06-19T17:28:03","date_gmt":"2020-06-19T17:28:03","guid":{"rendered":"http:\/\/www.jesusprieto.es\/?p=2488"},"modified":"2021-03-23T20:12:10","modified_gmt":"2021-03-23T20:12:10","slug":"alfonso-xiii-y-los-partidos-politicos-durante-la-ii-republica","status":"publish","type":"post","link":"https:\/\/www.jesusprieto.es\/index.php\/2020\/06\/19\/alfonso-xiii-y-los-partidos-politicos-durante-la-ii-republica\/","title":{"rendered":"ALFONSO XIII Y LOS PARTIDOS POL\u00cdTICOS DURANTE LA II REP\u00daBLICA"},"content":{"rendered":"\t\t<div data-elementor-type=\"wp-post\" data-elementor-id=\"2488\" class=\"elementor elementor-2488\">\n\t\t\t\t\t\t\t\t\t<section class=\"elementor-section elementor-top-section elementor-element elementor-element-5bc57ef elementor-section-boxed elementor-section-height-default elementor-section-height-default\" data-id=\"5bc57ef\" data-element_type=\"section\">\n\t\t\t\t\t\t<div class=\"elementor-container elementor-column-gap-default\">\n\t\t\t\t\t<div class=\"elementor-column elementor-col-100 elementor-top-column elementor-element elementor-element-efe25fe\" data-id=\"efe25fe\" data-element_type=\"column\">\n\t\t\t<div class=\"elementor-widget-wrap elementor-element-populated\">\n\t\t\t\t\t\t\t\t<div class=\"elementor-element elementor-element-cdeaa2f elementor-widget elementor-widget-heading\" data-id=\"cdeaa2f\" data-element_type=\"widget\" data-widget_type=\"heading.default\">\n\t\t\t\t<div class=\"elementor-widget-container\">\n\t\t\t<h2 class=\"elementor-heading-title elementor-size-default\">ALFONSO XIII Y LOS PARTIDOS POL\u00cdTICOS DURANTE LA II REP\u00daBLICA<\/h2>\t\t<\/div>\n\t\t\t\t<\/div>\n\t\t\t\t\t<\/div>\n\t\t<\/div>\n\t\t\t\t\t\t\t<\/div>\n\t\t<\/section>\n\t\t\t\t<section class=\"elementor-section elementor-top-section elementor-element elementor-element-d26babe elementor-section-boxed elementor-section-height-default elementor-section-height-default\" data-id=\"d26babe\" data-element_type=\"section\">\n\t\t\t\t\t\t<div class=\"elementor-container elementor-column-gap-default\">\n\t\t\t\t\t<div class=\"elementor-column elementor-col-100 elementor-top-column elementor-element elementor-element-3c0f144\" data-id=\"3c0f144\" data-element_type=\"column\">\n\t\t\t<div class=\"elementor-widget-wrap elementor-element-populated\">\n\t\t\t\t\t\t\t\t<div class=\"elementor-element elementor-element-075159d elementor-widget elementor-widget-text-editor\" data-id=\"075159d\" data-element_type=\"widget\" data-widget_type=\"text-editor.default\">\n\t\t\t\t<div class=\"elementor-widget-container\">\n\t\t\t\t\t\t\t<h6><a name=\"_Toc42929890\"><\/a><span style=\"color: #000080;\"><strong>1.\u00a0\u00a0\u00a0 <\/strong><strong>Introducci\u00f3n<\/strong><\/span><\/h6><p>Durante los primeros meses de 1931, Alfonso XIII intent\u00f3 recomponer el modelo de la Restauraci\u00f3n, llegando a ofrecer en varias ocasiones la Presidencia del Consejo a opositores a la dictadura como Santiago Alba y S\u00e1nchez Guerra, e incluyendo en sus \u00faltimos gobiernos a figuras pret\u00e9ritas como Romanones o Garc\u00eda Prieto. Pero ya nos dice Gonz\u00e1lez Calleja que una de las principales herencias de la dictadura fue la destrucci\u00f3n de \u201clos partidos din\u00e1sticos con voluntad renovadora, desde el PSP al ala izquierda del liberalismo, la Lliga o el Partido Reformista\u201d<sup>1<\/sup>, as\u00ed como precipitar \u201cla escisi\u00f3n ideol\u00f3gica entre una derecha fiel a los procedimientos liberal-parlamentarios y otra de corte netamente autoritario\u201d<a href=\"#_ftn1\" name=\"_ftnref1\">[1]<\/a>. La primera de estas derechas desaparecer\u00eda hasta los a\u00f1os setenta y la segunda se proyectar\u00eda \u201cal futuro con la UMN y luego Acci\u00f3n Espa\u00f1ola, AN, RE, la CEDA o el propio Movimiento Nacional\u201d<sup>1<\/sup>.\u00a0 S\u00ed durante su reinado el monarca tuvo un papel esencial en el sistema de partidos, una vez derribado el sistema solo ser\u00e1n los partidos de esa nueva derecha autoritaria los que busquen en ocasiones su patrocinio.\u00a0 El objetivo de este trabajo es investigar la relaci\u00f3n de Alfonso XIII en el exilio con estos nuevos partidos, desde el momento de proclamaci\u00f3n de la Rep\u00fablica hasta el inicio de la Guerra Civil. Nos preguntamos si fue un activo para los mismos, su grado de identificaci\u00f3n con estas nuevas ideolog\u00edas, o si m\u00e1s bien se dej\u00f3 cortejar sin una clara hoja de ruta.<\/p><p>Junto con la bibliograf\u00eda que detallo, utilizar\u00e9 dos fuentes hemerogr\u00e1ficas. La primera ser\u00e1 la edici\u00f3n madrile\u00f1a de ABC que durante este periodo ejerci\u00f3 como el m\u00e1s claro propagandista y portavoz de Alfonso XIII y toda la constelaci\u00f3n mon\u00e1rquica. La segunda ser\u00e1 el Heraldo de Madrid, el principal diario defensor del sistema republicano, muy cr\u00edtico con el exrey y los mon\u00e1rquicos.<\/p><h6><a name=\"_Toc42929891\"><\/a><span style=\"color: #000080;\"><strong>2.\u00a0\u00a0\u00a0 <\/strong><strong>Estado de la Cuesti\u00f3n<\/strong><\/span><\/h6><p>Tusell y Queipo de Llano decidieron subtitular su biograf\u00eda de Alfonso XIII como <em>El Rey pol\u00e9mico.<\/em> La historiograf\u00eda reciente tambi\u00e9n refleja esa disparidad de visiones respecto a su personalidad, papel o acciones. En un lado del espectro encontrar\u00edamos las diferentes biograf\u00edas de Seco Serrano que nos dan una imagen del Rey en el exilio como un personaje triste y doloroso, abandonado y traicionado por la ingrata clase pol\u00edtica, mientras \u00e9l se muestra generoso, integrador y patriota, \u201csolo quiso ser cauce abierto de los anhelos profundos \u2013 reales- de su pueblo\u201d<a href=\"#_ftn2\" name=\"_ftnref2\">[2]<\/a>. Tusell y Queipo de Llano sin llegar a esos excesos tambi\u00e9n indican el amor a Espa\u00f1a y su patriotismo como centro de su actuaci\u00f3n, si bien durante sus \u00faltimos a\u00f1os habr\u00eda sido un personaje ambivalente, sin hacer declaraciones p\u00fablicas estridentes y constantemente necesitado de lograr una reivindicaci\u00f3n. Inciden mucho en un desdoblamiento de posiciones entre Alfonso XIII y Juan de Borb\u00f3n, donde este \u00faltimo habr\u00eda experimentado \u201cun mucho mayor impacto de las nuevas doctrinas antidemocr\u00e1ticas\u201d<a href=\"#_ftn3\" name=\"_ftnref3\">[3]<\/a>. Respecto a los pol\u00edticos y partidos, \u201cjugaba a dos barajas, que era probablemente el \u00fanico procedimiento para llegar a una Restauraci\u00f3n [\u2026] Pero ten\u00eda una idea infinitamente menos clara de cual deb\u00eda ser el objetivo final respecto de la configuraci\u00f3n del futuro Estado\u201d<a href=\"#_ftn4\" name=\"_ftnref4\">[4]<\/a>.<\/p><p>Desde otro punto de vista, Gonz\u00e1lez Calleja se muestra sumamente cr\u00edtico respecto a su actuaci\u00f3n durante la Rep\u00fablica. Pese a sus muestras conciliadoras p\u00fablicas, en realidad el rey habr\u00eda jugado constantemente al descredito y la erosi\u00f3n republicana. Muestra la tendencia del exrey a \u201cmanejar seg\u00fan su personal conveniencia varias alternativas pol\u00edticas de forma simult\u00e1nea, sin reparar en las contradicciones y tensiones internas que tal actitud pudiera generar\u201d<a href=\"#_ftn5\" name=\"_ftnref5\">[5]<\/a>. Su \u201cobsesi\u00f3n con no ser \u2018borboneado\u2019 por sus partidarios m\u00e1s impacientes encon\u00f3 el enfrentamiento entre las tendencias que conviv\u00edan en el seno del alfonsismo\u201d<a href=\"#_ftn6\" name=\"_ftnref6\">[6]<\/a>. Se nos presenta un personaje torpe, errante, altanero y superficial. En definitiva, se habr\u00eda producido una progresiva marginaci\u00f3n de su figura en el debate pol\u00edtico planteado en el seno de las derechas espa\u00f1olas, no habiendo sido su papel determinante en ning\u00fan momento, m\u00e1s all\u00e1 que para el porvenir pol\u00edtico de sus propios partidarios. Cardona tambi\u00e9n se muestra muy cr\u00edtico con la actuaci\u00f3n del monarca durante su exilio, conspirador constante buscando derrocar las instituciones republicanas, suya habr\u00eda sido la responsabilidad de decapitar la derecha civilizada e ignorar los nuevos movimientos sociales. Tras el susto inicial que le supuso el destierro, busc\u00f3 la forma de regresar a Espa\u00f1a, apoy\u00e1ndose en formaciones antidemocr\u00e1ticas y en el estamento militar, del que habr\u00eda sido gran defensor durante todo su reinado.<\/p><h6><a name=\"_Toc42929892\"><\/a><span style=\"color: #000080;\"><strong>3.\u00a0\u00a0\u00a0 <\/strong><strong>El Gobierno Provisional<\/strong><\/span><\/h6><p>Cuenta Tusell que Alfonso XIII hizo el primer trayecto de su exilio, entre Cartagena y Marsella, acompa\u00f1ado de su primo Alfonso de Orleans y Borb\u00f3n. Este le habr\u00eda dado dos consejos aquella noche: que fuera cari\u00f1oso con la Reina en la desgracia y \u201cdesde el punto de vista pol\u00edtico le sugiri\u00f3 la dedicaci\u00f3n a la tarea de poner en marcha la restauraci\u00f3n manteniendo todo tipo de entrevistas pol\u00edticas con sus fieles y con personas que pudieran llegar a ser ministros, como si temiera que el monarca pudiera perderse en la ociosidad\u201d<a href=\"#_ftn7\" name=\"_ftnref7\">[7]<\/a>. No parece que le hiciera caso en ninguna de las dos exhortaciones.<\/p><p>ABC se convertir\u00e1 en el eje de todos los mensajes, comunicaciones y movimientos que Alfonso XIII d\u00e9 en esos primeros d\u00edas. El 17 de abril<a href=\"#_ftn8\" name=\"_ftnref8\">[8]<\/a> publicar\u00e1 su manifiesto a la naci\u00f3n del d\u00eda 14, as\u00ed como una extensa y elogiosa cr\u00f3nica de sus primeros pasos en el exilio y sus primeras manifestaciones: \u201cCr\u00e9ame [\u2026]. Hace falta m\u00e1s valor para hacer lo que yo he hecho que para cargar al frente de un escuadr\u00f3n. [\u2026] Despu\u00e9s de las elecciones generales veremos\u201d<a href=\"#_ftn9\" name=\"_ftnref9\">[9]<\/a>. Durante los siguientes d\u00edas son constantes las cr\u00f3nicas narrando los movimientos, visitas y nombramientos en el entorno de la familia real<a href=\"#_ftn10\" name=\"_ftnref10\">[10]<\/a>. El 5 de mayo conceder\u00e1 una entrevista en Londres al director del diario donde se mostrar\u00e1 m\u00e1s conciliador a\u00fan: el Gobierno republicano es el gobierno de Espa\u00f1a, solo el sufragio y la voluntad popular son los que decidir\u00e1n la vuelta de la monarqu\u00eda, \u201clos mon\u00e1rquicos que quieran seguir mis indicaciones deben, no solo abstenerse de obstaculizar al Gobierno, sino apoyarle en cuanto sea patri\u00f3tico\u201d <a href=\"#_ftn11\" name=\"_ftnref11\">[11]<\/a>, Por encima de la monarqu\u00eda o la rep\u00fablica est\u00e1 Espa\u00f1a. \u201cNo quiero que los mon\u00e1rquicos exciten en mi nombre a la rebeli\u00f3n militar\u201d. Eso s\u00ed, no puede oponerse a que estos mon\u00e1rquicos se organicen en \u201ccomit\u00e9 central, una junta o como quiera llam\u00e1rsele, con fines electorales\u201d. Remarca de nuevo que no ha abdicado ni hay cesi\u00f3n alguna en sus derechos din\u00e1sticos, que puede haberse equivocado alguna vez, pero siempre cegado por su amor a Espa\u00f1a, que ha hecho el mayor sacrificio de su vida, as\u00ed como que su salida de Espa\u00f1a fue buscando no derramar sangre. No reprocha nada a nadie, no tiene odio ni animadversi\u00f3n.<\/p><p>El posicionamiento y las declaraciones a ABC son contestadas por la prensa republicana. As\u00ed, podemos encontrar en la portada de El Heraldo de Madrid de dos d\u00edas despu\u00e9s multitud de art\u00edculos de opini\u00f3n y editoriales descalificando al monarca y al propio ABC<a href=\"#_ftn12\" name=\"_ftnref12\">[12]<\/a>. Existe un clima antimon\u00e1rquico que estallar\u00e1 el d\u00eda 10 de mayo con la inauguraci\u00f3n de un C\u00edrculo Mon\u00e1rquico en Madrid y que tendr\u00e1 la propia sede de ABC como principal objetivo. Se rompe la \u201cluna de miel\u201d o al menos la inicial falta de agresividad entre los mon\u00e1rquicos y la Rep\u00fablica, un cambio de actitud que dar\u00e1 paso a una oposici\u00f3n radical al nuevo r\u00e9gimen. Y del mismo modo, muchos republicanos comenzar\u00e1n a ver a los mon\u00e1rquicos como extremistas antisistema. Miguel Maura, Ministro de Gobernaci\u00f3n, declarar\u00e1 que estos hechos evidenciar\u00edan \u201cel maridaje absurdo y suicida de los elementos mon\u00e1rquicos y comunistas\u201d<a href=\"#_ftn13\" name=\"_ftnref13\">[13]<\/a>.<\/p><p>Nos dice Gonz\u00e1lez Cuevas que \u201cTras el cambio de r\u00e9gimen, los partidos din\u00e1sticos y los dem\u00e1s grup\u00fasculos que desde la ca\u00edda de la Dictadura hab\u00edan intentado reconstruir las fuerzas mon\u00e1rquicas desaparecieron por completo\u201d<a href=\"#_ftn14\" name=\"_ftnref14\">[14]<\/a> Por el contrario, Camb\u00f3 cuenta en sus memorias el optimismo reinante entre los c\u00edrculos del exilio respecto a un futuro \u00e9xito electoral<a href=\"#_ftn15\" name=\"_ftnref15\">[15]<\/a>. Parece que Alfonso XIII lo fiar\u00eda todo en aquel momento a la precariedad del r\u00e9gimen republicano y la capacidad de sus seguidores para imponerse en un censo y un procedimiento electoral con rasgos de caciquismo, donde un electorado mon\u00e1rquico y rural pudiera alcanzar una mayor\u00eda. Es as\u00ed que durante las primeras semanas, el monarca primar\u00e1 m\u00e1s sus asuntos de intendencia, familiares, tur\u00edsticos y de ocio que los pol\u00edticos, no modificando sus mensajes iniciales de conciliaci\u00f3n y generosidad. Finalmente, las elecciones del 28 de junio supondr\u00e1n un desastre para las candidaturas mon\u00e1rquicas, consiguiendo solo 30 esca\u00f1os en una c\u00e1mara de 470.<\/p><h6><span style=\"color: #000080;\"><a style=\"color: #000080;\" name=\"_Toc42929893\"><\/a><strong>4.\u00a0\u00a0\u00a0 <\/strong><strong>El Bienio Progresista<\/strong><\/span><\/h6><p>La voluntad popular ha sido clara, rechazando las candidaturas mon\u00e1rquicas, situaci\u00f3n que se repetir\u00e1 constantemente a lo largo de todo el periodo republicano. Adem\u00e1s, uno de los principales temas durante la campa\u00f1a electoral habr\u00e1 sido el asunto de las responsabilidades que afectaba muy directamente a la imagen del monarca. \u00a0Ser\u00e1n meses de desconcierto, donde Alfonso XIII se mostrar\u00e1 a la defensiva, present\u00e1ndose como injustamente agraviado y perseguido. Los mon\u00e1rquicos tambi\u00e9n afectaran el golpe, present\u00e1ndose durante meses descabezados y en desbandada.<\/p><p>La principal iniciativa mon\u00e1rquica entonces ser\u00e1 la creaci\u00f3n de Acci\u00f3n Espa\u00f1ola, que ver\u00e1 su primer n\u00famero en diciembre. Ser\u00e1 el aglutinador de todos los sectores mon\u00e1rquicos de derechas, por encima de los partidos, dando uniformidad y doctrina a los diferentes grupos, imponiendo una beligerancia irredenta hacia la Rep\u00fablica y aproximando al alfonsismo m\u00e1s radical y el tradicionalismo carlista. Dentro estar\u00e1 todo el universo mon\u00e1rquico de aquellos a\u00f1os. Si bien la revista defendi\u00f3 constantemente el reinado y la figura de Alfonso XIII, no hay indicios de relaci\u00f3n directa alguna. Eso s\u00ed, claramente la posici\u00f3n ideol\u00f3gica del monarca y sus manifestaciones se ir\u00edan progresivamente alineando a esa teolog\u00eda pol\u00edtica que presentar\u00e1 Acci\u00f3n Espa\u00f1ola. El antiguo rey liberal, jaleado por Canalejas y los intelectuales, ya hab\u00eda manifestado una evoluci\u00f3n hacia posiciones m\u00e1s conservadoras tras el fin de la Gran Guerra. Pero antes del fin de la Rep\u00fablica y el inicio de la Guerra Civil, podemos intuir cierta conexi\u00f3n ideol\u00f3gica entre el exrey y la derecha m\u00e1s autoritaria, si bien nunca llegar\u00e1 a traspasar una l\u00ednea de asunci\u00f3n p\u00fablica de estos postulados.<\/p><p>El recurso armado fue tambi\u00e9n una de las estrategias seguidas por los mon\u00e1rquicos en aquellos primeros meses. As\u00ed se desprende de la conspiraci\u00f3n golpista del General Orgaz en septiembre de 1931 y la Sanjurjada de agosto 1932. En ambas existieron tramas e intenciones mon\u00e1rquicas detr\u00e1s y provocaron reacciones represivas por parte republicana. Pero si bien muchos mon\u00e1rquicos saludaron la intentona como una reedici\u00f3n del gesto de Pav\u00eda, ni hay constancia de la implicaci\u00f3n real detr\u00e1s de estos intentos<a href=\"#_ftn16\" name=\"_ftnref16\">[16]<\/a>, ni p\u00fablicamente fueron jam\u00e1s ensalzados por \u00e9l: \u201cno quiero parecer un conspirador a quien mueve el resentimiento\u201d<a href=\"#_ftn17\" name=\"_ftnref17\">[17]<\/a>. Hasta el 18 de julio del 36 siempre manifestar\u00e1 que quiere un cambio sin sangre y sin violencia: \u201cse han acercado muchos a m\u00ed [conspiradores] A todos les he respondido igual: nada de violencias, nada de desorden, nada que pueda perturbar dolorosamente la vida de Espa\u00f1a\u201d<a href=\"#_ftn18\" name=\"_ftnref18\">[18]<\/a>.<\/p><p>En noviembre del 31, las actuaciones de la Comisi\u00f3n de Responsabilidades y el Acta de Acusaci\u00f3n al Rey, aprobado por aclamaci\u00f3n en la C\u00e1mara, satanizar\u00e1n a\u00fan m\u00e1s la figura del Rey y los mon\u00e1rquicos. Romanones asumi\u00f3 la defensa del monarca, pero a t\u00edtulo personal, sin indicaci\u00f3n alguna por parte de Alfonso XIII. Este solo se prestar\u00eda a enviarle un agradecimiento a posteriori, lo que nos indica la inexistencia de una organizaci\u00f3n o apoyos concretos en aquel momento. Posteriormente, la Ley de Defensa de la Republica penalizar\u00e1 toda simbolog\u00eda o exaltaci\u00f3n mon\u00e1rquica, lo que tambi\u00e9n ayudar\u00e1 a radicalizar la posici\u00f3n alfonsina.<\/p><p>El fracaso del golpe de Sanjurjo conducir\u00e1 a los alfonsinos a buscar mayor protagonismo y recomponer sus filas. Desde 1930 contaban con la UMN, heredera en cierta forma de la Uni\u00f3n Patri\u00f3tica primorriverista, que integraba algunos de los que ser\u00edan las principales figuras posteriores, ya con un programa de derecha autoritaria. Pero en las elecciones de 1931 solo conseguir\u00e1n un esca\u00f1o (Calvo Sotelo). Durante los meses siguientes los mon\u00e1rquicos se integrar\u00e1n en Acci\u00f3n Nacional, pasando con posteridad a Acci\u00f3n Popular. En un principio Alfonso XIII se neg\u00f3 a la creaci\u00f3n de Renovaci\u00f3n Espa\u00f1ola hasta no estar seguro de la orientaci\u00f3n que tomar\u00eda AP, que finalmente se decantar\u00e1 por una posici\u00f3n accidentalista. Es entonces cuando Goicoechea conseguir\u00e1 una autorizaci\u00f3n escrita, \u201ccon la reserva de que se evitara a todo trance que el partido pol\u00edtico que se iba a crear tuviera el menor choque con los otros partidos afines, y que la funci\u00f3n de car\u00e1cter pol\u00edtico tuviese \u00fanicamente la actividad indispensable para justificar su existencia\u201d<a href=\"#_ftn19\" name=\"_ftnref19\">[19]<\/a>. En septiembre de 1932 habr\u00e1 una reuni\u00f3n presidida por Alfonso XIII, estando presentes sus principales partidarios, y donde el monarca encarga su creaci\u00f3n y liderazgo a Goicoechea, ya sin las reservas expuestas de un principio. Pero tambi\u00e9n otros como Gonz\u00e1lez Calleja, atribuyen a esta cumbre la decisi\u00f3n de apoyar sin reservas la labor intelectual que realizaba Acci\u00f3n Espa\u00f1ola, as\u00ed como realizar una labor continuada de propaganda en el ej\u00e9rcito, de cara a un futuro golpe de fuerza (donde Sanjurjo ser\u00eda el posible caudillo<a href=\"#_ftn20\" name=\"_ftnref20\">[20]<\/a>). \u201cSeg\u00fan Vegas Latapie, \u2018aprob\u00f3 el rey nuestros planes y nos dijo que eran los m\u00e1s serios que le hab\u00edan sometido desde la ca\u00edda de la Monarqu\u00eda. Nos prometi\u00f3 su discreto apoyo\u2019\u201d<a href=\"#_ftn21\" name=\"_ftnref21\">[21]<\/a>.<\/p><p>El proceso de ruptura con Acci\u00f3n Popular llega a su punto \u00e1lgido en enero de 1933, cuando ABC publica una carta firmada por 76 personalidades mon\u00e1rquicas buscando \u201cuna federaci\u00f3n de las derechas espa\u00f1olas\u201d<a href=\"#_ftn22\" name=\"_ftnref22\">[22]<\/a>, con el \u201cSr. Goicoechea [asumiendo] la direcci\u00f3n de la cruzada\u201d, quien presenta un extens\u00edsimo programa basado en una \u201cmonarqu\u00eda no constitucional, sino tradicional\u201d, caracterizada esencialmente por el derecho natural cat\u00f3lico. En febrero se fundar\u00e1 RE, con una mayor\u00eda de integrantes que provienen del maurismo y el primorriverismo, y un evidente contenido contrarrevolucionario. El mismo mes se configura la CEDA, y asistiremos a una enorme animosidad de los mon\u00e1rquicos hacia el accidentalismo cedista. Est\u00e1 es la raz\u00f3n por la que Gil Robles se reunir\u00e1 en junio en dos ocasiones con el monarca buscando una tregua, entrevista que permanecer\u00e1 secreta hasta su revelaci\u00f3n muchos a\u00f1os despu\u00e9s por el propio Gil Robles. Alfonso XIII habr\u00eda asegurado entonces que no causar\u00eda problemas a la CEDA, entendiendo su colaboracionismo con la Rep\u00fablica e incluso llegando a afirmar que \u201cpor el bien de Espa\u00f1a yo tambi\u00e9n ser\u00eda republicano\u201d<a href=\"#_ftn23\" name=\"_ftnref23\">[23]<\/a>. La visi\u00f3n que nos da Gil Robles es coherente con el comportamiento posterior de Alfonso XIII, que siempre se negar\u00eda a romper las v\u00edas de entendimiento con los posibilistas.<\/p><p>En estos meses tambi\u00e9n se encauzan los problemas familiares y sucesorios. Tras la renuncia de sus dos primeros hijos, Juan asumir\u00e1 el papel de heredero. Desde este momento se encadenar\u00e1n diferentes intentos e iniciativas por lograr la abdicaci\u00f3n del exrey en su hijo. Este ser\u00e1 un punto de especial fricci\u00f3n con los mon\u00e1rquicos, pues Alfonso XIII siempre manifestar\u00e1 vehementemente su decisi\u00f3n de no abdicar hasta el momento en que regrese a Espa\u00f1a, pues se le debe reconocimiento a la injusticia que se le ha hecho: \u201cNi he hecho renuncia de mis derechos ni pienso hacerla, porque quiero que en la hora de una reivindicaci\u00f3n, que espero, se me reconozca que como Rey he cumplido siempre mi deber [\u2026] el superior de la patria\u201d<a href=\"#_ftn24\" name=\"_ftnref24\">[24]<\/a>. El \u201casunto din\u00e1stico\u201d ser\u00e1 una constante desde el comienzo del exilio<a href=\"#_ftn25\" name=\"_ftnref25\">[25]<\/a>, habiendo momentos en que parece ceder posiciones (como ocurrir\u00e1 en el pacto del Territet con los carlistas), aunque a la hora de la verdad siempre se mostrar\u00e1 firme en su determinaci\u00f3n de mantenerse a la cabeza de la dinast\u00eda.<\/p><p>Cumpli\u00e9ndose la promesa real, las relaciones entre las diferentes familias de derecha se normalizar\u00e1n llegando a crearse un comit\u00e9 de enlace que coordin\u00f3 las candidaturas y la coalici\u00f3n entre cedistas, alfonsistas y carlistas para las elecciones de noviembre. El triunfo de las derechas ser\u00e1 arrollador, pero pese a las esperanzas de los mon\u00e1rquicos, las elecciones tambi\u00e9n dejar\u00e1n clara la hegemon\u00eda accidentalista, RE solo consigui\u00f3 formar una minor\u00eda parlamentaria de 16 esca\u00f1os.<\/p><p>\u00a0<\/p><h6><span style=\"color: #000080;\"><a style=\"color: #000080;\" name=\"_Toc42929894\"><\/a><strong>5.\u00a0\u00a0\u00a0 <\/strong><strong>El Bienio Conservador y el Frente Popular<\/strong><\/span><\/h6><p>El primer objetivo de la minor\u00eda mon\u00e1rquica fue lograr la amnist\u00eda para los implicados en la sanjurjada. Se conseguir\u00e1 en abril de 1934, cuando adem\u00e1s regrese a Espa\u00f1a de su largo exilio Calvo Sotelo. Este es el momento en que nacer\u00e1 la idea del Bloque Nacional, buscando aglutinar las derechas antirrepublicanas bajo una identidad contrarrevolucionaria y neotradicionalista.<\/p><p>Si hasta 1933, Alfonso XIII ha recorrido constantemente Europa, Oriente Medio e incluso la India, finalmente se ha instalado en Roma y parece retomar con mayor inter\u00e9s su papel pol\u00edtico. En mayo de 1934 cortar\u00e1 en seco una campa\u00f1a period\u00edstica que parece intentar persuadirle a tomar el camino de la abdicaci\u00f3n. Son los primeros indicios de las tesis instauracionistas juanistas seguidas por las figuras en torno al Bloque<a href=\"#_ftn26\" name=\"_ftnref26\">[26]<\/a>. En junio vuelve a crearse otra pol\u00e9mica dentro del grupo mon\u00e1rquico al publicar ABC una visita de Valiente, presidente de las Juventudes de Acci\u00f3n Popular al monarca, donde este le habr\u00eda solicitado otra supuesta tregua de seis meses, ante la evidente ruptura entre alfonsinos y propagandistas. Tras el esc\u00e1ndalo, Valiente llegar\u00e1 a dimitir<a href=\"#_ftn27\" name=\"_ftnref27\">[27]<\/a>, mientras que Alfonso XIII seguir\u00e1 negando dicha reuni\u00f3n, si bien parece que siempre se pliega a las solicitudes cedistas. Las tensiones dentro de RE estallar\u00e1n en octubre de 1935, durante la boda de Juan de Borb\u00f3n, cuando Alfonso XIII afee directamente a Calvo Sotelo que \u201csi t\u00fa has fundado el Bloque Nacional, conviene que sepas que Juan y yo somos tambi\u00e9n un bloque\u201d<a href=\"#_ftn28\" name=\"_ftnref28\">[28]<\/a>.<\/p><p>Durante todo el bienio, Goicoechea, convertido en una especie de \u201ctestaferro\u201d real, buscar\u00e1 alianzas que ensanchen el campo de acci\u00f3n mon\u00e1rquico. En 1934 firmar\u00e1 un acuerdo financiando a Falange y otro con los carlistas y el fascismo italiano, que se malogra tras la llegada de Fal Conde a la direcci\u00f3n tradicionalista.\u00a0 Son meses tambi\u00e9n donde hay continuos movimientos buscando un golpe militar que no acaba de llegar<a href=\"#_ftn29\" name=\"_ftnref29\">[29]<\/a>. No ha quedado constancia alguna del papel de Alfonso XIII en todos estos procesos, si bien siendo protagonizados por Goicoechea es f\u00e1cil intuir que contaron con su aprobaci\u00f3n.<\/p><p>Ante las elecciones de febrero de 1936, todo parece indicar que Alfonso XIII sigui\u00f3 jugando a dos barajas. Toman visos de verosimilitud las famosas declaraciones que le har\u00eda a Cortes Cavanillas: \u201cestimo mucho la labor de Renovaci\u00f3n Espa\u00f1ola, pero hay que convencerse de que es un reducido y escogido grupo de mon\u00e1rquicos entusiastas, pero de sal\u00f3n, no podr\u00e1n obtener grandes ventajas en el camino de la Restauraci\u00f3n mon\u00e1rquica\u201d<a href=\"#_ftn30\" name=\"_ftnref30\">[30]<\/a>. Pese a ello, no cabe duda de que utiliz\u00f3 a Goicoechea y RE como su cauce de comunicaci\u00f3n con Espa\u00f1a<a href=\"#_ftn31\" name=\"_ftnref31\">[31]<\/a>. Tambi\u00e9n Goicoechea ser\u00e1 el elegido por el monarca para liderar de nuevo sus intereses cuando peligre la coalici\u00f3n electoral del 36 con Gil Robles, aun a costa de quedar diluidos en ella. En este momento llega incluso a negarse a firmar un manifiesto del bloque contrario a la colaboraci\u00f3n con los cedistas, recibiendo el mismo d\u00eda a representantes de dicho partido.<\/p><p>Son estos a\u00f1os en los que encontramos continuas manifestaciones suyas contra la deriva de la Rep\u00fablica, \u201cdesastrosa\u201d, \u201cespiritualmente desmembrada, divida, perdida la unidad moral\u201d, \u201cdividida en bander\u00edas\u201d<a href=\"#_ftn32\" name=\"_ftnref32\">[32]<\/a>. Aun as\u00ed, no encontramos tampoco renuncias en su discurso al pasado liberal o identificaciones como las que realizar\u00e1 posteriormente con los sublevados militares. Declaraciones como la admiraci\u00f3n que supuestamente muestra a Falange (en junio del 35) \u201cque est\u00e1n enfrent\u00e1ndose en campo abierto, con valent\u00eda y hero\u00edsmo, contra los criminales de Mosc\u00fa\u201d<a href=\"#_ftn33\" name=\"_ftnref33\">[33]<\/a> u otras contenidas en diferentes vol\u00famenes, parecen m\u00e1s manipulaciones de sus autores que el tono p\u00fablico utilizado por el exmonarca.<\/p><p>El caso es que tras el triunfo frentepopulista, la figura de Alfonso XIII queda eclipsada ante la desbandada de RE y la estrella ascendente de Calvo Sotelo durante aquellos meses. El comienzo de la Guerra Civil le encontrar\u00e1 de cacer\u00eda en Checoslovaquia, completamente ajeno a la conspiraci\u00f3n militar al igual que la mayor\u00eda de dirigentes mon\u00e1rquicos. As\u00ed, no habr\u00e1 en la prensa madrile\u00f1a ninguna manifestaci\u00f3n suya respecto al asesinato del propio Calvo Sotelo y la sublevaci\u00f3n encontrar\u00e1 a la mayor\u00eda de dirigentes de RE en Madrid completamente indefensos.<\/p><h6><span style=\"color: #000080;\"><a style=\"color: #000080;\" name=\"_Toc42929895\"><\/a><strong>6.\u00a0\u00a0\u00a0 <\/strong><strong>Conclusiones<\/strong><\/span><\/h6><p>Desgraciadamente el espacio atribuido a este ensayo me ha obligado a esquematizar en demas\u00eda un tema tan extenso y complejo. Quiz\u00e1 la mayor dificultad al enfrentarse al mismo sea la disparidad y parcialidad de las fuentes directas existentes. Las propias declaraciones del monarca nos parecen en la mayor\u00eda de las ocasiones forzadas e interesadas, seg\u00fan sea el interlocutor o el momento de realizarlas.<\/p><p>Respecto a la actuaci\u00f3n personal del exrey durante estos a\u00f1os concluir\u00edamos que, pese a sus exhortaciones de humildad, concordia o magnificencia, en realidad se podr\u00eda caracterizar m\u00e1s por la altaner\u00eda, el inter\u00e9s personal y el disimulo constante. Pese a referirse una y otra vez a una presunta voluntad de servicio, siempre se comportar\u00e1 con arrogancia y soberbiamente en sus relaciones con sus propios partidarios o ante la m\u00ednima contradicci\u00f3n que se le enfrente, hay evidentes muestras de falta de generosidad. M\u00e1s all\u00e1 de un supuesto inter\u00e9s nacional, colocar\u00e1 preferentemente el suyo, el personal, por encima incluso del familiar o el din\u00e1stico, y en muchas ocasiones de forma caprichosa y ego\u00edsta. En sus relaciones pol\u00edticas mantendr\u00e1 abiertas todas las v\u00edas posibles, sin comprometerse decididamente con ning\u00fan proyecto o mostrar ning\u00fan tipo de un an\u00e1lisis complejo, llegando incluso a comportarse de forma incoherente, contradictoria y manipuladora, como tantas veces se le acus\u00f3 durante su reinado. \u00a0No parece que el exilio cambiara radicalmente la forma de actuar de Alfonso XIII, absolutamente consciente de su papel, desconfiado y decidido a tener siempre la \u00faltima palabra, actuando sin pensar mucho en las consecuencias y siempre con el objetivo din\u00e1stico detr\u00e1s de cada una de sus acciones.<\/p><p>Parece evidente tambi\u00e9n el papel esencial que habr\u00eda tenido en RE. Sin su figura dif\u00edcilmente se entienden su creaci\u00f3n y desarrollo. Pero intuimos que m\u00e1s que una emanaci\u00f3n directa del monarca, \u00e9ste se vio impelido a aceptar a todos aquellos partidarios dispuestos a defender su causa. Probablemente habr\u00eda preferido un grupo m\u00e1s amplio y variado, o m\u00e1s en concordancia con la clase pol\u00edtica de su reinado. Pero son sus partidarios los que imponen un proyecto que el monarca acepta, en un momento en el que no puede permitirse el lujo de renunciar a ning\u00fan apoyo. Parecen los propios \u201cmon\u00e1rquicos\u201d los que le empujan hacia una ideolog\u00eda y unos procedimientos que el monarca intentar\u00e1 reconducir cuando crea que van demasiado lejos. De ah\u00ed, pese a sus muestras de apoyo a RE o el papel de Goicoechea como representante oficial, su incapacidad de enfrentarse directamente a los instauracionistas, tambi\u00e9n vemos su indefinici\u00f3n respecto a la unificaci\u00f3n con el tradicionalismo carlista o la v\u00eda militar, y sobre todo sus relaciones con los propagandistas. Creemos que Alfonso XIII hubiera preferido mantener su posici\u00f3n por encima de los partidos, pero las circunstancias le obligaron a aceptar la \u00fanica soluci\u00f3n que le ofrecieron: RE. Solo tras el golpe de 1936, cuando el panorama pol\u00edtico se polarice y defina claramente, tomar\u00e1 un posicionamiento p\u00fablico claro, decidido y sin ambig\u00fcedades.<\/p><p>Por \u00faltimo, ideol\u00f3gicamente, es dif\u00edcil discernir sus verdaderas motivaciones. P\u00fablicamente, durante todo el periodo republicano mantendr\u00e1 las premisas que marc\u00f3 en el manifiesto y la entrevista a ABC del 5 de mayo. Solo se doler\u00e1 constantemente respecto al trato recibido y la deriva revolucionaria en la que cree ha ca\u00eddo la Rep\u00fablica. Hay evidentes muestras de su rechazo a las posiciones democr\u00e1ticas o izquierdistas, constantemente definidas por \u00e9l como revolucionarias, dictatoriales y contrarias a su idea de patria. Su posicionamiento respecto a la religi\u00f3n, la autoridad, el orden establecido, el papel del ej\u00e9rcito, la unidad de la patria o el peligro de las luchas de clases nos presentan un personaje claramente conservador. Pero tenemos la impresi\u00f3n de que, durante el periodo republicano, en ning\u00fan momento acept\u00f3 la instauraci\u00f3n de una monarqu\u00eda tradicional (pese a los innumerables textos que posteriormente asegurar\u00edan lo contrario). Creemos que mantuvo una idea de la monarqu\u00eda cercana a su propia experiencia, si bien aceptaba la necesidad de establecer cambios en la l\u00ednea autoritaria que reflejaban las nuevas derechas de los a\u00f1os treinta. Aun as\u00ed, fue incapaz de manifestar claramente un proyecto concreto.<\/p><h6><span style=\"color: #000080;\"><a style=\"color: #000080;\" name=\"_Toc42929896\"><\/a><strong>7.\u00a0\u00a0\u00a0 <\/strong><strong>Bibliograf\u00eda<\/strong><\/span><\/h6><p>ALVAREZ TARDIO, M. <em>Un momento decisivo: la estrategia de la CEDA ante las elecciones de 1936. <\/em>Presses Universitaires de Provence. Bulletin d\u2019histoire contemporaine de l\u2019Espagne N\u00ba 51. 2017<\/p><p>CARDONA, G. <em>Alfonso XIII, el rey de espadas. <\/em>Barcelona. Editorial Planeta. 2010<\/p><p>CARRETERO NOVILLO, J.M. \u201cEL CABALLERO AUDAZ\u201d. <em>Don Juan De Espa\u00f1a. Heredero de Alfonso XIII. Volumen extraordinario de la colecci\u00f3n Al Servicio del Pueblo. <\/em>Madrid. Ediciones Caballero Audaz. 1934<\/p><p>CORTES CAVANILLAS, J. <em>Alfonso XIII. Vida, confesiones y muerte. <\/em>Madrid. Editorial Prensa Espa\u00f1ola. 1956<\/p><p>GIL CUADRADO, L.T. <em>Hacia una rep\u00fablica conservadora: el programa pol\u00edtico del Partido Agrario Espa\u00f1ol. <\/em>Madrid. UNED. Espacio, Tiempo y Forma. Serie V, Historia Contempor\u00e1nea, t. 18. 2006<\/p><p>GIL PECHARROMAN, J. <em>Conservadores subversivos. La derecha autoritaria alfonsina (1913-1936). <\/em>Madrid. Eudema. 1994<\/p><p>GIL PECHARROMAN, J. <em>El Alfonsismo Radical en las Elecciones de Febrero de 1936. <\/em>Madrid. Revista de Estudios Pol\u00edticos (Nueva \u00c9poca), N.\u00ba 42. Noviembre-Diciembre 1984<\/p><p>GONZ\u00c1LEZ CALLEJA, E. <em>Aproximaci\u00f3n a las subculturas violentas de las derechas antirrepublicanas espa\u00f1olas (1931-1936). <\/em>Alicante. Universidad de Alicante. Pasado y Memoria, Revista de Historia Contempor\u00e1nea N.\u00ba 2. 2003<\/p><p>GONZ\u00c1LEZ CALLEJA, E- <em>La Espa\u00f1a de Primo de Rivera. <\/em>Madrid. Alianza Editorial. 2005.<\/p><p>GONZ\u00c1LEZ CALLEJA, E., COBO ROMERO, F., MART\u00cdNEZ RUS, A., S\u00c1NCHEZ P\u00c9REZ, F. <em>La Segunda Rep\u00fablica espa\u00f1ola. <\/em>Barcelona. Ediciones de Pasado y Presente. 2015. Alicante. Pasado y Memoria. N\u00ba2. Revista de Historia Contempor\u00e1nea. Universidad de Alicante. 2003.<\/p><p>GONZALEZ CUEVAS, P.C. <em>Historia de las derechas espa\u00f1olas. De la ilustraci\u00f3n a nuestros d\u00edas. <\/em>Madrid. Editorial Biblioteca Nueva. 2000<\/p><p>LLEIX\u00c1 CHAVARRIA, J. <em>Contrarrevoluci\u00f3n mon\u00e1rquica y militarismo en la Espa\u00f1a de los a\u00f1os treinta. <\/em>Tesis. Universidad de Barcelona. 1985<\/p><p>MORENO LUZ\u00d3N, J. (Ed.) \u2013 <em>Alfonso XIII, un pol\u00edtico en el trono. <\/em>Madrid. Marcial Pons Historia. 2003.<\/p><p>MORODO LEONCIO, R. <em>La formalizaci\u00f3n de Acci\u00f3n Espa\u00f1ola. <\/em>Madrid. Centro de Estudios Pol\u00edticos y Constitucionales. Revista de Estudios Pol\u00edticos. N.\u00ba 1. 1978<\/p><p>MU\u00d1OZ, G.M., <em>Viaje historiogr\u00e1fico por la figura pol\u00edtica del rey Alfonso XIII. <\/em>Logro\u00f1o. Historiograf\u00edas, revista de historia y teor\u00eda. N.\u00ba 12. 2016<\/p><p>OROBON, M.A.; GONZ\u00c1LEZ FERN\u00c1NDEZ, J.L. <em>Echar a la calle: el destronamiento simb\u00f3lico de Alfonso XIII. <\/em>Madrid. Centro de Estudios Pol\u00edticos y Constitucionales. Revista de Historia Constitucional. N.\u00ba 20. 2019<\/p><p>PIERCE, S.M. <em>Political Catholicism in Spain\u2019s Second Republic (1931-1936); The Confederaci\u00f3n Espa\u00f1ola de Derechas Aut\u00f3nomas in Madrid, Seville, and Toledo. <\/em>Tesis doctoral. University of Florida. 2007.<\/p><p>TUSELL, J. y QUEIPO DE LLANO, G.-<em> Alfonso XIII. El rey pol\u00e9mico. Madrid. Taurus. 2011<\/em><\/p><p><a href=\"#_ftnref1\" name=\"_ftn1\">[1]<\/a> GONZALEZ CALLEJA (2005) P. 389<\/p><p><a href=\"#_ftnref2\" name=\"_ftn2\">[2]<\/a> AMADO MIER, I. <em>Carlos Seco reivindica la figura de Alfonso XIII como rey integrador. <\/em>Madrid. El Pais. 23 mayo 2002<\/p><p><a href=\"#_ftnref3\" name=\"_ftn3\">[3]<\/a> TUSELL \/ QUEIPO DE LLANO (2011) Posici\u00f3n 11368<\/p><p><a href=\"#_ftnref4\" name=\"_ftn4\">[4]<\/a> TUSELL \/ QUEIPO DE LLANO (2011) Posici\u00f3n 11322<\/p><p><a href=\"#_ftnref5\" name=\"_ftn5\">[5]<\/a> MORENO LUZ\u00d3N (2003) p. 413<\/p><p><a href=\"#_ftnref6\" name=\"_ftn6\">[6]<\/a> MORENO LUZ\u00d3N (2003) p. 422<\/p><p><a href=\"#_ftnref7\" name=\"_ftn7\">[7]<\/a> TUSELL \/ QUEIPO DE LLANO (2011) Posici\u00f3n 11028<\/p><p><a href=\"#_ftnref8\" name=\"_ftn8\">[8]<\/a> <em>Al Pa\u00eds. <\/em>ABC Madrid. 17 abril 1931. Portada<\/p><p><a href=\"#_ftnref9\" name=\"_ftn9\">[9]<\/a> <em>Salida del Rey para Paris. Unas palabras de su majestad. <\/em>ABC Madrid. 17 abril 1931. P.17<\/p><p><a href=\"#_ftnref10\" name=\"_ftn10\">[10]<\/a> <em>Los reyes e infantes en Paris. <\/em>ABC. 21 abril 1931. P.25<\/p><p><a href=\"#_ftnref11\" name=\"_ftn11\">[11]<\/a> <em>Entrevista con D. Alfonso XIII, en Londres. <\/em>ABC. 5 mayo 1931. P.26-27<\/p><p><a href=\"#_ftnref12\" name=\"_ftn12\">[12]<\/a> El Heraldo de Madrid. 7 de mayo 1931. Portada<\/p><p><a href=\"#_ftnref13\" name=\"_ftn13\">[13]<\/a> <em>Hay que republicanizar la Rep\u00fablica. <\/em>El Heraldo de Madrid. 12 de mayo 1931. Portada<\/p><p><a href=\"#_ftnref14\" name=\"_ftn14\">[14]<\/a> GONZALEZ CUEVAS (2000) p. 294<\/p><p><a href=\"#_ftnref15\" name=\"_ftn15\">[15]<\/a> TUSELL \/ QUEIPO DE LLANO (2011) Posici\u00f3n 11033<\/p><p><a href=\"#_ftnref16\" name=\"_ftn16\">[16]<\/a> ABC ser\u00e1 clausurado desde el 11 de agosto al 30 de noviembre, y en su regreso evitar\u00e1 cualquier referencia a implicaci\u00f3n, m\u00e1s all\u00e1 de recoger visitas de Goicoechea al Penal del Dueso donde est\u00e1 preso Sanjurjo (ABC. 25 diciembre 1932. P.34). El Heraldo durante los d\u00edas siguientes, si bien denomino constantemente \u201cgolpe mon\u00e1rquico\u201d a la sanjurjada (pese a su autodenominaci\u00f3n como republicano) y notifico las detenciones y deportaciones de numerosos mon\u00e1rquicos, tampoco implic\u00f3 a Alfonso XIII de forma alguna. Aun as\u00ed, seg\u00fan Sainz Rodriguez, Sanjurjo planeaba un plebiscito y posteriormente restaurar a Alfonso XIII con una nueva constituci\u00f3n pensando que en unos meses abdicar\u00eda en su hijo (LLEIXA 1985)<\/p><p><a href=\"#_ftnref17\" name=\"_ftn17\">[17]<\/a> CORTES CAVANILLAS (1956) p. 393<\/p><p><a href=\"#_ftnref18\" name=\"_ftn18\">[18]<\/a> CARRETERO NOVILLO (1934) p. 87<\/p><p><a href=\"#_ftnref19\" name=\"_ftn19\">[19]<\/a> LLEIXA (1985) p. 925, en una cita al libro de BELTRAN GUELL, <em>Caudillo, profetas y soldados.<\/em><\/p><p><a href=\"#_ftnref20\" name=\"_ftn20\">[20]<\/a> GONZALEZ CUEVAS (2000) p.\u00a0 315<\/p><p><a href=\"#_ftnref21\" name=\"_ftn21\">[21]<\/a> MORENO LUZ\u00d3N (2003) p. 412<\/p><p><a href=\"#_ftnref22\" name=\"_ftn22\">[22]<\/a> <em>Hacia una federaci\u00f3n de las derechas espa\u00f1olas<\/em>. ABC Madrid. 13 de enero 1933. P. 27<\/p><p><a href=\"#_ftnref23\" name=\"_ftn23\">[23]<\/a> TUSELL \/ QUEIPO DE LLANO (2011) Posici\u00f3n 11301<\/p><p><a href=\"#_ftnref24\" name=\"_ftn24\">[24]<\/a> CORTES CAVANILLAS (1956) p. 394<\/p><p><a href=\"#_ftnref25\" name=\"_ftn25\">[25]<\/a> Incluso desde los primeros meses de la Rep\u00fablica, aparecen rumores de posibles conspiraciones juanistas (<em>El Duque de Alba re\u00fane a los arist\u00f3cratas mon\u00e1rquicos y les da las normas del nuevo partido juanista. <\/em>El heraldo de Madrid, 31de Julio 1931. Portada)<\/p><p><a href=\"#_ftnref26\" name=\"_ftn26\">[26]<\/a> El 23 de mayo de 1934 (P. 17) el propio ABC sale en defensa de las acusaciones de \u2018complot contra Alfonso XIII\u2019 tras publicar un editorial donde se indicaba a D. Juan como posible soberano en caso de restauraci\u00f3n. En realidad hay varios art\u00edculos en d\u00edas anteriores que van en esta direcci\u00f3n (<em>Inicio de un Reinado, por Ramiro de Maeztu, <\/em>18 de mayo 1934; <em>Discursos homenaje a Calvo Sotelo y Yanguas Messia , <\/em>22 de mayo 1934)<\/p><p><a href=\"#_ftnref27\" name=\"_ftn27\">[27]<\/a> <em>De la visita del presidente de la Juventud de Accion Popular a Don Alfonso XIII. <\/em>ABC Sevilla. 15 junio 1934. Pg 17)<\/p><p><a href=\"#_ftnref28\" name=\"_ftn28\">[28]<\/a> MORENO LUZON (2003) p. 425<\/p><p><a href=\"#_ftnref29\" name=\"_ftn29\">[29]<\/a> GONZALEZ CUEVAS (2000) p.343<\/p><p><a href=\"#_ftnref30\" name=\"_ftn30\">[30]<\/a> CORTES CAVANILLAS (2000) P. 418<\/p><p><a href=\"#_ftnref31\" name=\"_ftn31\">[31]<\/a> As\u00ed el donativo a ABC por medio de RE (1 noviembre 1934), o el agradecimiento tras la muerte del infante Gonzalo mediante carta a Goicoechea (27 septiembre 1934).<\/p><p><a href=\"#_ftnref32\" name=\"_ftn32\">[32]<\/a> CARRETERO NOVILLO (1934) p. 86<\/p><p><a href=\"#_ftnref33\" name=\"_ftn33\">[33]<\/a> CORTES CAVANILLAS (1956) p. 451<\/p>\t\t\t\t\t\t<\/div>\n\t\t\t\t<\/div>\n\t\t\t\t\t<\/div>\n\t\t<\/div>\n\t\t\t\t\t\t\t<\/div>\n\t\t<\/section>\n\t\t\t\t\t\t\t<\/div>\n\t\t","protected":false},"excerpt":{"rendered":"<p>ALFONSO XIII Y LOS PARTIDOS POL\u00cdTICOS DURANTE LA II REP\u00daBLICA 1.\u00a0\u00a0\u00a0 Introducci\u00f3n Durante los primeros meses de 1931, Alfonso XIII<\/p>\n","protected":false},"author":1,"featured_media":2334,"comment_status":"closed","ping_status":"closed","sticky":false,"template":"","format":"standard","meta":{"colormag_page_layout":"no_sidebar_full_width","footnotes":""},"categories":[59],"tags":[64,58],"class_list":["post-2488","post","type-post","status-publish","format-standard","has-post-thumbnail","hentry","category-historia","tag-historia","tag-monarquia"],"_links":{"self":[{"href":"https:\/\/www.jesusprieto.es\/index.php\/wp-json\/wp\/v2\/posts\/2488","targetHints":{"allow":["GET"]}}],"collection":[{"href":"https:\/\/www.jesusprieto.es\/index.php\/wp-json\/wp\/v2\/posts"}],"about":[{"href":"https:\/\/www.jesusprieto.es\/index.php\/wp-json\/wp\/v2\/types\/post"}],"author":[{"embeddable":true,"href":"https:\/\/www.jesusprieto.es\/index.php\/wp-json\/wp\/v2\/users\/1"}],"replies":[{"embeddable":true,"href":"https:\/\/www.jesusprieto.es\/index.php\/wp-json\/wp\/v2\/comments?post=2488"}],"version-history":[{"count":4,"href":"https:\/\/www.jesusprieto.es\/index.php\/wp-json\/wp\/v2\/posts\/2488\/revisions"}],"predecessor-version":[{"id":2492,"href":"https:\/\/www.jesusprieto.es\/index.php\/wp-json\/wp\/v2\/posts\/2488\/revisions\/2492"}],"wp:featuredmedia":[{"embeddable":true,"href":"https:\/\/www.jesusprieto.es\/index.php\/wp-json\/wp\/v2\/media\/2334"}],"wp:attachment":[{"href":"https:\/\/www.jesusprieto.es\/index.php\/wp-json\/wp\/v2\/media?parent=2488"}],"wp:term":[{"taxonomy":"category","embeddable":true,"href":"https:\/\/www.jesusprieto.es\/index.php\/wp-json\/wp\/v2\/categories?post=2488"},{"taxonomy":"post_tag","embeddable":true,"href":"https:\/\/www.jesusprieto.es\/index.php\/wp-json\/wp\/v2\/tags?post=2488"}],"curies":[{"name":"wp","href":"https:\/\/api.w.org\/{rel}","templated":true}]}}