{"id":2443,"date":"2020-09-08T00:30:33","date_gmt":"2020-09-08T00:30:33","guid":{"rendered":"http:\/\/www.jesusprieto.es\/?p=2443"},"modified":"2021-03-23T20:11:10","modified_gmt":"2021-03-23T20:11:10","slug":"10-bibliografia","status":"publish","type":"post","link":"https:\/\/www.jesusprieto.es\/index.php\/2020\/09\/08\/10-bibliografia\/","title":{"rendered":"10. Bibliograf\u00eda."},"content":{"rendered":"\t\t<div data-elementor-type=\"wp-post\" data-elementor-id=\"2443\" class=\"elementor elementor-2443\">\n\t\t\t\t\t\t\t\t\t<section class=\"elementor-section elementor-top-section elementor-element elementor-element-63cde61 elementor-section-boxed elementor-section-height-default elementor-section-height-default\" data-id=\"63cde61\" data-element_type=\"section\">\n\t\t\t\t\t\t<div class=\"elementor-container elementor-column-gap-default\">\n\t\t\t\t\t<div class=\"elementor-column elementor-col-100 elementor-top-column elementor-element elementor-element-6808272\" data-id=\"6808272\" data-element_type=\"column\">\n\t\t\t<div class=\"elementor-widget-wrap elementor-element-populated\">\n\t\t\t\t\t\t\t\t<div class=\"elementor-element elementor-element-586270a elementor-widget elementor-widget-heading\" data-id=\"586270a\" data-element_type=\"widget\" data-widget_type=\"heading.default\">\n\t\t\t\t<div class=\"elementor-widget-container\">\n\t\t\t<h2 class=\"elementor-heading-title elementor-size-default\">POL\u00cdTICA E IDEOLOG\u00cdA EN LA FAMILIA REAL ESPA\u00d1OLA \n(1931-1945)<\/h2>\t\t<\/div>\n\t\t\t\t<\/div>\n\t\t\t\t\t<\/div>\n\t\t<\/div>\n\t\t\t\t\t\t\t<\/div>\n\t\t<\/section>\n\t\t\t\t<section class=\"elementor-section elementor-top-section elementor-element elementor-element-2292022 elementor-section-boxed elementor-section-height-default elementor-section-height-default\" data-id=\"2292022\" data-element_type=\"section\">\n\t\t\t\t\t\t<div class=\"elementor-container elementor-column-gap-default\">\n\t\t\t\t\t<div class=\"elementor-column elementor-col-100 elementor-top-column elementor-element elementor-element-12100ad\" data-id=\"12100ad\" data-element_type=\"column\">\n\t\t\t<div class=\"elementor-widget-wrap elementor-element-populated\">\n\t\t\t\t\t\t\t\t<div class=\"elementor-element elementor-element-a19ff52 elementor-widget elementor-widget-heading\" data-id=\"a19ff52\" data-element_type=\"widget\" data-widget_type=\"heading.default\">\n\t\t\t\t<div class=\"elementor-widget-container\">\n\t\t\t<h2 class=\"elementor-heading-title elementor-size-default\">10. Bibliograf\u00eda. <\/h2>\t\t<\/div>\n\t\t\t\t<\/div>\n\t\t\t\t\t<\/div>\n\t\t<\/div>\n\t\t\t\t\t\t\t<\/div>\n\t\t<\/section>\n\t\t\t\t<section class=\"elementor-section elementor-top-section elementor-element elementor-element-3e407f1 elementor-section-boxed elementor-section-height-default elementor-section-height-default\" data-id=\"3e407f1\" data-element_type=\"section\">\n\t\t\t\t\t\t<div class=\"elementor-container elementor-column-gap-default\">\n\t\t\t\t\t<div class=\"elementor-column elementor-col-100 elementor-top-column elementor-element elementor-element-f277c0d\" data-id=\"f277c0d\" data-element_type=\"column\">\n\t\t\t<div class=\"elementor-widget-wrap elementor-element-populated\">\n\t\t\t\t\t\t\t\t<div class=\"elementor-element elementor-element-c721841 elementor-widget elementor-widget-text-editor\" data-id=\"c721841\" data-element_type=\"widget\" data-widget_type=\"text-editor.default\">\n\t\t\t\t<div class=\"elementor-widget-container\">\n\t\t\t\t\t\t\t<p>ABAD de SANTILL\u00c1N, D. <em>De Alfonso XIII a Franco. <\/em>Buenos Aires. Tipogr\u00e1fica Editora Argentina. 1974.<\/p><p>ALSINA CALV\u00c9S, J. \u201cLa \u00faltima etapa de Ramiro de Maeztu: Acci\u00f3n espa\u00f1ola y la conspiraci\u00f3n antirrepublicana<em>.\u201d <\/em>La Raz\u00f3n Hist\u00f3rica. Revista hispanoamericana de Historia de las Ideas. N\u00fam. 17. 2012<\/p><p>\u00c1LVAREZ TARDIO. M y DEL REY. F (Eds.)<em> El laberinto republicano. La democracia espa\u00f1ola y sus enemigos (1931-1936). <\/em>Barcelona. RBA. 2012<\/p><p>\u00c1LVAREZ TARD\u00cdO, M. \u201cUn momento decisivo: la estrategia de la CEDA ante las elecciones de 1936.\u201d Presses Universitaires de Provence. Bulletin d\u2019histoire contemporaine de l\u2019Espagne N\u00ba 51. 2017<\/p><p>ANSON, L.M. <em>Don Juan. <\/em>Barcelona. Plaza &amp; Janes. 1994<\/p><p>AR\u00d3STEGUI, J. <em>Don Juan de Borb\u00f3n. <\/em>Madrid. Alianza Ediciones. 2002.<\/p><p>BONMAT\u00cd, J. <em>El Pr\u00edncipe Don Juan de Espa\u00f1a. <\/em>Valladolid. Librer\u00eda Santaren. 1938<\/p><p>BORR\u00c1S BETRIU, R. <em>El Rey de los rojos. Don Juan de Borb\u00f3n, una figura tergiversada. <\/em>Barcelona. Los libros de Abril \/ Plaza &amp; Janes. 1996.<\/p><p>CARDONA, G. <em>Alfonso XIII, el rey de espadas.<\/em> Barcelona. Editorial Planeta. Barcelona. 2010 (La edici\u00f3n a la que hemos podido acceder es un archivo pdf sin numeraci\u00f3n en sus p\u00e1ginas, las referencias son a la p\u00e1gina concreta del pdf)<\/p><p>CARRETERO NOVILLO, J.M. \u201cEL CABALLERO AUDAZ\u201d. <em>Don Juan De Espa\u00f1a. Heredero de Alfonso XIII. Volumen extraordinario de la colecci\u00f3n Al Servicio del Pueblo. <\/em>Madrid. Ediciones Caballero Audaz. 1934<\/p><p>CARVAJAL, P. <em>La traves\u00eda de Don Juan. <\/em>Madrid. Planeta. 2011<\/p><p>CASALS, X. <em>Franco y los borbones. Historia no oficial de la Corona espa\u00f1ola.<\/em> Barcelona. Ariel. 2019.<\/p><p>CASANOVA, J. <em>Rep\u00fablica y Guerra Civil, <\/em>en FONTANA, J. y VILLARES, R. (Dir.) <em>Historia de Espa\u00f1a. Volumen 8. \u00a0<\/em>Barcelona. Critica. Marcial Pons. 2007<\/p><p>CORTES CAVANILLAS, J. <em>Alfonso XIII. Vida, confesiones y muerte. <\/em>Madrid. Editorial Prensa Espa\u00f1ola. 1956<\/p><p>DE LA CIERVA. R. <em>Franco- Don Juan. Los reyes sin corona. <\/em>Madrid. Editorial \u00c9poca. DINPE. 1992<\/p><p>DE LA CIERVA, R. <em>Don Juan de Borb\u00f3n: por fin toda la verdad. Las aportaciones definitivas. <\/em>Madrid. Editorial F\u00e9nix. 1997.<\/p><p>EYRE, P. <em>Secretos y mentiras de la Familia Real. <\/em>Madrid. La Esfera de los libros. 2007.<\/p><p>GARC\u00cdA ABAD, J. <em>Don Juan, n\u00e1ufrago de su destino. <\/em>Madrid. La esfera de los libros. 2013. Edici\u00f3n Kindle.<\/p><p>GIL PECHARROMAN, J. \u201cEl Alfonsismo Radical en las Elecciones de Febrero de 1936.\u201d Madrid. Revista de Estudios Pol\u00edticos (Nueva \u00c9poca), N.\u00ba 42. Noviembre-Diciembre 1984<\/p><p>GIL PECHARROMAN, J. <em>Conservadores subversivos. La derecha autoritaria alfonsina (1913-1936). <\/em>Madrid. Eudema. 1994<\/p><p>GIL PECHARROM\u00c1N, J. \u201cDon Juan, el Rey que no rein\u00f3\u201d en Dossier: Centenario del Conde de Barcelona<em>. <\/em>La aventura de la Historia. N\u00ba 174. Abril 2013<\/p><p>GONZ\u00c1LEZ CALLEJA, E. <em>Aproximaci\u00f3n a las subculturas violentas de las derechas antirrepublicanas espa\u00f1olas (1931-1936). <\/em>Alicante. Universidad de Alicante. Pasado y Memoria, Revista de Historia Contempor\u00e1nea N.\u00ba 2. 2003<\/p><p>GONZ\u00c1LEZ CALLEJA, E., COBO ROMERO, F., MART\u00cdNEZ RUS, A., S\u00c1NCHEZ P\u00c9REZ, F. <em>La Segunda Rep\u00fablica espa\u00f1ola. <\/em>Barcelona. Ediciones de Pasado y Presente. 2015.<\/p><p>GONZ\u00c1LEZ CUEVAS, P.C. <em>Historia de las derechas espa\u00f1olas. De la ilustraci\u00f3n a nuestros d\u00edas. <\/em>Madrid. Editorial Biblioteca Nueva. 2000<\/p><p>GONZ\u00c1LEZ-DORIA, F. <em>Don Juan de Borb\u00f3n. <\/em>Madrid. Editorial Mirasierra. 1976.<\/p><p>HEINE, H. <em>La oposici\u00f3n pol\u00edtica al franquismo. <\/em>Barcelona. Critica. 1983<\/p><p>LARIO, A. <em>El Rey, piloto sin br\u00fajula. La Corona y el sistema pol\u00edtico de la Restauraci\u00f3n, 1875-1902.<\/em> Madrid. Biblioteca Nueva. 1999<\/p><p>LARIO, A. \u201cDemocracia y Monarqu\u00eda en el debate constituyente de 1978\u201d<em>. <\/em>Pasado y Memoria. Revista de Historia Contempor\u00e1nea, N\u00ba 18. 2019.<\/p><p>LARIO, A. \u201cEl Rey en pol\u00edtica. De Alfonso XII a Alfonso XIII\u201d, en S\u00c1NCHEZ, R. (Coord.) <em>Un rey para la naci\u00f3n. Monarqu\u00eda y nacionalizaci\u00f3n en el siglo XIX. <\/em>Madrid. Silex. 2019<\/p><p>LLEIX\u00c1 CHAVARRIA, J. <em>Contrarrevoluci\u00f3n mon\u00e1rquica y militarismo en la Espa\u00f1a de los a\u00f1os treinta. <\/em>Tesis. Universidad de Barcelona. 1985.<\/p><p>MARTORELL, M, \/ JULI\u00c1, S. <em>Manual de historia pol\u00edtica y social de Espa\u00f1a. <\/em>Barcelona. RBA Historia. 2012.<\/p><p>MEER LECHA-MARZO, F. <em>Juan de Borb\u00f3n. Un hombre s\u00f3lo. <\/em>Valladolid. Junta de Castilla y Le\u00f3n. Consejer\u00eda de Educaci\u00f3n y Cultura. 2001.<\/p><p>MORENO LUZ\u00d3N, J (ed.)- Alfonso XIII. Un pol\u00edtico en el trono. Madrid. Marcial Pons, Ediciones de Historia. 2003.<\/p><p>MORODO LEONCIO, R. \u201cLa formalizaci\u00f3n de Acci\u00f3n Espa\u00f1ola\u201d Madrid. Centro de Estudios Pol\u00edticos y Constitucionales. Revista de Estudios Pol\u00edticos. N.\u00ba 1. 1978<\/p><p>MU\u00d1OZ, G.M. \u201cViaje historiogr\u00e1fico por la figura pol\u00edtica del rey Alfonso XIII<em>.\u201d <\/em>Logro\u00f1o. Historiograf\u00edas, revista de historia y teor\u00eda. N.\u00ba 12. 2016<\/p><p>PAYNE, S.G. <em>Franco, el perfil de la historia. <\/em>Madrid. Espasa-Calpe. 1992.<\/p><p>PLAT\u00d3N, M. <em>Alfonso XIII: de Primo de Rivera a Franco. La tentaci\u00f3n autoritaria de la monarqu\u00eda. <\/em>Barcelona. Plaza &amp; Janes. 1998.<\/p><p>PRESTON, P. \u201cAlfonsist monarchism and the coming of the Spanish Civil War\u201d, en BLINKHORN, M. <em>Spain in conflict. 1931-1939. Democracy and its enemies. <\/em>Londres. <em>\u00a0<\/em>Sage Publications Ltd. 1986.<\/p><p>PRESTON, P. <em>Franco, Caudillo de Espa\u00f1a. <\/em>Barcelona. Grijalbo Mondadori. 1994<\/p><p>SAINZ RODR\u00cdGUEZ, P. <em>Un reinado en la sombra. <\/em>Barcelona. Planeta. 1981.<\/p><p>SECO SERRANO, C (Coord.) <em>Alfonso XIII en el centenario de su reinado. <\/em>Madrid. Real Academia de la Historia. 2002.<\/p><p>THOM\u00c1S, J.M. <em>Los fascismos espa\u00f1oles. <\/em>Barcelona. Planeta. 2011<\/p><p>TUSELL, J. <em>La oposici\u00f3n democr\u00e1tica al franquismo. 1939-1962. <\/em>Barcelona. Planeta. 1977.<\/p><p>TUSELL, J. y QUEIPO DE LLANO, G.-<em> Alfonso XIII. El rey pol\u00e9mico. <\/em>Madrid. Taurus. 2011. Edici\u00f3n Kindle.<\/p><p>YUSTE DE PAZ, M. \u201cLa Rep\u00fablica Espa\u00f1ola en el exilio y la alternativa mon\u00e1rquica a Franco desde el final de la II Guerra Mundial hasta la resoluci\u00f3n de las Naciones Unidas de 1950<em>.<\/em>\u201d UNED. Espacio, Tiempo y Forma. Serie V, Historia Contempor\u00e1nea, I, 18, 2006.<\/p><p>ZAVALA, J.M. \/ DUQUE, A. <em>Juan de Borb\u00f3n. <\/em>Barcelona. Ediciones B. 2003.<\/p>\t\t\t\t\t\t<\/div>\n\t\t\t\t<\/div>\n\t\t\t\t\t<\/div>\n\t\t<\/div>\n\t\t\t\t\t\t\t<\/div>\n\t\t<\/section>\n\t\t\t\t\t\t\t<\/div>\n\t\t","protected":false},"excerpt":{"rendered":"<p>POL\u00cdTICA E IDEOLOG\u00cdA EN LA FAMILIA REAL ESPA\u00d1OLA (1931-1945) 10. Bibliograf\u00eda. ABAD de SANTILL\u00c1N, D. De Alfonso XIII a Franco.<\/p>\n","protected":false},"author":1,"featured_media":2444,"comment_status":"closed","ping_status":"closed","sticky":false,"template":"","format":"standard","meta":{"colormag_page_layout":"no_sidebar_full_width","footnotes":""},"categories":[62],"tags":[58],"class_list":["post-2443","post","type-post","status-publish","format-standard","has-post-thumbnail","hentry","category-familia-real-espanola-1931-1945","tag-monarquia"],"_links":{"self":[{"href":"https:\/\/www.jesusprieto.es\/index.php\/wp-json\/wp\/v2\/posts\/2443","targetHints":{"allow":["GET"]}}],"collection":[{"href":"https:\/\/www.jesusprieto.es\/index.php\/wp-json\/wp\/v2\/posts"}],"about":[{"href":"https:\/\/www.jesusprieto.es\/index.php\/wp-json\/wp\/v2\/types\/post"}],"author":[{"embeddable":true,"href":"https:\/\/www.jesusprieto.es\/index.php\/wp-json\/wp\/v2\/users\/1"}],"replies":[{"embeddable":true,"href":"https:\/\/www.jesusprieto.es\/index.php\/wp-json\/wp\/v2\/comments?post=2443"}],"version-history":[{"count":7,"href":"https:\/\/www.jesusprieto.es\/index.php\/wp-json\/wp\/v2\/posts\/2443\/revisions"}],"predecessor-version":[{"id":2451,"href":"https:\/\/www.jesusprieto.es\/index.php\/wp-json\/wp\/v2\/posts\/2443\/revisions\/2451"}],"wp:featuredmedia":[{"embeddable":true,"href":"https:\/\/www.jesusprieto.es\/index.php\/wp-json\/wp\/v2\/media\/2444"}],"wp:attachment":[{"href":"https:\/\/www.jesusprieto.es\/index.php\/wp-json\/wp\/v2\/media?parent=2443"}],"wp:term":[{"taxonomy":"category","embeddable":true,"href":"https:\/\/www.jesusprieto.es\/index.php\/wp-json\/wp\/v2\/categories?post=2443"},{"taxonomy":"post_tag","embeddable":true,"href":"https:\/\/www.jesusprieto.es\/index.php\/wp-json\/wp\/v2\/tags?post=2443"}],"curies":[{"name":"wp","href":"https:\/\/api.w.org\/{rel}","templated":true}]}}