{"id":2406,"date":"2020-09-08T03:30:02","date_gmt":"2020-09-08T03:30:02","guid":{"rendered":"http:\/\/www.jesusprieto.es\/?p=2406"},"modified":"2021-03-23T20:10:29","modified_gmt":"2021-03-23T20:10:29","slug":"8-2-el-camino-a-lausanne-el-contexto-de-la-guerra-mundial","status":"publish","type":"post","link":"https:\/\/www.jesusprieto.es\/index.php\/2020\/09\/08\/8-2-el-camino-a-lausanne-el-contexto-de-la-guerra-mundial\/","title":{"rendered":"8.2. El camino a Lausanne. El contexto de la Guerra Mundial."},"content":{"rendered":"\t\t<div data-elementor-type=\"wp-post\" data-elementor-id=\"2406\" class=\"elementor elementor-2406\">\n\t\t\t\t\t\t\t\t\t<section class=\"elementor-section elementor-top-section elementor-element elementor-element-4430753 elementor-section-boxed elementor-section-height-default elementor-section-height-default\" data-id=\"4430753\" data-element_type=\"section\">\n\t\t\t\t\t\t<div class=\"elementor-container elementor-column-gap-default\">\n\t\t\t\t\t<div class=\"elementor-column elementor-col-100 elementor-top-column elementor-element elementor-element-8e23cff\" data-id=\"8e23cff\" data-element_type=\"column\">\n\t\t\t<div class=\"elementor-widget-wrap elementor-element-populated\">\n\t\t\t\t\t\t\t\t<div class=\"elementor-element elementor-element-e12d9a5 elementor-widget elementor-widget-heading\" data-id=\"e12d9a5\" data-element_type=\"widget\" data-widget_type=\"heading.default\">\n\t\t\t\t<div class=\"elementor-widget-container\">\n\t\t\t<h2 class=\"elementor-heading-title elementor-size-default\">POL\u00cdTICA E IDEOLOG\u00cdA EN LA FAMILIA REAL ESPA\u00d1OLA \n(1931-1945)<\/h2>\t\t<\/div>\n\t\t\t\t<\/div>\n\t\t\t\t\t<\/div>\n\t\t<\/div>\n\t\t\t\t\t\t\t<\/div>\n\t\t<\/section>\n\t\t\t\t<section class=\"elementor-section elementor-top-section elementor-element elementor-element-0fecb4c elementor-section-boxed elementor-section-height-default elementor-section-height-default\" data-id=\"0fecb4c\" data-element_type=\"section\">\n\t\t\t\t\t\t<div class=\"elementor-container elementor-column-gap-default\">\n\t\t\t\t\t<div class=\"elementor-column elementor-col-100 elementor-top-column elementor-element elementor-element-7585613\" data-id=\"7585613\" data-element_type=\"column\">\n\t\t\t<div class=\"elementor-widget-wrap elementor-element-populated\">\n\t\t\t\t\t\t\t\t<div class=\"elementor-element elementor-element-d617dd5 elementor-widget elementor-widget-heading\" data-id=\"d617dd5\" data-element_type=\"widget\" data-widget_type=\"heading.default\">\n\t\t\t\t<div class=\"elementor-widget-container\">\n\t\t\t<h2 class=\"elementor-heading-title elementor-size-default\">8.2. El camino a Lausanne. El contexto de la Guerra Mundial. <\/h2>\t\t<\/div>\n\t\t\t\t<\/div>\n\t\t\t\t\t<\/div>\n\t\t<\/div>\n\t\t\t\t\t\t\t<\/div>\n\t\t<\/section>\n\t\t\t\t<section class=\"elementor-section elementor-top-section elementor-element elementor-element-4d9b3fd elementor-section-boxed elementor-section-height-default elementor-section-height-default\" data-id=\"4d9b3fd\" data-element_type=\"section\">\n\t\t\t\t\t\t<div class=\"elementor-container elementor-column-gap-default\">\n\t\t\t\t\t<div class=\"elementor-column elementor-col-100 elementor-top-column elementor-element elementor-element-112ffb1\" data-id=\"112ffb1\" data-element_type=\"column\">\n\t\t\t<div class=\"elementor-widget-wrap elementor-element-populated\">\n\t\t\t\t\t\t\t\t<div class=\"elementor-element elementor-element-4e24362 elementor-widget elementor-widget-text-editor\" data-id=\"4e24362\" data-element_type=\"widget\" data-widget_type=\"text-editor.default\">\n\t\t\t\t<div class=\"elementor-widget-container\">\n\t\t\t\t\t\t\t<p>Parte de la bibliograf\u00eda de Juan de Borb\u00f3n convierte este periodo coincidente con la IIGM en una novela de espionaje, conspiraciones e intrigas pol\u00edticas<a href=\"#_ftn1\" name=\"_ftnref1\">[1]<\/a>. Pero Ar\u00f3stegui aclara que \u201cni en Yalta ni en Potsdam [\u2026] se tomaron acuerdos para acciones concretas en Espa\u00f1a, aunque existen calenturientos <em>juanistas <\/em>que cuentan, sin aducir documento alguno comprobatorio, lo contrario.\u201d<a href=\"#_ftn2\" name=\"_ftnref2\">[2]<\/a> De lo que no nos cabe duda es de la influencia que el transcurrir de la guerra y las distintas correlaciones de fuerzas internacionales durante su evoluci\u00f3n tuvieron tanto en la pol\u00edtica interior y exterior del franquismo, como en las actitudes de Franco y Juan de Borb\u00f3n, as\u00ed como en la relaci\u00f3n entre ambos. Cotejando los diferentes episodios de esta relaci\u00f3n con un cronograma de la IIGM comprobaremos como se trasladaban mim\u00e9ticamente los posicionamientos del pretendiente hacia el hito liberal-democr\u00e1tico que supondr\u00e1 el Manifiesto de Lausanne, al compas que avancen las posibilidades de los aliados a la hora de ganar la guerra. Y del mismo modo, crec\u00eda la ansiedad y la sensaci\u00f3n de amenaza en Franco, as\u00ed como su necesidad de reacomodar su r\u00e9gimen y su propia figura.<\/p><p>La siguiente comunicaci\u00f3n entre ambos fue una carta de Franco de 30 de septiembre de 1941<a href=\"#_ftn3\" name=\"_ftnref3\">[3]<\/a>. Ofrec\u00eda una lecci\u00f3n de historia y doctrina al pretendiente, en un tono cordial, pero lleno de las obsesiones del Dictador respecto al papel y las amenazas que tiene el r\u00e9gimen. Se presentaba como la culminaci\u00f3n de una <em>Revoluci\u00f3n Nacional<\/em>, de \u201cla coronaci\u00f3n de un proceso hist\u00f3rico que volver\u00e1 a reproducirse si quedan perennes las causas que lo motivaron\u201d. Para que esto no ocurriera, \u201clos altos intereses de la Patria, tanto en el exterior como en el interior, se encuentran plenamente ligados a la realizaci\u00f3n de los programas de nuestro Movimiento\u201d. Siempre y cuando mantuvieran la unidad frente a los enemigos de la \u201ccruzada\u201d que hab\u00edan despertado \u201clos naturales y encubiertos ataques de las naciones que ayer jugaron contra nosotros y hoy luchan contra Europa\u201d. La principal novedad de esta carta consist\u00eda en el reconocimiento del pretendiente: \u201cy para Vuestra Alteza y el r\u00e9gimen que represent\u00e1is, es tambi\u00e9n el \u00fanico camino por el que, en el d\u00eda que el servicio de Espa\u00f1a os llame para que coronemos la obra con la instauraci\u00f3n de un r\u00e9gimen tradicional del que para m\u00ed sois el \u00fanico y leg\u00edtimo representante\u201d. No solo le reconoc\u00eda, sino que abr\u00eda la posibilidad de una pr\u00f3xima <em>instauraci\u00f3n<\/em> donde \u201cambos\u201d <em>coronemos <\/em>de esta forma la \u201c<em>Cruzada\u201d.<\/em> Desde este momento introdujo la dicotom\u00eda entre instauraci\u00f3n, de algo nuevo y conforme a la institucionalizaci\u00f3n del r\u00e9gimen, y restauraci\u00f3n, que fue la formula utilizada por el conde de Barcelona, pese a haberse manifestado siempre como proclive a esa <em>monarqu\u00eda nueva<\/em> que indicaba Franco. Eso s\u00ed, junto con las esperanzas reiteraba que se cuidara mucho de la \u201cceguera y torpeza de muchos que, titul\u00e1ndose mon\u00e1rquicos, confunden vuestro inter\u00e9s\u201d. Terminaba diciendo que hab\u00eda querido explicarle el \u201cmomento pol\u00edtico actual, ya que pocos de los que hoy se titulan vuestros adictos sabr\u00edan comprenderlo\u201d.<\/p><p>Juan de Borb\u00f3n recogi\u00f3 inmediatamente el guante respondi\u00e9ndole en una carta a\u00fan m\u00e1s larga, redactada por Vegas Latapi\u00e9, y que supuso el primer traspi\u00e9s pol\u00edtico del pretendiente<a href=\"#_ftn4\" name=\"_ftnref4\">[4]<\/a>. Le reconoc\u00eda su labor, agradeciendo su confirmaci\u00f3n como \u00fanico aspirante a esa <em>monarqu\u00eda tradicional<\/em>, pero se lanzaba al vac\u00edo metiendo prisa al Caudillo y solicit\u00e1ndole la formaci\u00f3n de una regencia. Aseguraba que \u201cla monarqu\u00eda, que no es solo el Rey, sino todo un sistema pol\u00edtico y de gobierno, no es algo aparte de la naci\u00f3n\u201d. La \u201cRegencia, orientada clara y p\u00fablicamente hacia la monarqu\u00eda, deber\u00e1 de informar desde el principio al pa\u00eds de su decidido prop\u00f3sito de organizaci\u00f3n pol\u00edtica [\u2026] durante su vida deber\u00edan de liquidarse los asuntos de justicia relacionados con la cruzada\u201d. Ofrec\u00eda una soluci\u00f3n de continuidad para su gobierno, \u201cas\u00ed se fundir\u00edan en uno solo, desde el principio de la Regencia y despu\u00e9s de la coronaci\u00f3n del Rey, el Poder Real y los que se ejercen como consecuencia de la cruzada nacional\u201d. Franco, ofendido, tardar\u00eda ocho meses en contestar a esta ocurrencia.<\/p><p><a href=\"#_ftnref1\" name=\"_ftn1\">[1]<\/a> As\u00ed Anson, para qui\u00e9n hubo un plan de invasi\u00f3n de Canarias por parte de los aliados para formar un gobierno provisional de Juan de Borb\u00f3n al estilo de De Gaulle en Londres. Posteriormente en Yalta se habr\u00eda decidido la reinstauraci\u00f3n, aprovechando la invasi\u00f3n maqui en Pirineos, pero finalmente Truman en Postdam traicionar\u00eda al pretendiente, decidiendo la permanencia de Franco. Borr\u00e1s tambi\u00e9n acepta parte de sus tesis, sin llegar a basar todo el comportamiento del pretendiente en ellas. De la Cierva tambi\u00e9n relata numerosas conspiraciones y estrategias internacionales, a\u00f1adiendo una posibilidad de instaurar una nazimonarqu\u00eda con el apoyo de los alemanes.<\/p><p><a href=\"#_ftnref2\" name=\"_ftn2\">[2]<\/a> AR\u00d3STEGUI (2002) p. 101<\/p><p><a href=\"#_ftnref3\" name=\"_ftn3\">[3]<\/a> DE LA CIERVA (1997) p.170-172<\/p><p><a href=\"#_ftnref4\" name=\"_ftn4\">[4]<\/a> Ibidem p. 173-177<\/p>\t\t\t\t\t\t<\/div>\n\t\t\t\t<\/div>\n\t\t\t\t\t<\/div>\n\t\t<\/div>\n\t\t\t\t\t\t\t<\/div>\n\t\t<\/section>\n\t\t\t\t\t\t\t<\/div>\n\t\t","protected":false},"excerpt":{"rendered":"<p>POL\u00cdTICA E IDEOLOG\u00cdA EN LA FAMILIA REAL ESPA\u00d1OLA (1931-1945) 8.2. El camino a Lausanne. El contexto de la Guerra Mundial.<\/p>\n","protected":false},"author":1,"featured_media":2407,"comment_status":"closed","ping_status":"closed","sticky":false,"template":"","format":"standard","meta":{"colormag_page_layout":"no_sidebar_full_width","footnotes":""},"categories":[62],"tags":[58],"class_list":["post-2406","post","type-post","status-publish","format-standard","has-post-thumbnail","hentry","category-familia-real-espanola-1931-1945","tag-monarquia"],"_links":{"self":[{"href":"https:\/\/www.jesusprieto.es\/index.php\/wp-json\/wp\/v2\/posts\/2406","targetHints":{"allow":["GET"]}}],"collection":[{"href":"https:\/\/www.jesusprieto.es\/index.php\/wp-json\/wp\/v2\/posts"}],"about":[{"href":"https:\/\/www.jesusprieto.es\/index.php\/wp-json\/wp\/v2\/types\/post"}],"author":[{"embeddable":true,"href":"https:\/\/www.jesusprieto.es\/index.php\/wp-json\/wp\/v2\/users\/1"}],"replies":[{"embeddable":true,"href":"https:\/\/www.jesusprieto.es\/index.php\/wp-json\/wp\/v2\/comments?post=2406"}],"version-history":[{"count":4,"href":"https:\/\/www.jesusprieto.es\/index.php\/wp-json\/wp\/v2\/posts\/2406\/revisions"}],"predecessor-version":[{"id":2411,"href":"https:\/\/www.jesusprieto.es\/index.php\/wp-json\/wp\/v2\/posts\/2406\/revisions\/2411"}],"wp:featuredmedia":[{"embeddable":true,"href":"https:\/\/www.jesusprieto.es\/index.php\/wp-json\/wp\/v2\/media\/2407"}],"wp:attachment":[{"href":"https:\/\/www.jesusprieto.es\/index.php\/wp-json\/wp\/v2\/media?parent=2406"}],"wp:term":[{"taxonomy":"category","embeddable":true,"href":"https:\/\/www.jesusprieto.es\/index.php\/wp-json\/wp\/v2\/categories?post=2406"},{"taxonomy":"post_tag","embeddable":true,"href":"https:\/\/www.jesusprieto.es\/index.php\/wp-json\/wp\/v2\/tags?post=2406"}],"curies":[{"name":"wp","href":"https:\/\/api.w.org\/{rel}","templated":true}]}}