{"id":2393,"date":"2020-09-08T04:30:14","date_gmt":"2020-09-08T04:30:14","guid":{"rendered":"http:\/\/www.jesusprieto.es\/?p=2393"},"modified":"2021-03-23T20:10:17","modified_gmt":"2021-03-23T20:10:17","slug":"7-2-postguerra-abdicacion-y-muerte-de-alfonso-xiii-abdicacion-y-muerte-de-alfonso-xiii","status":"publish","type":"post","link":"https:\/\/www.jesusprieto.es\/index.php\/2020\/09\/08\/7-2-postguerra-abdicacion-y-muerte-de-alfonso-xiii-abdicacion-y-muerte-de-alfonso-xiii\/","title":{"rendered":"7.2. Postguerra, abdicaci\u00f3n y muerte de Alfonso XIII. Abdicaci\u00f3n y muerte de Alfonso XIII."},"content":{"rendered":"\t\t<div data-elementor-type=\"wp-post\" data-elementor-id=\"2393\" class=\"elementor elementor-2393\">\n\t\t\t\t\t\t\t\t\t<section class=\"elementor-section elementor-top-section elementor-element elementor-element-70badd9 elementor-section-boxed elementor-section-height-default elementor-section-height-default\" data-id=\"70badd9\" data-element_type=\"section\">\n\t\t\t\t\t\t<div class=\"elementor-container elementor-column-gap-default\">\n\t\t\t\t\t<div class=\"elementor-column elementor-col-100 elementor-top-column elementor-element elementor-element-3a21ec2\" data-id=\"3a21ec2\" data-element_type=\"column\">\n\t\t\t<div class=\"elementor-widget-wrap elementor-element-populated\">\n\t\t\t\t\t\t\t\t<div class=\"elementor-element elementor-element-f0363d7 elementor-widget elementor-widget-heading\" data-id=\"f0363d7\" data-element_type=\"widget\" data-widget_type=\"heading.default\">\n\t\t\t\t<div class=\"elementor-widget-container\">\n\t\t\t<h2 class=\"elementor-heading-title elementor-size-default\">POL\u00cdTICA E IDEOLOG\u00cdA EN LA FAMILIA REAL ESPA\u00d1OLA \n(1931-1945)<\/h2>\t\t<\/div>\n\t\t\t\t<\/div>\n\t\t\t\t\t<\/div>\n\t\t<\/div>\n\t\t\t\t\t\t\t<\/div>\n\t\t<\/section>\n\t\t\t\t<section class=\"elementor-section elementor-top-section elementor-element elementor-element-1bb50ba elementor-section-boxed elementor-section-height-default elementor-section-height-default\" data-id=\"1bb50ba\" data-element_type=\"section\">\n\t\t\t\t\t\t<div class=\"elementor-container elementor-column-gap-default\">\n\t\t\t\t\t<div class=\"elementor-column elementor-col-100 elementor-top-column elementor-element elementor-element-d7b2f07\" data-id=\"d7b2f07\" data-element_type=\"column\">\n\t\t\t<div class=\"elementor-widget-wrap elementor-element-populated\">\n\t\t\t\t\t\t\t\t<div class=\"elementor-element elementor-element-cd4a340 elementor-widget elementor-widget-heading\" data-id=\"cd4a340\" data-element_type=\"widget\" data-widget_type=\"heading.default\">\n\t\t\t\t<div class=\"elementor-widget-container\">\n\t\t\t<h2 class=\"elementor-heading-title elementor-size-default\">7.2. Postguerra, abdicaci\u00f3n y muerte de Alfonso XIII. Abdicaci\u00f3n y muerte de Alfonso XIII.<\/h2>\t\t<\/div>\n\t\t\t\t<\/div>\n\t\t\t\t\t<\/div>\n\t\t<\/div>\n\t\t\t\t\t\t\t<\/div>\n\t\t<\/section>\n\t\t\t\t<section class=\"elementor-section elementor-top-section elementor-element elementor-element-3aa5d84 elementor-section-boxed elementor-section-height-default elementor-section-height-default\" data-id=\"3aa5d84\" data-element_type=\"section\">\n\t\t\t\t\t\t<div class=\"elementor-container elementor-column-gap-default\">\n\t\t\t\t\t<div class=\"elementor-column elementor-col-100 elementor-top-column elementor-element elementor-element-8b4b3af\" data-id=\"8b4b3af\" data-element_type=\"column\">\n\t\t\t<div class=\"elementor-widget-wrap elementor-element-populated\">\n\t\t\t\t\t\t\t\t<div class=\"elementor-element elementor-element-bc6b3a1 elementor-widget elementor-widget-text-editor\" data-id=\"bc6b3a1\" data-element_type=\"widget\" data-widget_type=\"text-editor.default\">\n\t\t\t\t<div class=\"elementor-widget-container\">\n\t\t\t\t\t\t\t<p>Alfonso XIII abdic\u00f3 mediante un documento fechado en Roma el 15 de enero de 1941<a href=\"#_ftn1\" name=\"_ftnref1\">[1]<\/a>. Comenzaba aludiendo a su Manifiesto de 1931, diciendo que cumpli\u00f3 un \u201cdeber de patriotismo\u201d, buscando que no se \u201cvertiera sangre espa\u00f1ola para defender intereses de un r\u00e9gimen, o de una dinast\u00eda\u201d. Aun as\u00ed \u201cla magnifica epopeya de la liberaci\u00f3n de Espa\u00f1a, el hero\u00edsmo de su Ej\u00e9rcito y de la juventud espa\u00f1ola\u201d hab\u00edan conseguido abrir paso \u201ca la solidaridad de todos, para crear su unidad, su libertad y su grandeza\u201d. Esta clara referencia al <em>Una, grande y libre<\/em> franquista, as\u00ed como el reconocimiento del r\u00e9gimen como salvador de la Patria fueron la gran diferencia con su texto de una d\u00e9cada atr\u00e1s. Ya no estamos ante una figura que elegantemente da un paso atr\u00e1s, sin rencores ni se\u00f1alando culpas. Ahora Alfonso XIII ha tomado un claro partido. El exrey declara que una vez \u201casegurada ya la victoria definitiva\u201d pens\u00f3 en presentar su renuncia, pero fue frenado por su \u201cdeseo de madurarla\u201d. Ahora \u201cal reorganizarse pol\u00edticamente el pa\u00eds es preciso que quede expedito y franco el camino para que [\u2026] pueda reanudarse la tradici\u00f3n hist\u00f3rica [\u2026] que, durante siglos, ha asegurado la unidad y permanencia de Espa\u00f1a\u201d. Consideraba que \u201cpodr\u00eda tal vez mi persona ser un obst\u00e1culo [\u2026] ante algunos, podr\u00eda aparecer como el retorno a una pol\u00edtica que no supo o no pudo evitar nuestra tragedia y las causas que la provocaron\u201d, por tanto ofrec\u00eda un nuevo sacrificio personal para que la \u201cpersona que encarne la Instituci\u00f3n mon\u00e1rquica [\u2026] pueda ser llamada a asumir la suprema jerarqu\u00eda del pa\u00eds\u201d. Este nuevo depositario de la corona debe \u201cencarnar la esperanza de los que desean una Espa\u00f1a nueva, libre de los defectos y vicios del pasado, en el que un sentido eficaz y vivo del patriotismo vaya unido a una m\u00e1s adecuada organizaci\u00f3n de la sociedad y del Estado, y a una m\u00e1s equitativa participaci\u00f3n de todos en la prosperidad general\u201d. Para todo ello traspasaba su legitimidad hist\u00f3rica, por patriotismo, a su hijo Juan quien \u201csin discusi\u00f3n posible\u201d podr\u00eda ser \u201cel d\u00eda de ma\u00f1ana, cuando Espa\u00f1a lo juzgue oportuno, el rey de todos los espa\u00f1oles\u201d.<\/p><p>M\u00e1s all\u00e1 de justificaciones personales o las referencias a su sacrificio, el texto nos traslada dos ideas principales. La primera es que consideraba que el triunfo militar hab\u00eda cumplido la misi\u00f3n de salvar a Espa\u00f1a, aquello que \u00e9l intent\u00f3 pero no pudo llevar a cabo. La segunda es que ha entendido que la monarqu\u00eda solo pod\u00eda regresar reformada, adecuada a esa \u201cEspa\u00f1a nueva\u201d con \u201cuna m\u00e1s adecuada organizaci\u00f3n de la sociedad y del Estado\u201d. \u00c9l personificaba la <em>vieja Espa\u00f1a<\/em>, a su pesar, por tanto no le quedaba m\u00e1s remedio que dar paso a quien si pudiera identificarse con esa <em>juventud espa\u00f1ola<\/em>. Eso s\u00ed, tambi\u00e9n era consciente de que solo <em>Espa\u00f1a<\/em> pod\u00eda juzgar cuando sea el momento oportuno para una restauraci\u00f3n. Y en ese momento decir Espa\u00f1a era lo mismo que decir Franco. Al final el exrey acept\u00f3 sin condiciones el concepto de <em>nueva monarqu\u00eda<\/em> que Franco hab\u00eda expresado en su entrevista de 1937 al <em>ABC<\/em>. De ah\u00ed que en ning\u00fan momento del documento encontremos exigencias, amenazas o siquiera reivindicaciones. Todo es voluntad de servicio, patriotismo y colaboraci\u00f3n.<\/p><p><a href=\"#_ftnref1\" name=\"_ftn1\">[1]<\/a> PLAT\u00d3N (1998) pp. 571-572<\/p>\t\t\t\t\t\t<\/div>\n\t\t\t\t<\/div>\n\t\t\t\t\t<\/div>\n\t\t<\/div>\n\t\t\t\t\t\t\t<\/div>\n\t\t<\/section>\n\t\t\t\t\t\t\t<\/div>\n\t\t","protected":false},"excerpt":{"rendered":"<p>POL\u00cdTICA E IDEOLOG\u00cdA EN LA FAMILIA REAL ESPA\u00d1OLA (1931-1945) 7.2. Postguerra, abdicaci\u00f3n y muerte de Alfonso XIII. Abdicaci\u00f3n y muerte<\/p>\n","protected":false},"author":1,"featured_media":2394,"comment_status":"closed","ping_status":"closed","sticky":false,"template":"","format":"standard","meta":{"colormag_page_layout":"no_sidebar_full_width","footnotes":""},"categories":[62],"tags":[58],"class_list":["post-2393","post","type-post","status-publish","format-standard","has-post-thumbnail","hentry","category-familia-real-espanola-1931-1945","tag-monarquia"],"_links":{"self":[{"href":"https:\/\/www.jesusprieto.es\/index.php\/wp-json\/wp\/v2\/posts\/2393","targetHints":{"allow":["GET"]}}],"collection":[{"href":"https:\/\/www.jesusprieto.es\/index.php\/wp-json\/wp\/v2\/posts"}],"about":[{"href":"https:\/\/www.jesusprieto.es\/index.php\/wp-json\/wp\/v2\/types\/post"}],"author":[{"embeddable":true,"href":"https:\/\/www.jesusprieto.es\/index.php\/wp-json\/wp\/v2\/users\/1"}],"replies":[{"embeddable":true,"href":"https:\/\/www.jesusprieto.es\/index.php\/wp-json\/wp\/v2\/comments?post=2393"}],"version-history":[{"count":4,"href":"https:\/\/www.jesusprieto.es\/index.php\/wp-json\/wp\/v2\/posts\/2393\/revisions"}],"predecessor-version":[{"id":2399,"href":"https:\/\/www.jesusprieto.es\/index.php\/wp-json\/wp\/v2\/posts\/2393\/revisions\/2399"}],"wp:featuredmedia":[{"embeddable":true,"href":"https:\/\/www.jesusprieto.es\/index.php\/wp-json\/wp\/v2\/media\/2394"}],"wp:attachment":[{"href":"https:\/\/www.jesusprieto.es\/index.php\/wp-json\/wp\/v2\/media?parent=2393"}],"wp:term":[{"taxonomy":"category","embeddable":true,"href":"https:\/\/www.jesusprieto.es\/index.php\/wp-json\/wp\/v2\/categories?post=2393"},{"taxonomy":"post_tag","embeddable":true,"href":"https:\/\/www.jesusprieto.es\/index.php\/wp-json\/wp\/v2\/tags?post=2393"}],"curies":[{"name":"wp","href":"https:\/\/api.w.org\/{rel}","templated":true}]}}