{"id":2386,"date":"2020-09-08T05:00:45","date_gmt":"2020-09-08T05:00:45","guid":{"rendered":"http:\/\/www.jesusprieto.es\/?p=2386"},"modified":"2021-03-23T20:10:10","modified_gmt":"2021-03-23T20:10:10","slug":"7-1-postguerra-abdicacion-y-muerte-de-alfonso-xiii-relaciones-de-la-familia-real-y-los-monarquicos-con-el-primer-franquismo","status":"publish","type":"post","link":"https:\/\/www.jesusprieto.es\/index.php\/2020\/09\/08\/7-1-postguerra-abdicacion-y-muerte-de-alfonso-xiii-relaciones-de-la-familia-real-y-los-monarquicos-con-el-primer-franquismo\/","title":{"rendered":"7.1. Postguerra, abdicaci\u00f3n y muerte de Alfonso XIII. Relaciones de la Familia Real y los Mon\u00e1rquicos con el primer franquismo."},"content":{"rendered":"\t\t<div data-elementor-type=\"wp-post\" data-elementor-id=\"2386\" class=\"elementor elementor-2386\">\n\t\t\t\t\t\t\t\t\t<section class=\"elementor-section elementor-top-section elementor-element elementor-element-eff884b elementor-section-boxed elementor-section-height-default elementor-section-height-default\" data-id=\"eff884b\" data-element_type=\"section\">\n\t\t\t\t\t\t<div class=\"elementor-container elementor-column-gap-default\">\n\t\t\t\t\t<div class=\"elementor-column elementor-col-100 elementor-top-column elementor-element elementor-element-7e77cf3\" data-id=\"7e77cf3\" data-element_type=\"column\">\n\t\t\t<div class=\"elementor-widget-wrap elementor-element-populated\">\n\t\t\t\t\t\t\t\t<div class=\"elementor-element elementor-element-3a96b75 elementor-widget elementor-widget-heading\" data-id=\"3a96b75\" data-element_type=\"widget\" data-widget_type=\"heading.default\">\n\t\t\t\t<div class=\"elementor-widget-container\">\n\t\t\t<h2 class=\"elementor-heading-title elementor-size-default\">POL\u00cdTICA E IDEOLOG\u00cdA EN LA FAMILIA REAL ESPA\u00d1OLA \n(1931-1945)<\/h2>\t\t<\/div>\n\t\t\t\t<\/div>\n\t\t\t\t\t<\/div>\n\t\t<\/div>\n\t\t\t\t\t\t\t<\/div>\n\t\t<\/section>\n\t\t\t\t<section class=\"elementor-section elementor-top-section elementor-element elementor-element-3d8410f elementor-section-boxed elementor-section-height-default elementor-section-height-default\" data-id=\"3d8410f\" data-element_type=\"section\">\n\t\t\t\t\t\t<div class=\"elementor-container elementor-column-gap-default\">\n\t\t\t\t\t<div class=\"elementor-column elementor-col-100 elementor-top-column elementor-element elementor-element-3263506\" data-id=\"3263506\" data-element_type=\"column\">\n\t\t\t<div class=\"elementor-widget-wrap elementor-element-populated\">\n\t\t\t\t\t\t\t\t<div class=\"elementor-element elementor-element-0dc08a0 elementor-widget elementor-widget-heading\" data-id=\"0dc08a0\" data-element_type=\"widget\" data-widget_type=\"heading.default\">\n\t\t\t\t<div class=\"elementor-widget-container\">\n\t\t\t<h2 class=\"elementor-heading-title elementor-size-default\">7.1. Postguerra, abdicaci\u00f3n y muerte de Alfonso XIII. Relaciones de la Familia Real y los Mon\u00e1rquicos con el primer franquismo. <\/h2>\t\t<\/div>\n\t\t\t\t<\/div>\n\t\t\t\t\t<\/div>\n\t\t<\/div>\n\t\t\t\t\t\t\t<\/div>\n\t\t<\/section>\n\t\t\t\t<section class=\"elementor-section elementor-top-section elementor-element elementor-element-5393c2d elementor-section-boxed elementor-section-height-default elementor-section-height-default\" data-id=\"5393c2d\" data-element_type=\"section\">\n\t\t\t\t\t\t<div class=\"elementor-container elementor-column-gap-default\">\n\t\t\t\t\t<div class=\"elementor-column elementor-col-100 elementor-top-column elementor-element elementor-element-affa2de\" data-id=\"affa2de\" data-element_type=\"column\">\n\t\t\t<div class=\"elementor-widget-wrap elementor-element-populated\">\n\t\t\t\t\t\t\t\t<div class=\"elementor-element elementor-element-83f4d0f elementor-widget elementor-widget-text-editor\" data-id=\"83f4d0f\" data-element_type=\"widget\" data-widget_type=\"text-editor.default\">\n\t\t\t\t<div class=\"elementor-widget-container\">\n\t\t\t\t\t\t\t<p>Los generales mon\u00e1rquicos fueron los primeros en mostrar a Franco su disconformidad con Serrano Su\u00f1er y en criticar la indecisi\u00f3n del r\u00e9gimen a la hora de definir la forma de Estado. Ya desde los tiempos de la guerra, civiles como Vegas Latapi\u00e9<a href=\"#_ftn1\" name=\"_ftnref1\">[1]<\/a> hab\u00edan tomado una postura cr\u00edtica con el nuevo r\u00e9gimen militar y en abril de 1939 la salida de Sainz Rodr\u00edguez del Ministerio de Educaci\u00f3n Nacional provoc\u00f3 la primera crisis ministerial del franquismo<a href=\"#_ftn2\" name=\"_ftnref2\">[2]<\/a>. En agosto de 1939 se form\u00f3 un nuevo gobierno donde, pese a la abundante presencia de mon\u00e1rquicos, algunos quedaron disgustados por el giro falangista del mismo, as\u00ed como por la constataci\u00f3n de que Franco consideraba mantenerse en el poder de forma indefinida. Kindel\u00e1n<a href=\"#_ftn3\" name=\"_ftnref3\">[3]<\/a> fue la principal figura de estos primeros generales \u201cdescontentos\u201d, junto con Orgaz, Ponte, Vig\u00f3n y D\u00e1vila. A\u00fan as\u00ed, hasta la muerte de Alfonso XIII no se producir\u00eda ning\u00fan escarceo serio entre los mon\u00e1rquicos y el franquismo.<\/p><p>El exrey comprendi\u00f3 que cualquier proyecto restaurador quedaba aplazado sin fecha, mostrando p\u00fablicamente durante sus dos \u00faltimos a\u00f1os su adhesi\u00f3n al nuevo r\u00e9gimen y sin dejar traslucir la m\u00e1s m\u00ednima prisa respecto a una posible restauraci\u00f3n<a href=\"#_ftn4\" name=\"_ftnref4\">[4]<\/a>. Convertido Goicoechea en Gobernador del Banco de Espa\u00f1a y ocupando altos cargos en el r\u00e9gimen el resto de supervivientes del alfonsismo, desde el inicio de la guerra solo tuvo a su alrededor un c\u00edrculo muy reducido, cuya mayor figura fue el jefe de su casa, el conde de los Andes.<\/p><p>Fueron los generales mon\u00e1rquicos los que tomaron el papel protagonista dentro del campo mon\u00e1rquico, y de ellos procedi\u00f3 una vez m\u00e1s un ultimo intento de solicitar su abdicaci\u00f3n.\u00a0 Juan Vig\u00f3n, convertido en Jefe del Estado Mayor, se lo solicitar\u00e1 a finales de 1939, v\u00eda el conde de los Andes quien asegurar\u00e1 que \u201cS.M. estaba ya resuelto en principio\u201d<a href=\"#_ftn5\" name=\"_ftnref5\">[5]<\/a>. Probablemente, como aseguran algunos autores<a href=\"#_ftn6\" name=\"_ftnref6\">[6]<\/a>, en la decisi\u00f3n de Alfonso XIII pesaba la posibilidad de que con Juan la restauraci\u00f3n fuera m\u00e1s r\u00e1pida y sencilla, pero sobre todo se decidi\u00f3 finalmente \u201ccuando su salud empeor\u00f3 a\u00fan m\u00e1s gravemente\u201d<a href=\"#_ftn7\" name=\"_ftnref7\">[7]<\/a> Tampoco Juan de Borb\u00f3n mostr\u00f3 en ning\u00fan momento ansiedad por recibir sus derechos. Jam\u00e1s encontraremos ni en aquel momento o en el futuro menci\u00f3n alguna o reproche, m\u00e1s all\u00e1 de la continua alabanza y sumisi\u00f3n a su padre.<\/p><p><a href=\"#_ftnref1\" name=\"_ftn1\">[1]<\/a> DE LA CIERVA (1997) pp. 130-132<\/p><p><a href=\"#_ftnref2\" name=\"_ftn2\">[2]<\/a> Ibidem pp.146-47<\/p><p><a href=\"#_ftnref3\" name=\"_ftn3\">[3]<\/a> PLAT\u00d3N (1998) pp. 558-559. El principal desaire de Franco a Kindel\u00e1n habr\u00eda sido el nombramiento de Yag\u00fce como Ministro del Ej\u00e9rcito del Aire.<\/p><p><a href=\"#_ftnref4\" name=\"_ftn4\">[4]<\/a> Pese a este silencio oficial si existieron algunos roces, como el que detalla GONZ\u00c1LEZ CALLEJA \u201cEl exrey\u201d pp. 430-431 \u201c[ante una carta de Franco de diciembre de 1939] Despechado, don Alfonso coment\u00f3 despectivamente que la misiva \u2018parece escrita por un dem\u00f3crata cristiano cualquiera\u2019 y que no la quiso divulgar para no \u2018sembrar ciza\u00f1a entre los espa\u00f1oles\u2019\u201d<\/p><p><a href=\"#_ftnref5\" name=\"_ftn5\">[5]<\/a> Ibidem p.560<\/p><p><a href=\"#_ftnref6\" name=\"_ftn6\">[6]<\/a> CASALS (2019) p.169- Cita el libro de confidencias de Ram\u00f3n de Franch, <em>Genio y figura de Alfonso XIII, <\/em>a quien el Rey en diciembre de 1940 habr\u00eda dicho \u201cYo se lo perdono todo a Franco, y para facilitarle la tarea, si es contra m\u00ed que va la resistencia, estoy dispuesto a abdicar en mi hijo, Juan, apenas yo vuelva de Roma en fecha muy pr\u00f3xima\u201d<\/p><p><a href=\"#_ftnref7\" name=\"_ftn7\">[7]<\/a> AR\u00d3STEGUI (2002) p.74<\/p>\t\t\t\t\t\t<\/div>\n\t\t\t\t<\/div>\n\t\t\t\t\t<\/div>\n\t\t<\/div>\n\t\t\t\t\t\t\t<\/div>\n\t\t<\/section>\n\t\t\t\t\t\t\t<\/div>\n\t\t","protected":false},"excerpt":{"rendered":"<p>POL\u00cdTICA E IDEOLOG\u00cdA EN LA FAMILIA REAL ESPA\u00d1OLA (1931-1945) 7.1. Postguerra, abdicaci\u00f3n y muerte de Alfonso XIII. Relaciones de la<\/p>\n","protected":false},"author":1,"featured_media":2387,"comment_status":"closed","ping_status":"closed","sticky":false,"template":"","format":"standard","meta":{"colormag_page_layout":"no_sidebar_full_width","footnotes":""},"categories":[62],"tags":[58],"class_list":["post-2386","post","type-post","status-publish","format-standard","has-post-thumbnail","hentry","category-familia-real-espanola-1931-1945","tag-monarquia"],"_links":{"self":[{"href":"https:\/\/www.jesusprieto.es\/index.php\/wp-json\/wp\/v2\/posts\/2386","targetHints":{"allow":["GET"]}}],"collection":[{"href":"https:\/\/www.jesusprieto.es\/index.php\/wp-json\/wp\/v2\/posts"}],"about":[{"href":"https:\/\/www.jesusprieto.es\/index.php\/wp-json\/wp\/v2\/types\/post"}],"author":[{"embeddable":true,"href":"https:\/\/www.jesusprieto.es\/index.php\/wp-json\/wp\/v2\/users\/1"}],"replies":[{"embeddable":true,"href":"https:\/\/www.jesusprieto.es\/index.php\/wp-json\/wp\/v2\/comments?post=2386"}],"version-history":[{"count":4,"href":"https:\/\/www.jesusprieto.es\/index.php\/wp-json\/wp\/v2\/posts\/2386\/revisions"}],"predecessor-version":[{"id":2391,"href":"https:\/\/www.jesusprieto.es\/index.php\/wp-json\/wp\/v2\/posts\/2386\/revisions\/2391"}],"wp:featuredmedia":[{"embeddable":true,"href":"https:\/\/www.jesusprieto.es\/index.php\/wp-json\/wp\/v2\/media\/2387"}],"wp:attachment":[{"href":"https:\/\/www.jesusprieto.es\/index.php\/wp-json\/wp\/v2\/media?parent=2386"}],"wp:term":[{"taxonomy":"category","embeddable":true,"href":"https:\/\/www.jesusprieto.es\/index.php\/wp-json\/wp\/v2\/categories?post=2386"},{"taxonomy":"post_tag","embeddable":true,"href":"https:\/\/www.jesusprieto.es\/index.php\/wp-json\/wp\/v2\/tags?post=2386"}],"curies":[{"name":"wp","href":"https:\/\/api.w.org\/{rel}","templated":true}]}}