{"id":2374,"date":"2020-09-08T06:00:27","date_gmt":"2020-09-08T06:00:27","guid":{"rendered":"http:\/\/www.jesusprieto.es\/?p=2374"},"modified":"2021-03-23T20:09:34","modified_gmt":"2021-03-23T20:09:34","slug":"5-la-familia-real-durante-la-guerra-civil","status":"publish","type":"post","link":"https:\/\/www.jesusprieto.es\/index.php\/2020\/09\/08\/5-la-familia-real-durante-la-guerra-civil\/","title":{"rendered":"5. La Familia Real durante la Guerra Civil."},"content":{"rendered":"\t\t<div data-elementor-type=\"wp-post\" data-elementor-id=\"2374\" class=\"elementor elementor-2374\">\n\t\t\t\t\t\t\t\t\t<section class=\"elementor-section elementor-top-section elementor-element elementor-element-e6d608f elementor-section-boxed elementor-section-height-default elementor-section-height-default\" data-id=\"e6d608f\" data-element_type=\"section\">\n\t\t\t\t\t\t<div class=\"elementor-container elementor-column-gap-default\">\n\t\t\t\t\t<div class=\"elementor-column elementor-col-100 elementor-top-column elementor-element elementor-element-a520388\" data-id=\"a520388\" data-element_type=\"column\">\n\t\t\t<div class=\"elementor-widget-wrap elementor-element-populated\">\n\t\t\t\t\t\t\t\t<div class=\"elementor-element elementor-element-4dca6a1 elementor-widget elementor-widget-heading\" data-id=\"4dca6a1\" data-element_type=\"widget\" data-widget_type=\"heading.default\">\n\t\t\t\t<div class=\"elementor-widget-container\">\n\t\t\t<h2 class=\"elementor-heading-title elementor-size-default\">POL\u00cdTICA E IDEOLOG\u00cdA EN LA FAMILIA REAL ESPA\u00d1OLA \n(1931-1945)<\/h2>\t\t<\/div>\n\t\t\t\t<\/div>\n\t\t\t\t\t<\/div>\n\t\t<\/div>\n\t\t\t\t\t\t\t<\/div>\n\t\t<\/section>\n\t\t\t\t<section class=\"elementor-section elementor-top-section elementor-element elementor-element-5c88236 elementor-section-boxed elementor-section-height-default elementor-section-height-default\" data-id=\"5c88236\" data-element_type=\"section\">\n\t\t\t\t\t\t<div class=\"elementor-container elementor-column-gap-default\">\n\t\t\t\t\t<div class=\"elementor-column elementor-col-100 elementor-top-column elementor-element elementor-element-8351cb2\" data-id=\"8351cb2\" data-element_type=\"column\">\n\t\t\t<div class=\"elementor-widget-wrap elementor-element-populated\">\n\t\t\t\t\t\t\t\t<div class=\"elementor-element elementor-element-08d351a elementor-widget elementor-widget-heading\" data-id=\"08d351a\" data-element_type=\"widget\" data-widget_type=\"heading.default\">\n\t\t\t\t<div class=\"elementor-widget-container\">\n\t\t\t<h2 class=\"elementor-heading-title elementor-size-default\">5. La Familia Real durante la Guerra Civil.<\/h2>\t\t<\/div>\n\t\t\t\t<\/div>\n\t\t\t\t\t<\/div>\n\t\t<\/div>\n\t\t\t\t\t\t\t<\/div>\n\t\t<\/section>\n\t\t\t\t<section class=\"elementor-section elementor-top-section elementor-element elementor-element-7cd27be elementor-section-boxed elementor-section-height-default elementor-section-height-default\" data-id=\"7cd27be\" data-element_type=\"section\">\n\t\t\t\t\t\t<div class=\"elementor-container elementor-column-gap-default\">\n\t\t\t\t\t<div class=\"elementor-column elementor-col-100 elementor-top-column elementor-element elementor-element-40f17a6\" data-id=\"40f17a6\" data-element_type=\"column\">\n\t\t\t<div class=\"elementor-widget-wrap elementor-element-populated\">\n\t\t\t\t\t\t\t\t<div class=\"elementor-element elementor-element-cf141fe elementor-widget elementor-widget-text-editor\" data-id=\"cf141fe\" data-element_type=\"widget\" data-widget_type=\"text-editor.default\">\n\t\t\t\t<div class=\"elementor-widget-container\">\n\t\t\t\t\t\t\t<p>Existe unanimidad en la bibliograf\u00eda a la hora de resumir la relaci\u00f3n de la familia real con la sublevaci\u00f3n militar: Alfonso XIII, y en mayor medida a\u00fan su hijo, apoyaron sin reservas al bando rebelde, pol\u00edtica, econ\u00f3mica, moral y entusi\u00e1sticamente. Su alineaci\u00f3n con la \u201ccruzada\u201d nacional y su apoyo a la propia figura de Franco fue incondicional y se mantuvo durante toda la guerra. Pero existen enormes discrepancias y disparidad de an\u00e1lisis, en ocasiones contradictorias, a la hora de establecer su papel en la conspiraci\u00f3n, el alcance de su colaboraci\u00f3n o las relaciones que establecieron con Franco.<\/p><p>Respecto a su papel en la conspiraci\u00f3n ser\u00e1n precisamente los m\u00e1s mon\u00e1rquicos<a href=\"#_ftn1\" name=\"_ftnref1\">[1]<\/a> y los m\u00e1s cr\u00edticos<a href=\"#_ftn2\" name=\"_ftnref2\">[2]<\/a> con la monarqu\u00eda quienes m\u00e1s incidan en la importancia del papel del exrey y sus seguidores en el \u201cAlzamiento\u201d. Otros como Gonz\u00e1lez Calleja nos dir\u00e1 que \u201cel papel del exrey en el golpe militar que se preparaba desde la primavera de 1936 result\u00f3 irrelevante\u201d<a href=\"#_ftn3\" name=\"_ftnref3\">[3]<\/a>, e incluso Ar\u00f3stegui llega a afirmar que \u201cSanjurjo aceptaba ejercer un poder provisional, antes de dar paso a la Monarqu\u00eda, pero excluyendo a los \u2018alfonsinos\u2019, a cuyo Rey [\u2026] aseguraba detestar\u201d<a href=\"#_ftn4\" name=\"_ftnref4\">[4]<\/a>. Existi\u00f3 una trama mon\u00e1rquica detr\u00e1s del golpe, pero probablemente solo tuvieron un papel relevante alguna de las figuras alfonsinas. As\u00ed, es evidente que Sainz Rodr\u00edguez o Vegas Latapi\u00e9 estuvieron al corriente, pues viajaron a Burgos (plaza segura) a recibir a Sanjurjo. Otros como Goicoechea o el propio monarca no parece que estuvieran tan al tanto de los acontecimientos, pues al primero le encontrar\u00eda el inicio de la guerra en Madrid, desprevenido, y teniendo que huir camuflado los primeros d\u00edas, mientras que Alfonso XIII se fue de cacer\u00eda a Checoslovaquia. Por \u00faltimo, parece claro que para otros muchos result\u00f3 una sorpresa, como fue el caso de Maeztu, en la redacci\u00f3n de <em>AE,<\/em> teniendo que esconderse durante un mes hasta que fue detenido, o V\u00edctor Pradera en San Sebasti\u00e1n. Ambos fueron las primeras bajas significativas del campo mon\u00e1rquico. Pero de lo que no podemos tener duda, es de que la totalidad de los mon\u00e1rquicos se volcaron desde el primer d\u00eda en ayudar al \u201cBando Nacional\u201d.<\/p><p>En los primeros d\u00edas de la guerra, Mola envi\u00f3 a Luca de Tena a Lausanne con una carta para el Rey. Seg\u00fan el periodista su respuesta fue \u201ccuando veas a Franco o Mola, diles de mi parte que su primer soldado soy yo\u201d<a href=\"#_ftn5\" name=\"_ftnref5\">[5]<\/a>. Mola fue tambi\u00e9n quien envi\u00f3 a Goicoechea a Roma el d\u00eda 24 de julio para solicitar de Mussolini que pusiera en marcha el pacto firmado en marzo de 1934<a href=\"#_ftn6\" name=\"_ftnref6\">[6]<\/a>. Viaj\u00f3 con Sainz Rodr\u00edguez y mantuvieron numerosos contactos con Alfonso XIII, quien mediante una llamada personal al Duce consigui\u00f3 una partida de aviones para los sublevados. Adem\u00e1s fue de los primeros y mayores contribuidores a la causa, donando una cantidad que la mayor\u00eda de la historiograf\u00eda establece en un mill\u00f3n de pesetas. Esta donaci\u00f3n fue respondida por una carta de agradecimiento por parte de Franco, el primer contacto directo que existi\u00f3 entre ambos<a href=\"#_ftn7\" name=\"_ftnref7\">[7]<\/a>.<\/p><p>El inicio de la guerra fue el momento en que Juan de Borb\u00f3n adquiri\u00f3 una personalidad propia. Si hasta ese momento dif\u00edcilmente podemos atribuirle papel pol\u00edtico alguno, cuando termine la contienda s\u00ed encontraremos a una figura pol\u00edticamente independiente, activa y en cierto modo con una agenda personal, paralela a la de su padre. Es durante la guerra cuando cre\u00f3 todo un circulo de contactos propios y una imagen p\u00fablica, que ahora s\u00ed, se caracteriz\u00f3 por su adhesi\u00f3n sin paliativos a las doctrinas defendidas por <em>AE<\/em> y posteriormente por el Movimiento Nacional. Durante este tiempo se publicaron adem\u00e1s algunas obras centradas en presentarlo como un ejemplo mod\u00e9lico de esa nueva juventud espa\u00f1ola que combat\u00eda el marxismo. La principal fue <em>El Pr\u00edncipe <\/em>de Bonmat\u00ed, con declaraciones de la familia real: \u201cJuan tuvo siempre- me dec\u00eda do\u00f1a Mar\u00eda de las Mercedes- una fe ciega en los destinos de grandeza de nuestra Patria. Cuando recib\u00eda una noticia con la \u00faltima barbaridad del Gobierno rojo o sus secuaces, se pon\u00eda furioso y preguntaba; \u2018\u00bfY los nuestros qu\u00e9 han hecho? Algo habr\u00e1n hecho, desde luego -dec\u00eda-, porque has de saber que Espa\u00f1a es inmortal; de eso no te quepa duda; y yo tengo el convencimiento absoluto de que la Falange en la calle, las minor\u00edas mon\u00e1rquicas en el Parlamento, acabar\u00e1n con toda esa gentuza y con tanta farsa de parlamentarismo, elecciones y monsergas. Sin contar con que el Ej\u00e9rcito no lo aguanta. Si no, al tiempo\u201d<a href=\"#_ftn8\" name=\"_ftnref8\">[8]<\/a>.<\/p><p>El heredero se mostr\u00f3 comprometido con la causa, ansioso por participar y totalmente sumiso y adulador en una correspondencia puramente formal con Franco<a href=\"#_ftn9\" name=\"_ftnref9\">[9]<\/a>, llegando incluso a recriminar actitudes cr\u00edticas a ciertos mon\u00e1rquicos<a href=\"#_ftn10\" name=\"_ftnref10\">[10]<\/a>. Pero tambi\u00e9n se mostr\u00f3 siempre obediente a los deseos de su padre. El 1 de agosto de 1936, al d\u00eda siguiente de nacer su primera hija, entr\u00f3 en Espa\u00f1a con la intenci\u00f3n de combatir en el frente de Madrid, vestido con las flechas falangistas y la gorra carlista. No lleg\u00f3 m\u00e1s all\u00e1 de Aranda de Duero, tras visitar Burgos, donde celebr\u00f3 una peque\u00f1a audiencia con los mon\u00e1rquicos, con el omnipresente Goicoechea incluido. Regres\u00f3 a Francia tras exig\u00edrselo el mando militar. En diciembre de 1936 escribi\u00f3 a Franco proponiendo su participaci\u00f3n en la marina, a lo que el Caudillo se volvi\u00f3 a negar en contestaci\u00f3n epistolar, aduciendo la necesidad de preservar la integridad del posible heredero al trono. Tambi\u00e9n realiz\u00f3 alg\u00fan movimiento para rescatar a Jos\u00e9 Antonio de la c\u00e1rcel de Alicante<a href=\"#_ftn11\" name=\"_ftnref11\">[11]<\/a>.<\/p><p>Durante estos a\u00f1os continuaron las presiones sobre Alfonso XIII para lograr su abdicaci\u00f3n. Franco abri\u00f3 el camino con una entrevista a <em>ABC <\/em>donde abrazaba completamente el ideario de <em>AE<\/em>, postergando la decisi\u00f3n sobre el futuro r\u00e9gimen, y sobre todo advert\u00eda: \u201cS\u00ed el momento de la Restauraci\u00f3n llegara [\u2026] la nueva Monarqu\u00eda tendr\u00eda que ser, desde luego, muy distinta de la que cay\u00f3 el 14 de abril de 1931: distinta o diferente en el contenido y, aunque nos duela a muchos, pero hay que atenerse a la realidad, hasta en la Persona que la encarne.\u201d<em> <a href=\"#_ftn12\" name=\"_ftnref12\"><strong>[12]<\/strong><\/a><\/em> Posteriormente, en noviembre de 1938 hubo un intent\u00f3 en Lausanne por parte de varios mon\u00e1rquicos de convencer a Alfonso XIII en la necesidad de su abdicaci\u00f3n<a href=\"#_ftn13\" name=\"_ftnref13\">[13]<\/a>. El exrey ya no se negaba en redondo a esta posibilidad, pero siempre condicionada a la rehabilitaci\u00f3n de sus derechos. El resultado fue el decreto emitido por Franco el 15 de diciembre anulando el Acta de acusaci\u00f3n republicana. Anteriormente, en marzo de ese mismo a\u00f1o, ya hab\u00eda tenido otro gesto hacia la familia real al nombrar un secretario diplom\u00e1tico para el heredero (Ram\u00f3n Padilla, quien se mantendr\u00eda en el puesto hasta 1966). Ambos agradecieron efusivamente estos gestos, que en cierto modo manten\u00edan la ilusi\u00f3n de una posible restauraci\u00f3n. Durante toda la guerra la colaboraci\u00f3n fue fluida y constante. Los mon\u00e1rquicos fueron los que mejor aceptaron el Decreto de Unificaci\u00f3n. Muchos autores destacan la filiaci\u00f3n mon\u00e1rquica de generales como Kindel\u00e1n, Ponte y Orgaz, as\u00ed como la influencia de Berenguer sobre Franco. Habr\u00eda sido Alfonso XIII, por medio de estos generales quien consigui\u00f3 el mando \u00fanico para el General\u00edsimo. Este incluso acept\u00f3 sus consejos diplom\u00e1ticos<a href=\"#_ftn14\" name=\"_ftnref14\">[14]<\/a> en ocasiones.<\/p><p>Pocos gestos m\u00e1s significativos que las celebraciones al finalizar la guerra. Tras un cruce de telegramas de exaltaci\u00f3n entre ambas partes, Alfonso XIII presidi\u00f3 un Te Deum en Roma, al tiempo que anunciaba la concesi\u00f3n a Franco de la Gran Cruz Laureada de San Francisco. Uno de los grandes reproches que se le har\u00e1n posteriormente al monarca ser\u00e1 su nula intenci\u00f3n durante todo el transcurso de la guerra de siquiera intentar cualquier ejercicio de mediaci\u00f3n o arbitraje entre las partes<a href=\"#_ftn15\" name=\"_ftnref15\">[15]<\/a>.\u00a0 La confraternidad entre la familia real y los vencedores fue total.<\/p><p><a href=\"#_ftnref1\" name=\"_ftn1\">[1]<\/a> Como ejemplo Anson, que siguiendo a Sainz Rodr\u00edguez nos dir\u00e1 que Alfonso XIII estaba completamente informado y hab\u00eda dado su aprobaci\u00f3n a la conspiraci\u00f3n militar, liderada por Sanjurjo y con el objetivo de devolver el trono al exrey, quien abdicar\u00eda y se lo pasar\u00eda a su hijo ANSON (1994) pp.124-126. Es la opini\u00f3n tambi\u00e9n de De la Cierva.<\/p><p><a href=\"#_ftnref2\" name=\"_ftn2\">[2]<\/a> Cas\u00f3 de Cardona o m\u00e1s recientemente \u00c1ngel Vi\u00f1as, quien en su libro \u00bf<em>Qui\u00e9n quiso la Guerra Civil?<\/em> Critica. Madrid. 2019 asegura que el \u201cAlzamiento\u201d consisti\u00f3 en una conspiraci\u00f3n entre militares, mon\u00e1rquicos y Mussolini, con protagonismo de Goicoechea.<\/p><p><a href=\"#_ftnref3\" name=\"_ftn3\">[3]<\/a> GONZ\u00c1LEZ CALLEJA \u201cEl exrey\u201d p.426. Es una opini\u00f3n similar a la mantenida por Tusell y Queipo de Llano, que tambi\u00e9n tienden a relativizar el apoyo del monarca a los sublevados: TUSELL\/QUEIPO DE LLANO (2003) Posici\u00f3n 11423: \u201cla posici\u00f3n de Alfonso XIII fue menos explicita, sobre todo en un principio, y, quiz\u00e1, m\u00e1s discreta\u201d.<\/p><p><a href=\"#_ftnref4\" name=\"_ftn4\">[4]<\/a> PLAT\u00d3N (1998) p. 491. La cita corresponde al libro de Julio Ar\u00f3stegui, <em>La Guerra Civil, 1936-1939: la ruptura democr\u00e1tica. <\/em>Temas de Hoy. 1996<\/p><p><a href=\"#_ftnref5\" name=\"_ftn5\">[5]<\/a> Ibidem p.491<\/p><p><a href=\"#_ftnref6\" name=\"_ftn6\">[6]<\/a> Ibidem p.496<\/p><p><a href=\"#_ftnref7\" name=\"_ftn7\">[7]<\/a> Ibidem p.515<\/p><p><a href=\"#_ftnref8\" name=\"_ftn8\">[8]<\/a> BONMAT\u00cd, J. (1938) p.151.<\/p><p><a href=\"#_ftnref9\" name=\"_ftn9\">[9]<\/a> Quiz\u00e1 el ejemplo m\u00e1s destacado sea su carta manuscrita del 28 de diciembre de 1937 donde se desvincula de cualquier actuaci\u00f3n que ponga su nombre como posible futuro pol\u00edtico de Espa\u00f1a, en PLAT\u00d3N (1998) p. 535 \u201casegurarle que a ninguna persona, espa\u00f1ola o extranjera, he autorizado a expresar otras ideas que mi deseo de obedecer las \u00f3rdenes de V.E.\u201d<\/p><p><a href=\"#_ftnref10\" name=\"_ftn10\">[10]<\/a> PLAT\u00d3N (1998) p. 537- Carta que env\u00eda a Vegas Latapi\u00e9 el 6 de abril de 1938 recrimin\u00e1ndole su postura cr\u00edtica: \u201ces mejor que no cojas \u2018al toro por los cuernos\u2019 en estos momentos tan dif\u00edciles de la pol\u00edtica espa\u00f1ola\u201d<\/p><p><a href=\"#_ftnref11\" name=\"_ftn11\">[11]<\/a> SAINZ RODR\u00cdGUEZ (1981) p.277-278. Lo cuenta el propio Juan de Borb\u00f3n, diciendo que la familia Primo de Rivera hab\u00eda acudido a Victoria Eugenia, y \u00e9l contacto con la marina inglesa para preparar un rescate, pero se habr\u00edan negado desde Salamanca. Alfonso XIII tambi\u00e9n habr\u00eda contactado con Le\u00f3n Blum, el jefe de gobierno franc\u00e9s en aquel momento, sin \u00e9xito.\u00a0<\/p><p><a href=\"#_ftnref12\" name=\"_ftn12\">[12]<\/a> <em>Una hora con el General\u00edsimo. <\/em>ABC Sevilla. 18 julio 1937. pp. 3-5. Alfonso XIII le enviar\u00eda una carta a Franco por esta entrevista, que el general tardar\u00eda seis meses en responder, justificando la indefinici\u00f3n del r\u00e9gimen y dejando abiertas las esperanzas a una restauraci\u00f3n; la reacci\u00f3n de Alfonso XIII a la carta habr\u00eda sido de indignaci\u00f3n\u201d parece escrita por un dem\u00f3crata cristiano cualquiera\u201d PLAT\u00d3N (1998) pp. 529-534<\/p><p><a href=\"#_ftnref13\" name=\"_ftn13\">[13]<\/a> GONZ\u00c1LEZ CALLEJA \u201cEl exrey\u201d p. 429<\/p><p><a href=\"#_ftnref14\" name=\"_ftn14\">[14]<\/a> PLAT\u00d3N (1998) p. 522. Cita una carta del exrey a Kindel\u00e1n.<\/p><p><a href=\"#_ftnref15\" name=\"_ftn15\">[15]<\/a> Es una tesis defendida por Rafael Borr\u00e1s en <em>El Rey de los Rojos <\/em>y en su libro sobre Alfonso XIII <em>El rey perjuro. <\/em>Ediciones B. Barcelona. 2007<\/p>\t\t\t\t\t\t<\/div>\n\t\t\t\t<\/div>\n\t\t\t\t\t<\/div>\n\t\t<\/div>\n\t\t\t\t\t\t\t<\/div>\n\t\t<\/section>\n\t\t\t\t\t\t\t<\/div>\n\t\t","protected":false},"excerpt":{"rendered":"<p>POL\u00cdTICA E IDEOLOG\u00cdA EN LA FAMILIA REAL ESPA\u00d1OLA (1931-1945) 5. La Familia Real durante la Guerra Civil. Existe unanimidad en<\/p>\n","protected":false},"author":1,"featured_media":2375,"comment_status":"closed","ping_status":"closed","sticky":false,"template":"","format":"standard","meta":{"colormag_page_layout":"no_sidebar_full_width","footnotes":""},"categories":[62],"tags":[58],"class_list":["post-2374","post","type-post","status-publish","format-standard","has-post-thumbnail","hentry","category-familia-real-espanola-1931-1945","tag-monarquia"],"_links":{"self":[{"href":"https:\/\/www.jesusprieto.es\/index.php\/wp-json\/wp\/v2\/posts\/2374","targetHints":{"allow":["GET"]}}],"collection":[{"href":"https:\/\/www.jesusprieto.es\/index.php\/wp-json\/wp\/v2\/posts"}],"about":[{"href":"https:\/\/www.jesusprieto.es\/index.php\/wp-json\/wp\/v2\/types\/post"}],"author":[{"embeddable":true,"href":"https:\/\/www.jesusprieto.es\/index.php\/wp-json\/wp\/v2\/users\/1"}],"replies":[{"embeddable":true,"href":"https:\/\/www.jesusprieto.es\/index.php\/wp-json\/wp\/v2\/comments?post=2374"}],"version-history":[{"count":4,"href":"https:\/\/www.jesusprieto.es\/index.php\/wp-json\/wp\/v2\/posts\/2374\/revisions"}],"predecessor-version":[{"id":2379,"href":"https:\/\/www.jesusprieto.es\/index.php\/wp-json\/wp\/v2\/posts\/2374\/revisions\/2379"}],"wp:featuredmedia":[{"embeddable":true,"href":"https:\/\/www.jesusprieto.es\/index.php\/wp-json\/wp\/v2\/media\/2375"}],"wp:attachment":[{"href":"https:\/\/www.jesusprieto.es\/index.php\/wp-json\/wp\/v2\/media?parent=2374"}],"wp:term":[{"taxonomy":"category","embeddable":true,"href":"https:\/\/www.jesusprieto.es\/index.php\/wp-json\/wp\/v2\/categories?post=2374"},{"taxonomy":"post_tag","embeddable":true,"href":"https:\/\/www.jesusprieto.es\/index.php\/wp-json\/wp\/v2\/tags?post=2374"}],"curies":[{"name":"wp","href":"https:\/\/api.w.org\/{rel}","templated":true}]}}