{"id":2368,"date":"2020-09-08T06:30:00","date_gmt":"2020-09-08T06:30:00","guid":{"rendered":"http:\/\/www.jesusprieto.es\/?p=2368"},"modified":"2021-03-23T20:09:26","modified_gmt":"2021-03-23T20:09:26","slug":"4-6-renovacion-espanola-testaferro-de-alfonso-xiii-las-elecciones-de-1036-y-el-gobierno-del-frente-popular","status":"publish","type":"post","link":"https:\/\/www.jesusprieto.es\/index.php\/2020\/09\/08\/4-6-renovacion-espanola-testaferro-de-alfonso-xiii-las-elecciones-de-1036-y-el-gobierno-del-frente-popular\/","title":{"rendered":"4.6. Renovaci\u00f3n Espa\u00f1ola, testaferro de Alfonso XIII. Las elecciones de 1036 y el Gobierno del Frente Popular."},"content":{"rendered":"\t\t<div data-elementor-type=\"wp-post\" data-elementor-id=\"2368\" class=\"elementor elementor-2368\">\n\t\t\t\t\t\t\t\t\t<section class=\"elementor-section elementor-top-section elementor-element elementor-element-def1ce2 elementor-section-boxed elementor-section-height-default elementor-section-height-default\" data-id=\"def1ce2\" data-element_type=\"section\">\n\t\t\t\t\t\t<div class=\"elementor-container elementor-column-gap-default\">\n\t\t\t\t\t<div class=\"elementor-column elementor-col-100 elementor-top-column elementor-element elementor-element-26483fa\" data-id=\"26483fa\" data-element_type=\"column\">\n\t\t\t<div class=\"elementor-widget-wrap elementor-element-populated\">\n\t\t\t\t\t\t\t\t<div class=\"elementor-element elementor-element-335bc99 elementor-widget elementor-widget-heading\" data-id=\"335bc99\" data-element_type=\"widget\" data-widget_type=\"heading.default\">\n\t\t\t\t<div class=\"elementor-widget-container\">\n\t\t\t<h2 class=\"elementor-heading-title elementor-size-default\">POL\u00cdTICA E IDEOLOG\u00cdA EN LA FAMILIA REAL ESPA\u00d1OLA \n(1931-1945)<\/h2>\t\t<\/div>\n\t\t\t\t<\/div>\n\t\t\t\t\t<\/div>\n\t\t<\/div>\n\t\t\t\t\t\t\t<\/div>\n\t\t<\/section>\n\t\t\t\t<section class=\"elementor-section elementor-top-section elementor-element elementor-element-2ab1767 elementor-section-boxed elementor-section-height-default elementor-section-height-default\" data-id=\"2ab1767\" data-element_type=\"section\">\n\t\t\t\t\t\t<div class=\"elementor-container elementor-column-gap-default\">\n\t\t\t\t\t<div class=\"elementor-column elementor-col-100 elementor-top-column elementor-element elementor-element-5f43168\" data-id=\"5f43168\" data-element_type=\"column\">\n\t\t\t<div class=\"elementor-widget-wrap elementor-element-populated\">\n\t\t\t\t\t\t\t\t<div class=\"elementor-element elementor-element-201cd0a elementor-widget elementor-widget-heading\" data-id=\"201cd0a\" data-element_type=\"widget\" data-widget_type=\"heading.default\">\n\t\t\t\t<div class=\"elementor-widget-container\">\n\t\t\t<h2 class=\"elementor-heading-title elementor-size-default\">4.6. Renovaci\u00f3n Espa\u00f1ola, testaferro de Alfonso XIII. Las elecciones de 1036 y el Gobierno del Frente Popular.<\/h2>\t\t<\/div>\n\t\t\t\t<\/div>\n\t\t\t\t\t<\/div>\n\t\t<\/div>\n\t\t\t\t\t\t\t<\/div>\n\t\t<\/section>\n\t\t\t\t<section class=\"elementor-section elementor-top-section elementor-element elementor-element-0d656ce elementor-section-boxed elementor-section-height-default elementor-section-height-default\" data-id=\"0d656ce\" data-element_type=\"section\">\n\t\t\t\t\t\t<div class=\"elementor-container elementor-column-gap-default\">\n\t\t\t\t\t<div class=\"elementor-column elementor-col-100 elementor-top-column elementor-element elementor-element-76b464b\" data-id=\"76b464b\" data-element_type=\"column\">\n\t\t\t<div class=\"elementor-widget-wrap elementor-element-populated\">\n\t\t\t\t\t\t\t\t<div class=\"elementor-element elementor-element-a9b40ba elementor-widget elementor-widget-text-editor\" data-id=\"a9b40ba\" data-element_type=\"widget\" data-widget_type=\"text-editor.default\">\n\t\t\t\t<div class=\"elementor-widget-container\">\n\t\t\t\t\t\t\t<p>En 1934 hab\u00eda desaparecido el comit\u00e9 de enlace electoral creado por los distintos partidos de derechas, desarroll\u00e1ndose una gran tensi\u00f3n entre los mismos en los meses anteriores a la celebraci\u00f3n de las elecciones que llevaron al gobierno al Frente Popular.<\/p><p>Tambi\u00e9n desde 1934, Goicoechea buscaba alianzas que ensancharan el campo de acci\u00f3n mon\u00e1rquico. La Revoluci\u00f3n de Octubre multiplic\u00f3 estos esfuerzos, con continuos movimientos buscando un golpe militar que no acaba de llegar<a href=\"#_ftn1\" name=\"_ftnref1\">[1]<\/a>. En marzo de aquel a\u00f1o Goicoechea (en compa\u00f1\u00eda del carlista general Barrera) hab\u00eda firmado con Mussolini un compromiso para suministrar armas y dinero \u201ccon el fin de derribarlo [el r\u00e9gimen republicano] y reemplazarle por una Regencia que preparar\u00eda la restauraci\u00f3n completa de la monarqu\u00eda\u201d<a href=\"#_ftn2\" name=\"_ftnref2\">[2]<\/a> En agosto de 1935 sell\u00f3 un segundo acuerdo con Falange, que se malograr\u00e1 en los siguientes meses. El protagonismo de Goicoechea en todos estos movimientos nos muestra que Alfonso XIII, pese a su discurso p\u00fablico, conspiraba para derribar la Rep\u00fablica. Y para ello no dud\u00f3 en buscar alianzas con los sectores m\u00e1s extremistas. Pero del mismo modo las diferencias program\u00e1ticas entre alfonsinos, bloquistas, carlistas, falangistas o accidentalistas no fueron tantas como pudieran parecernos. Todos ellos coquetearon en un momento dado con doctrinas autoritarias y totalitarias, intentaron formar organizaciones paramilitares y declararon su admiraci\u00f3n a los nuevos reg\u00edmenes extremistas europeos. El propio Alfonso XIII emiti\u00f3 continuas manifestaciones contra la deriva de la Rep\u00fablica, \u201cdesastrosa\u201d, \u201cespiritualmente desmembrada, divida, perdida la unidad moral\u201d, \u201cdividida en bander\u00edas\u201d<a href=\"#_ftn3\" name=\"_ftnref3\">[3]<\/a>, aunque nunca renunci\u00f3 en su discurso al pasado liberal o lleg\u00f3 a realizar una identificaci\u00f3n con los nuevos postulados ideol\u00f3gicos del modo que s\u00ed lo har\u00e1 posteriormente con los sublevados militares. La verdadera diferencia entre todos estos grupos de derecha consisti\u00f3 en qui\u00e9n pudiera encabezar la jefatura del Estado y como se configurar\u00eda la misma.<\/p><p>Ante las elecciones de febrero de 1936, todo parece indicar que Alfonso XIII sigui\u00f3 jugando a dos barajas. Toman visos de verosimilitud las famosas declaraciones que le hizo a Cortes Cavanillas: \u201cestimo mucho la labor de Renovaci\u00f3n Espa\u00f1ola, pero hay que convencerse de que es un reducido y escogido grupo de mon\u00e1rquicos entusiastas, pero de sal\u00f3n, no podr\u00e1n obtener grandes ventajas en el camino de la Restauraci\u00f3n mon\u00e1rquica\u201d<a href=\"#_ftn4\" name=\"_ftnref4\">[4]<\/a>.\u00a0 Mientras crec\u00eda el enfrentamiento entre Calvo Sotelo y Gil Robles, peligrando la coalici\u00f3n electoral, fue de nuevo Goicoechea el elegido por el monarca para liderar sus intereses, aun a costa de quedar diluidos en la uni\u00f3n con los accidentalistas, que no accedieron siquiera a firmar un programa com\u00fan. En este momento, el exrey lleg\u00f3 incluso a negarse a apoyar la l\u00ednea oficial del Bloque, contraria a la colaboraci\u00f3n con los cedistas, recibiendo el mismo d\u00eda a representantes de ambos partidos a los que asegur\u00f3 que \u201cdeseaba ver a los diversos partidos de la derecha afrontar la batalla electoral sin otro compromiso rec\u00edproco que el de revisar la Constituci\u00f3n, as\u00ed como su convicci\u00f3n de que no hab\u00eda llegado todav\u00eda el momento de jugar la carta de la restauraci\u00f3n\u201d<a href=\"#_ftn5\" name=\"_ftnref5\">[5]<\/a>.<\/p><p>Los resultados fueron desastrosos para los partidos de derechas. La CEDA baj\u00f3 hasta los 88 esca\u00f1os y RE consigui\u00f3 12, con otros 9 para Comuni\u00f3n Tradicionalista.\u00a0 Gil Robles y su partido entraron en un estado de consternaci\u00f3n y letargo del que no se recuperar\u00e1n<a href=\"#_ftn6\" name=\"_ftnref6\">[6]<\/a>. Pero para RE supuso una implosi\u00f3n, Goicoechea hab\u00eda perdido su acta y pr\u00e1cticamente todas las obtenidas por los alfonsinos pertenec\u00edan a militantes comprometidos con el Bloque. As\u00ed, Calvo Sotelo se convirti\u00f3 en el verdadero l\u00edder de la oposici\u00f3n durante los siguientes meses, la estrella ascendente de la derecha espa\u00f1ola. Ya desde la campa\u00f1a hab\u00eda ofrecido un discurso \u201cantimarxista, antirepublicano y antidemocr\u00e1tico\u201d<a href=\"#_ftn7\" name=\"_ftnref7\">[7]<\/a>, totalitarista, con continuos llamamientos a la sublevaci\u00f3n militar. Su \u00e9xito y el desmembramiento de RE le permitieron una independencia total hacia Alfonso XIII, que se vio postergado durante esos meses. <\/p><p><a href=\"#_ftnref1\" name=\"_ftn1\">[1]<\/a> GONZ\u00c1LEZ CUEVAS (2000) p.343. Nos dice que tras octubre de 1934 \u201clos mon\u00e1rquicos vieron entonces la ocasi\u00f3n propicia para su ansiado golpe de Estado militar. Incluso planearon traer a Sanjurjo desde Estoril\u201d<\/p><p><a href=\"#_ftnref2\" name=\"_ftn2\">[2]<\/a> PLATON (1998) p.379. La cita es directa del documento firmado.<\/p><p><a href=\"#_ftnref3\" name=\"_ftn3\">[3]<\/a> CARRETERO NOVILLO (1934) p. 86<\/p><p><a href=\"#_ftnref4\" name=\"_ftn4\">[4]<\/a> CORTES CAVANILLAS (2000) p. 418<\/p><p><a href=\"#_ftnref5\" name=\"_ftn5\">[5]<\/a> GIL PECHARROM\u00c1N (1984) p.115. Son declaraciones del monarca recogidas por la prensa pr\u00f3xima a RE<\/p><p><a href=\"#_ftnref6\" name=\"_ftn6\">[6]<\/a> GONZ\u00c1LEZ CALLEJA et alii (2015) pp. 1166-1167. \u201centre 10 y 15.000 miembros de la JAP se pasaron a FE con armas y bagajes\u201d, \u201cel traspaso de la titularidad de la oposici\u00f3n derechista de Gil Robles a Calvo Sotelo son indicios plausibles de un tr\u00e1nsito bastante generalizado de la derecha cat\u00f3lica hacia posturas antidemocr\u00e1ticas\u201d.<\/p><p><a href=\"#_ftnref7\" name=\"_ftn7\">[7]<\/a> \u00c1LVAREZ TARD\u00cdO (2017) p. 68<\/p>\t\t\t\t\t\t<\/div>\n\t\t\t\t<\/div>\n\t\t\t\t\t<\/div>\n\t\t<\/div>\n\t\t\t\t\t\t\t<\/div>\n\t\t<\/section>\n\t\t\t\t\t\t\t<\/div>\n\t\t","protected":false},"excerpt":{"rendered":"<p>POL\u00cdTICA E IDEOLOG\u00cdA EN LA FAMILIA REAL ESPA\u00d1OLA (1931-1945) 4.6. Renovaci\u00f3n Espa\u00f1ola, testaferro de Alfonso XIII. Las elecciones de 1036<\/p>\n","protected":false},"author":1,"featured_media":2369,"comment_status":"closed","ping_status":"closed","sticky":false,"template":"","format":"standard","meta":{"colormag_page_layout":"no_sidebar_full_width","footnotes":""},"categories":[62],"tags":[58],"class_list":["post-2368","post","type-post","status-publish","format-standard","has-post-thumbnail","hentry","category-familia-real-espanola-1931-1945","tag-monarquia"],"_links":{"self":[{"href":"https:\/\/www.jesusprieto.es\/index.php\/wp-json\/wp\/v2\/posts\/2368","targetHints":{"allow":["GET"]}}],"collection":[{"href":"https:\/\/www.jesusprieto.es\/index.php\/wp-json\/wp\/v2\/posts"}],"about":[{"href":"https:\/\/www.jesusprieto.es\/index.php\/wp-json\/wp\/v2\/types\/post"}],"author":[{"embeddable":true,"href":"https:\/\/www.jesusprieto.es\/index.php\/wp-json\/wp\/v2\/users\/1"}],"replies":[{"embeddable":true,"href":"https:\/\/www.jesusprieto.es\/index.php\/wp-json\/wp\/v2\/comments?post=2368"}],"version-history":[{"count":4,"href":"https:\/\/www.jesusprieto.es\/index.php\/wp-json\/wp\/v2\/posts\/2368\/revisions"}],"predecessor-version":[{"id":2373,"href":"https:\/\/www.jesusprieto.es\/index.php\/wp-json\/wp\/v2\/posts\/2368\/revisions\/2373"}],"wp:featuredmedia":[{"embeddable":true,"href":"https:\/\/www.jesusprieto.es\/index.php\/wp-json\/wp\/v2\/media\/2369"}],"wp:attachment":[{"href":"https:\/\/www.jesusprieto.es\/index.php\/wp-json\/wp\/v2\/media?parent=2368"}],"wp:term":[{"taxonomy":"category","embeddable":true,"href":"https:\/\/www.jesusprieto.es\/index.php\/wp-json\/wp\/v2\/categories?post=2368"},{"taxonomy":"post_tag","embeddable":true,"href":"https:\/\/www.jesusprieto.es\/index.php\/wp-json\/wp\/v2\/tags?post=2368"}],"curies":[{"name":"wp","href":"https:\/\/api.w.org\/{rel}","templated":true}]}}