{"id":2362,"date":"2020-09-08T07:00:40","date_gmt":"2020-09-08T07:00:40","guid":{"rendered":"http:\/\/www.jesusprieto.es\/?p=2362"},"modified":"2021-03-23T20:09:19","modified_gmt":"2021-03-23T20:09:19","slug":"4-5-renovacion-espanola-testaferro-de-alfonso-xiii-la-creacion-del-bloque-y-el-enfrentamiento-con-alfonso-xiii","status":"publish","type":"post","link":"https:\/\/www.jesusprieto.es\/index.php\/2020\/09\/08\/4-5-renovacion-espanola-testaferro-de-alfonso-xiii-la-creacion-del-bloque-y-el-enfrentamiento-con-alfonso-xiii\/","title":{"rendered":"4.5. Renovaci\u00f3n Espa\u00f1ola, testaferro de Alfonso XIII. La creaci\u00f3n del bloque y el enfrentamiento con Alfonso XIII."},"content":{"rendered":"\t\t<div data-elementor-type=\"wp-post\" data-elementor-id=\"2362\" class=\"elementor elementor-2362\">\n\t\t\t\t\t\t\t\t\t<section class=\"elementor-section elementor-top-section elementor-element elementor-element-b0b1a16 elementor-section-boxed elementor-section-height-default elementor-section-height-default\" data-id=\"b0b1a16\" data-element_type=\"section\">\n\t\t\t\t\t\t<div class=\"elementor-container elementor-column-gap-default\">\n\t\t\t\t\t<div class=\"elementor-column elementor-col-100 elementor-top-column elementor-element elementor-element-7408271\" data-id=\"7408271\" data-element_type=\"column\">\n\t\t\t<div class=\"elementor-widget-wrap elementor-element-populated\">\n\t\t\t\t\t\t\t\t<div class=\"elementor-element elementor-element-54dd452 elementor-widget elementor-widget-heading\" data-id=\"54dd452\" data-element_type=\"widget\" data-widget_type=\"heading.default\">\n\t\t\t\t<div class=\"elementor-widget-container\">\n\t\t\t<h2 class=\"elementor-heading-title elementor-size-default\">POL\u00cdTICA E IDEOLOG\u00cdA EN LA FAMILIA REAL ESPA\u00d1OLA \n(1931-1945)<\/h2>\t\t<\/div>\n\t\t\t\t<\/div>\n\t\t\t\t\t<\/div>\n\t\t<\/div>\n\t\t\t\t\t\t\t<\/div>\n\t\t<\/section>\n\t\t\t\t<section class=\"elementor-section elementor-top-section elementor-element elementor-element-449f50c elementor-section-boxed elementor-section-height-default elementor-section-height-default\" data-id=\"449f50c\" data-element_type=\"section\">\n\t\t\t\t\t\t<div class=\"elementor-container elementor-column-gap-default\">\n\t\t\t\t\t<div class=\"elementor-column elementor-col-100 elementor-top-column elementor-element elementor-element-33ca024\" data-id=\"33ca024\" data-element_type=\"column\">\n\t\t\t<div class=\"elementor-widget-wrap elementor-element-populated\">\n\t\t\t\t\t\t\t\t<div class=\"elementor-element elementor-element-70829e0 elementor-widget elementor-widget-heading\" data-id=\"70829e0\" data-element_type=\"widget\" data-widget_type=\"heading.default\">\n\t\t\t\t<div class=\"elementor-widget-container\">\n\t\t\t<h2 class=\"elementor-heading-title elementor-size-default\">4.5. Renovaci\u00f3n Espa\u00f1ola, testaferro de Alfonso XIII. La creaci\u00f3n del bloque y el enfrentamiento con Alfonso XIII.<\/h2>\t\t<\/div>\n\t\t\t\t<\/div>\n\t\t\t\t\t<\/div>\n\t\t<\/div>\n\t\t\t\t\t\t\t<\/div>\n\t\t<\/section>\n\t\t\t\t<section class=\"elementor-section elementor-top-section elementor-element elementor-element-1f67bab elementor-section-boxed elementor-section-height-default elementor-section-height-default\" data-id=\"1f67bab\" data-element_type=\"section\">\n\t\t\t\t\t\t<div class=\"elementor-container elementor-column-gap-default\">\n\t\t\t\t\t<div class=\"elementor-column elementor-col-100 elementor-top-column elementor-element elementor-element-067cc4d\" data-id=\"067cc4d\" data-element_type=\"column\">\n\t\t\t<div class=\"elementor-widget-wrap elementor-element-populated\">\n\t\t\t\t\t\t\t\t<div class=\"elementor-element elementor-element-a277037 elementor-widget elementor-widget-text-editor\" data-id=\"a277037\" data-element_type=\"widget\" data-widget_type=\"text-editor.default\">\n\t\t\t\t<div class=\"elementor-widget-container\">\n\t\t\t\t\t\t\t<p>Pero pese a esta ausencia del heredero, es evidente que su figura fue utilizada por el grupo de <em>AE<\/em>, promoviendo la abdicaci\u00f3n de Alfonso XIII como una necesidad de cara a romper con el pasado liberal y manteniendo el desider\u00e1tum de convertir a Juan de Borb\u00f3n en depositario de sus propias esencias.<\/p><p>En diciembre de 1934 se configur\u00f3 el Bloque Nacional, verdadero instrumento pol\u00edtico del grupo, pero sin atreverse a romper con el alfonsismo, debido a su vocaci\u00f3n de unificar todas las derechas posibles. Sin establecerse como partido pol\u00edtico al uso, presentaban una plataforma electoral a la que pudieran adherirse el resto de partidos. Emitieron un Manifiesto claramente totalitario, que anticipaba punto por punto el entramado ideol\u00f3gico del futuro Movimiento Nacional, proponiendo un \u201cEstado nuevo [ \u2026 con dos caracter\u00edsticas] esenciales de UNIDAD DE MANDO Y CONTINUIDAD HIST\u00d3RICA TRADICIONAL\u201d<a href=\"#_ftn1\" name=\"_ftnref1\">[1]<\/a>. Sorprendentemente no consideraban \u201csustantivo, el problema de la forma de gobierno\u201d, pero esta declaraci\u00f3n parece ser puramente ret\u00f3rica con la intenci\u00f3n de atraer fuerzas como las falangistas que ya se presentaban muy cr\u00edticas con la monarqu\u00eda.<\/p><p>La actividad del Bloque fue muy intensa desde su creaci\u00f3n, provocando pr\u00e1cticamente la ruptura de RE con la mayor\u00eda gubernamental. Fue el Bloque quien defini\u00f3 ideol\u00f3gicamente a los alfonsinos a partir de ese momento. RE se integr\u00f3 dentro para no romper la unidad mon\u00e1rquica, del mismo modo que los carlistas hasta la ascensi\u00f3n de Fal Conde, pero las tensiones estallar\u00e1n precisamente en octubre de 1935 con motivo de la boda del heredero en Roma, donde viajaron la pr\u00e1ctica totalidad de las figuras alfonsinas. La noche anterior a la ceremonia se celebr\u00f3 un banquete preparado por el grupo de <em>AE <\/em>donde en un principio el heredero pronunciar\u00eda un discurso de adhesi\u00f3n a sus postulados, anulando su participaci\u00f3n a \u00faltima hora, seguramente siguiendo las indicaciones de su padre, y con el consiguiente enfado de los organizadores. Se limit\u00f3 a enviar una carta de agradecimiento a Pem\u00e1n, donde muchos ver\u00e1n posteriormente la comuni\u00f3n entre el nuevo pr\u00edncipe y el tradicionalismo<a href=\"#_ftn2\" name=\"_ftnref2\">[2]<\/a>. En realidad es una nota muy breve, escrita por Juan Vig\u00f3n, donde se limitaba a saludar y alabar la publicaci\u00f3n, como probablemente habr\u00eda hecho en cualquier otro caso similar<a href=\"#_ftn3\" name=\"_ftnref3\">[3]<\/a>. Al d\u00eda siguiente de la boda, con los novios ya fuera de Roma, se celebr\u00f3 una audiencia de Alfonso XIII a la plana mayor de RE, donde el exrey perdi\u00f3 las formas, acabando a gritos con Calvo Sotelo: \u201cSi t\u00fa has fundado el Bloque Nacional, conviene tambi\u00e9n que sepas que Juan y yo somos tambi\u00e9n un bloque\u201d<a href=\"#_ftn4\" name=\"_ftnref4\">[4]<\/a>. Pese a un acto de conciliaci\u00f3n d\u00edas despu\u00e9s, esta distancia entre el alfonsismo y el Bloque (liderado por Calvo Sotelo y el grupo de AE) no har\u00e1 m\u00e1s que incrementarse con los meses.<\/p><p><a href=\"#_ftnref1\" name=\"_ftn1\">[1]<\/a> PLAT\u00d3N (1998) p. 397<\/p><p><a href=\"#_ftnref2\" name=\"_ftn2\">[2]<\/a> El propio Juan de Borb\u00f3n asumi\u00f3 esta tesis a\u00f1os despu\u00e9s en una carta al pretendiente carlista que analizaremos posteriormente.<\/p><p><a href=\"#_ftnref3\" name=\"_ftn3\">[3]<\/a> BORR\u00c1S (1996) p.92<\/p><p><a href=\"#_ftnref4\" name=\"_ftn4\">[4]<\/a> TUSELL \/ QUEIPO DE LLANO (2003) Posici\u00f3n 11381<\/p>\t\t\t\t\t\t<\/div>\n\t\t\t\t<\/div>\n\t\t\t\t\t<\/div>\n\t\t<\/div>\n\t\t\t\t\t\t\t<\/div>\n\t\t<\/section>\n\t\t\t\t\t\t\t<\/div>\n\t\t","protected":false},"excerpt":{"rendered":"<p>POL\u00cdTICA E IDEOLOG\u00cdA EN LA FAMILIA REAL ESPA\u00d1OLA (1931-1945) 4.5. Renovaci\u00f3n Espa\u00f1ola, testaferro de Alfonso XIII. La creaci\u00f3n del bloque<\/p>\n","protected":false},"author":1,"featured_media":2363,"comment_status":"closed","ping_status":"closed","sticky":false,"template":"","format":"standard","meta":{"colormag_page_layout":"no_sidebar_full_width","footnotes":""},"categories":[62],"tags":[58],"class_list":["post-2362","post","type-post","status-publish","format-standard","has-post-thumbnail","hentry","category-familia-real-espanola-1931-1945","tag-monarquia"],"_links":{"self":[{"href":"https:\/\/www.jesusprieto.es\/index.php\/wp-json\/wp\/v2\/posts\/2362","targetHints":{"allow":["GET"]}}],"collection":[{"href":"https:\/\/www.jesusprieto.es\/index.php\/wp-json\/wp\/v2\/posts"}],"about":[{"href":"https:\/\/www.jesusprieto.es\/index.php\/wp-json\/wp\/v2\/types\/post"}],"author":[{"embeddable":true,"href":"https:\/\/www.jesusprieto.es\/index.php\/wp-json\/wp\/v2\/users\/1"}],"replies":[{"embeddable":true,"href":"https:\/\/www.jesusprieto.es\/index.php\/wp-json\/wp\/v2\/comments?post=2362"}],"version-history":[{"count":4,"href":"https:\/\/www.jesusprieto.es\/index.php\/wp-json\/wp\/v2\/posts\/2362\/revisions"}],"predecessor-version":[{"id":2367,"href":"https:\/\/www.jesusprieto.es\/index.php\/wp-json\/wp\/v2\/posts\/2362\/revisions\/2367"}],"wp:featuredmedia":[{"embeddable":true,"href":"https:\/\/www.jesusprieto.es\/index.php\/wp-json\/wp\/v2\/media\/2363"}],"wp:attachment":[{"href":"https:\/\/www.jesusprieto.es\/index.php\/wp-json\/wp\/v2\/media?parent=2362"}],"wp:term":[{"taxonomy":"category","embeddable":true,"href":"https:\/\/www.jesusprieto.es\/index.php\/wp-json\/wp\/v2\/categories?post=2362"},{"taxonomy":"post_tag","embeddable":true,"href":"https:\/\/www.jesusprieto.es\/index.php\/wp-json\/wp\/v2\/tags?post=2362"}],"curies":[{"name":"wp","href":"https:\/\/api.w.org\/{rel}","templated":true}]}}