{"id":2355,"date":"2020-09-08T07:30:51","date_gmt":"2020-09-08T07:30:51","guid":{"rendered":"http:\/\/www.jesusprieto.es\/?p=2355"},"modified":"2021-03-23T20:09:13","modified_gmt":"2021-03-23T20:09:13","slug":"4-4-renovacion-espanola-testaferro-de-alfonso-xiii-el-heredero-objeto-de-disputa","status":"publish","type":"post","link":"https:\/\/www.jesusprieto.es\/index.php\/2020\/09\/08\/4-4-renovacion-espanola-testaferro-de-alfonso-xiii-el-heredero-objeto-de-disputa\/","title":{"rendered":"4.4. Renovaci\u00f3n Espa\u00f1ola, testaferro de Alfonso XIII. El heredero, objeto de disputa."},"content":{"rendered":"\t\t<div data-elementor-type=\"wp-post\" data-elementor-id=\"2355\" class=\"elementor elementor-2355\">\n\t\t\t\t\t\t\t\t\t<section class=\"elementor-section elementor-top-section elementor-element elementor-element-820c6ce elementor-section-boxed elementor-section-height-default elementor-section-height-default\" data-id=\"820c6ce\" data-element_type=\"section\">\n\t\t\t\t\t\t<div class=\"elementor-container elementor-column-gap-default\">\n\t\t\t\t\t<div class=\"elementor-column elementor-col-100 elementor-top-column elementor-element elementor-element-6d6793f\" data-id=\"6d6793f\" data-element_type=\"column\">\n\t\t\t<div class=\"elementor-widget-wrap elementor-element-populated\">\n\t\t\t\t\t\t\t\t<div class=\"elementor-element elementor-element-4aaa3f4 elementor-widget elementor-widget-heading\" data-id=\"4aaa3f4\" data-element_type=\"widget\" data-widget_type=\"heading.default\">\n\t\t\t\t<div class=\"elementor-widget-container\">\n\t\t\t<h2 class=\"elementor-heading-title elementor-size-default\">POL\u00cdTICA E IDEOLOG\u00cdA EN LA FAMILIA REAL ESPA\u00d1OLA \n(1931-1945)<\/h2>\t\t<\/div>\n\t\t\t\t<\/div>\n\t\t\t\t\t<\/div>\n\t\t<\/div>\n\t\t\t\t\t\t\t<\/div>\n\t\t<\/section>\n\t\t\t\t<section class=\"elementor-section elementor-top-section elementor-element elementor-element-68cb529 elementor-section-boxed elementor-section-height-default elementor-section-height-default\" data-id=\"68cb529\" data-element_type=\"section\">\n\t\t\t\t\t\t<div class=\"elementor-container elementor-column-gap-default\">\n\t\t\t\t\t<div class=\"elementor-column elementor-col-100 elementor-top-column elementor-element elementor-element-8710734\" data-id=\"8710734\" data-element_type=\"column\">\n\t\t\t<div class=\"elementor-widget-wrap elementor-element-populated\">\n\t\t\t\t\t\t\t\t<div class=\"elementor-element elementor-element-f7cb7c3 elementor-widget elementor-widget-heading\" data-id=\"f7cb7c3\" data-element_type=\"widget\" data-widget_type=\"heading.default\">\n\t\t\t\t<div class=\"elementor-widget-container\">\n\t\t\t<h2 class=\"elementor-heading-title elementor-size-default\">4.4. Renovaci\u00f3n Espa\u00f1ola, testaferro de Alfonso XIII. El heredero, objeto de disputa.<\/h2>\t\t<\/div>\n\t\t\t\t<\/div>\n\t\t\t\t\t<\/div>\n\t\t<\/div>\n\t\t\t\t\t\t\t<\/div>\n\t\t<\/section>\n\t\t\t\t<section class=\"elementor-section elementor-top-section elementor-element elementor-element-bd4cf79 elementor-section-boxed elementor-section-height-default elementor-section-height-default\" data-id=\"bd4cf79\" data-element_type=\"section\">\n\t\t\t\t\t\t<div class=\"elementor-container elementor-column-gap-default\">\n\t\t\t\t\t<div class=\"elementor-column elementor-col-100 elementor-top-column elementor-element elementor-element-ed13eb4\" data-id=\"ed13eb4\" data-element_type=\"column\">\n\t\t\t<div class=\"elementor-widget-wrap elementor-element-populated\">\n\t\t\t\t\t\t\t\t<div class=\"elementor-element elementor-element-0360bca elementor-widget elementor-widget-text-editor\" data-id=\"0360bca\" data-element_type=\"widget\" data-widget_type=\"text-editor.default\">\n\t\t\t\t<div class=\"elementor-widget-container\">\n\t\t\t\t\t\t\t<p>Juan de Borb\u00f3n ten\u00eda 17 a\u00f1os en el momento del exilio, y durante todo el periodo republicano, pese a la relevancia que partidarios y opositores le quisieron dar posteriormente, tuvo un papel pasivo y meramente decorativo en el transcurso de los acontecimientos. Las principales razones para esta ausencia fue su edad, su absoluta sumisi\u00f3n a los designios de su padre y su lejan\u00eda de todos los centros de decisi\u00f3n durante los cinco a\u00f1os que dur\u00f3 la Rep\u00fablica.<\/p><p>Se reuni\u00f3 con su familia los primeros d\u00edas en Par\u00eds, pero inmediatamente viaj\u00f3 a Londres, donde su padre hab\u00eda conseguido un puesto para \u00e9l en la Royal Navy. Tras unos meses de instrucci\u00f3n en una escuela naval inglesa, se embarc\u00f3 en diversas expediciones alrededor del mundo hasta ser licenciado en marzo de 1935. Solo disfrut\u00f3 de tres cortos permisos durante estos cuatro a\u00f1os. Una vez licenciado se le envi\u00f3 tres meses a \u201cFlorencia donde estudia Historia, Ciencias Pol\u00edticas, Derecho, Sociolog\u00eda y Religi\u00f3n\u201d<a href=\"#_ftn1\" name=\"_ftnref1\">[1]<\/a>.\u00a0 En junio ya estaba de vacaciones que alarg\u00f3 hasta la celebraci\u00f3n de su boda en octubre. Tras ella viaj\u00f3 por todo el mundo en una luna de miel que durar\u00e1 hasta su establecimiento en Cannes, lugar de residencia de su madre, en mayo de 1936, sin protagonizar acto p\u00fablico, contacto o declaraci\u00f3n alguna hasta el momento del \u201cAlzamiento\u201d.<\/p><p>En definitiva, dif\u00edcilmente podemos adjudicarle ninguna adscripci\u00f3n o gesto porque simplemente no estuvo. Solo realiz\u00f3 cuatro actos antes de julio de 1936. El primero fue la entrega por su padre de una placa que le acreditaba como Pr\u00edncipe de Asturias, durante una escala en Malta en 1934. El segundo fue la entrevista con Carretero Novillo en Paris, donde no encontramos m\u00e1s que generalidades y buenos deseos por su parte. La tercera fue la reuni\u00f3n con los l\u00edderes mon\u00e1rquicos en aquellos mismos d\u00edas<a href=\"#_ftn2\" name=\"_ftnref2\">[2]<\/a>. Su cuarta y \u00faltima aparici\u00f3n fue durante las diferentes bodas familiares de 1935, no existiendo constancia de que mantuviera ning\u00fan contacto ni realizara manifestaci\u00f3n alguna en las dos primeras, si teniendo algo m\u00e1s de relevancia su presencia durante la suya propia, pero en todos estos casos sin protagonizar ning\u00fan acto por s\u00ed mismo.<\/p><p>No sabemos si esta ausencia del heredero fue deseo personal, irresponsabilidad por parte del exrey o una calculada estrategia de mantenerle lejos de los c\u00edrculos de poder. Desde el mismo d\u00eda de su nacimiento en 1913, y conociendo la situaci\u00f3n personal de sus dos hermanos mayores<a href=\"#_ftn3\" name=\"_ftnref3\">[3]<\/a> es de dif\u00edcil comprensi\u00f3n que no se preparar\u00e1 a Juan para heredar un trono que con toda probabilidad caer\u00eda en sus manos. Una prueba ser\u00eda la carta de agosto de 1931 del pretendiente carlista donde ya le daba como heredero, dos a\u00f1os antes de ser producirse el hecho. Tampoco hay una planificaci\u00f3n respecto al momento en que es nombrado: la crisis viene provocada por la decisi\u00f3n del pr\u00edncipe Alfonso de casarse sin consentimiento de su padre.\u00a0 De no haberse producido este hecho probablemente la l\u00ednea de sucesi\u00f3n se habr\u00eda mantenido indefinidamente. Tambi\u00e9n sorprende la rapidez con la que una vez Alfonso renuncia se pone en marcha una operaci\u00f3n para convencer a Jaime inmediatamente de ceder sus derechos. De ah\u00ed el asombro que muchos achacan a Juan en el momento en que telegr\u00e1ficamente su padre le anuncia su nueva situaci\u00f3n. Aun as\u00ed, sigui\u00f3 todav\u00eda dos a\u00f1os embarcado, fuera del foco y de sus principales obligaciones.<\/p><p>Sorprende tambi\u00e9n la forma en que Alfonso XIII le present\u00f3 oficialmente en 1934 ante el Carretero Novillo: primero se duele de las insinuaciones acerca de una posible abdicaci\u00f3n: \u201cMira. Esas son tonter\u00edas; ganas de separarnos a \u00e9ste y a mi\u2026. [\u2026] \u00a1Y eso no lo conseguir\u00e1 nadie nunca!\u201d <a href=\"#_ftn4\" name=\"_ftnref4\">[4]<\/a>. A continuaci\u00f3n pas\u00f3 a describirle de forma poco considerada; \u201cEste muchacho no est\u00e1 todav\u00eda en condiciones de echar sobre sus hombros la enorme carga de gobernar un pueblo\u2026 No ha sido preparado como yo lo fui por mi madre. Esto es l\u00f3gico, porque era el tercero de mis hijos y no pudimos prever que las circunstancias lo pusieran en trance de ser el heredero del Trono\u2026. No ha recibido, pues, la educaci\u00f3n necesaria para regir a una naci\u00f3n\u2026Adem\u00e1s, aunque, gracias a Dios, es ya f\u00edsicamente todo un hombre, en lo dem\u00e1s sigue siendo un ni\u00f1o\u2026 T\u00fa mismo, hablando con \u00e9l, lo ver\u00e1s\u201d. Pero la clave nos aparecer\u00e1 tras un par de p\u00e1rrafos: \u201cAs\u00ed que puedes decir terminantemente que, mientras yo viva o lo CREA OPORTUNO, no hay m\u00e1s rey de Espa\u00f1a que Alfonso XIII. Y en esto estamos perfectamente identificados \u00e9ste y yo\u201d. El exrey acababa de cumplir 48 a\u00f1os, consideraba a\u00fan muy lejano el momento en que pueda plantearse el problema sucesorio, y m\u00e1s lejana a\u00fan la posibilidad de compartir m\u00ednimamente su dominio de la constelaci\u00f3n mon\u00e1rquica.<\/p><p><a href=\"#_ftnref1\" name=\"_ftn1\">[1]<\/a> ANSON (1994) p.133.<\/p><p><a href=\"#_ftnref2\" name=\"_ftn2\">[2]<\/a> Ibidem p. 131. Anson lo narra diciendo que \u201cle visita la plana mayor del monarquismo. Oye por primera vez la palabra abdicaci\u00f3n y no le gusta. Siente veneraci\u00f3n por el Rey. Le informa a Alfonso XIII del asunto y el Monarca se irrita\u201d. Tambi\u00e9n asegura que cena en privado con Sainz Rodr\u00edguez. Pero conociendo el contexto de aquellos d\u00edas, esta versi\u00f3n nos parece m\u00e1s una recreaci\u00f3n, siendo muy dif\u00edcil que en todos estos actos no estuviera omnipresente Alfonso XIII acompa\u00f1ando a su heredero.<\/p><p><a href=\"#_ftnref3\" name=\"_ftn3\">[3]<\/a> El pr\u00edncipe Alfonso era 6 a\u00f1os mayor y desde su primera infancia manifest\u00f3 continuos problemas de salud debido a su hemofilia. Jaime qued\u00f3 sordo tras una intervenci\u00f3n en 1912, antes del nacimiento de su hermano Juan. Su hermano menor, Gonzalo, tambi\u00e9n era hemof\u00edlico, causa de su fallecimiento tras un accidente en 1934.<\/p><p><a href=\"#_ftnref4\" name=\"_ftn4\">[4]<\/a> CARRETERO NOVILLO (1934) pp. 98-100<\/p>\t\t\t\t\t\t<\/div>\n\t\t\t\t<\/div>\n\t\t\t\t\t<\/div>\n\t\t<\/div>\n\t\t\t\t\t\t\t<\/div>\n\t\t<\/section>\n\t\t\t\t\t\t\t<\/div>\n\t\t","protected":false},"excerpt":{"rendered":"<p>POL\u00cdTICA E IDEOLOG\u00cdA EN LA FAMILIA REAL ESPA\u00d1OLA (1931-1945) 4.4. Renovaci\u00f3n Espa\u00f1ola, testaferro de Alfonso XIII. El heredero, objeto de<\/p>\n","protected":false},"author":1,"featured_media":2358,"comment_status":"closed","ping_status":"closed","sticky":false,"template":"","format":"standard","meta":{"colormag_page_layout":"no_sidebar_full_width","footnotes":""},"categories":[62],"tags":[58],"class_list":["post-2355","post","type-post","status-publish","format-standard","has-post-thumbnail","hentry","category-familia-real-espanola-1931-1945","tag-monarquia"],"_links":{"self":[{"href":"https:\/\/www.jesusprieto.es\/index.php\/wp-json\/wp\/v2\/posts\/2355","targetHints":{"allow":["GET"]}}],"collection":[{"href":"https:\/\/www.jesusprieto.es\/index.php\/wp-json\/wp\/v2\/posts"}],"about":[{"href":"https:\/\/www.jesusprieto.es\/index.php\/wp-json\/wp\/v2\/types\/post"}],"author":[{"embeddable":true,"href":"https:\/\/www.jesusprieto.es\/index.php\/wp-json\/wp\/v2\/users\/1"}],"replies":[{"embeddable":true,"href":"https:\/\/www.jesusprieto.es\/index.php\/wp-json\/wp\/v2\/comments?post=2355"}],"version-history":[{"count":4,"href":"https:\/\/www.jesusprieto.es\/index.php\/wp-json\/wp\/v2\/posts\/2355\/revisions"}],"predecessor-version":[{"id":2361,"href":"https:\/\/www.jesusprieto.es\/index.php\/wp-json\/wp\/v2\/posts\/2355\/revisions\/2361"}],"wp:featuredmedia":[{"embeddable":true,"href":"https:\/\/www.jesusprieto.es\/index.php\/wp-json\/wp\/v2\/media\/2358"}],"wp:attachment":[{"href":"https:\/\/www.jesusprieto.es\/index.php\/wp-json\/wp\/v2\/media?parent=2355"}],"wp:term":[{"taxonomy":"category","embeddable":true,"href":"https:\/\/www.jesusprieto.es\/index.php\/wp-json\/wp\/v2\/categories?post=2355"},{"taxonomy":"post_tag","embeddable":true,"href":"https:\/\/www.jesusprieto.es\/index.php\/wp-json\/wp\/v2\/tags?post=2355"}],"curies":[{"name":"wp","href":"https:\/\/api.w.org\/{rel}","templated":true}]}}