{"id":2349,"date":"2020-09-08T08:00:52","date_gmt":"2020-09-08T08:00:52","guid":{"rendered":"http:\/\/www.jesusprieto.es\/?p=2349"},"modified":"2021-03-23T20:09:07","modified_gmt":"2021-03-23T20:09:07","slug":"4-3-renovacion-espanola-testaferro-de-alfonso-xiii-las-elecciones-de-noviembre-de-1933-y-el-comienzo-del-bieno-cedista","status":"publish","type":"post","link":"https:\/\/www.jesusprieto.es\/index.php\/2020\/09\/08\/4-3-renovacion-espanola-testaferro-de-alfonso-xiii-las-elecciones-de-noviembre-de-1933-y-el-comienzo-del-bieno-cedista\/","title":{"rendered":"4.3. Renovaci\u00f3n Espa\u00f1ola, testaferro de Alfonso XIII. Las elecciones de noviembre de 1933 y el comienzo del Bieno Cedista."},"content":{"rendered":"\t\t<div data-elementor-type=\"wp-post\" data-elementor-id=\"2349\" class=\"elementor elementor-2349\">\n\t\t\t\t\t\t\t\t\t<section class=\"elementor-section elementor-top-section elementor-element elementor-element-fc0367a elementor-section-boxed elementor-section-height-default elementor-section-height-default\" data-id=\"fc0367a\" data-element_type=\"section\">\n\t\t\t\t\t\t<div class=\"elementor-container elementor-column-gap-default\">\n\t\t\t\t\t<div class=\"elementor-column elementor-col-100 elementor-top-column elementor-element elementor-element-421e7c6\" data-id=\"421e7c6\" data-element_type=\"column\">\n\t\t\t<div class=\"elementor-widget-wrap elementor-element-populated\">\n\t\t\t\t\t\t\t\t<div class=\"elementor-element elementor-element-8f223c6 elementor-widget elementor-widget-heading\" data-id=\"8f223c6\" data-element_type=\"widget\" data-widget_type=\"heading.default\">\n\t\t\t\t<div class=\"elementor-widget-container\">\n\t\t\t<h2 class=\"elementor-heading-title elementor-size-default\">POL\u00cdTICA E IDEOLOG\u00cdA EN LA FAMILIA REAL ESPA\u00d1OLA \n(1931-1945)<\/h2>\t\t<\/div>\n\t\t\t\t<\/div>\n\t\t\t\t\t<\/div>\n\t\t<\/div>\n\t\t\t\t\t\t\t<\/div>\n\t\t<\/section>\n\t\t\t\t<section class=\"elementor-section elementor-top-section elementor-element elementor-element-c342d41 elementor-section-boxed elementor-section-height-default elementor-section-height-default\" data-id=\"c342d41\" data-element_type=\"section\">\n\t\t\t\t\t\t<div class=\"elementor-container elementor-column-gap-default\">\n\t\t\t\t\t<div class=\"elementor-column elementor-col-100 elementor-top-column elementor-element elementor-element-f9ffc16\" data-id=\"f9ffc16\" data-element_type=\"column\">\n\t\t\t<div class=\"elementor-widget-wrap elementor-element-populated\">\n\t\t\t\t\t\t\t\t<div class=\"elementor-element elementor-element-1b21884 elementor-widget elementor-widget-heading\" data-id=\"1b21884\" data-element_type=\"widget\" data-widget_type=\"heading.default\">\n\t\t\t\t<div class=\"elementor-widget-container\">\n\t\t\t<h2 class=\"elementor-heading-title elementor-size-default\">4.3. Renovaci\u00f3n Espa\u00f1ola, testaferro de Alfonso XIII. Las elecciones de noviembre de 1933 y el comienzo del Bieno Cedista.<\/h2>\t\t<\/div>\n\t\t\t\t<\/div>\n\t\t\t\t\t<\/div>\n\t\t<\/div>\n\t\t\t\t\t\t\t<\/div>\n\t\t<\/section>\n\t\t\t\t<section class=\"elementor-section elementor-top-section elementor-element elementor-element-dcea567 elementor-section-boxed elementor-section-height-default elementor-section-height-default\" data-id=\"dcea567\" data-element_type=\"section\">\n\t\t\t\t\t\t<div class=\"elementor-container elementor-column-gap-default\">\n\t\t\t\t\t<div class=\"elementor-column elementor-col-100 elementor-top-column elementor-element elementor-element-d4bd622\" data-id=\"d4bd622\" data-element_type=\"column\">\n\t\t\t<div class=\"elementor-widget-wrap elementor-element-populated\">\n\t\t\t\t\t\t\t\t<div class=\"elementor-element elementor-element-75123cf elementor-widget elementor-widget-text-editor\" data-id=\"75123cf\" data-element_type=\"widget\" data-widget_type=\"text-editor.default\">\n\t\t\t\t<div class=\"elementor-widget-container\">\n\t\t\t\t\t\t\t<p>Cumpli\u00e9ndose la promesa real a Gil Robles, las relaciones entre las diferentes familias de la derecha se normalizaron llegando a crearse un comit\u00e9 de enlace que coordin\u00f3 las candidaturas y la coalici\u00f3n entre cedistas, agrarios, alfonsinos y carlistas para las elecciones de noviembre. La candidatura de Madrid fue encabezada por Goicoechea, seguido de Gil Robles, Calvo Sotelo, Antonio Royo Villanova (agrario), y el director de <em>ABC, <\/em>Luca de Tena (como independiente). El triunfo de las derechas fue arrollador, pero pese a las esperanzas de los alfonsinos, las elecciones tambi\u00e9n dejaron clara la hegemon\u00eda accidentalista. La CEDA obtuvo 115 actas y 30 los agrarios. RE solo consigui\u00f3 formar una minor\u00eda parlamentaria de 16 esca\u00f1os (dos de ellos independientes), por debajo de los 20 de Comuni\u00f3n Tradicionalista. Adem\u00e1s de otros dos mon\u00e1rquicos independientes, tambi\u00e9n consiguieron esca\u00f1o Albi\u00f1ana por el PNE y Primo de Rivera por Falange.<a href=\"#_ftn1\" name=\"_ftnref1\">[1]<\/a><\/p><p>El primer objetivo de la minor\u00eda mon\u00e1rquica respecto al nuevo gobierno de Lerroux fue lograr la amnist\u00eda para los implicados en la sanjurjada. Se consigui\u00f3 en abril de 1934, cuando adem\u00e1s regresaron a Espa\u00f1a numerosos exiliados como Calvo Sotelo. Tambi\u00e9n se amnisti\u00f3 a los procesados por la Comisi\u00f3n de Responsabilidades, a todos excepto a Alfonso XIII, de quien no se revoc\u00f3 su Acta de Acusaci\u00f3n, lo que tambi\u00e9n nos informa del delicado equilibrio entre republicanos, accidentalistas y diversos mon\u00e1rquicos que daba soporte al gobierno.<\/p><p>Las tensiones entre los accidentalistas y los alfonsinos se reprodujeron pr\u00e1cticamente desde el principio, poniendo en peligro la mayor\u00eda gubernamental. De forma que Gil Robles envi\u00f3 a Par\u00eds en junio de 1934 a Jos\u00e9 Mar\u00eda Valiente (l\u00edder de las juventudes cedistas) solicitando al monarca una nueva tregua de seis meses a cambio de mantener las esperanzas restauracionistas. Esta vez <em>ABC <\/em>inform\u00f3 de los contactos, mont\u00e1ndose un gran esc\u00e1ndalo que tens\u00f3 enormemente las relaciones del monarca con el grupo de <em>AE <\/em>y desencaden\u00f3 la dimisi\u00f3n del propio Valiente<a href=\"#_ftn2\" name=\"_ftnref2\">[2]<\/a>.<\/p><p>El regreso a Espa\u00f1a de Calvo Sotelo impuls\u00f3 enormemente la labor del grupo de <em>AE. <\/em>El 20 de mayo se celebr\u00f3 un nuevo banquete, en esta ocasi\u00f3n como homenaje a los repatriados, donde los discursos profundizaron en la nueva <em>teolog\u00eda pol\u00edtica<a href=\"#_ftn3\" name=\"_ftnref3\"><strong>[3]<\/strong><\/a>. <\/em>Sainz Rodr\u00edguez declar\u00f3 all\u00ed que el pueblo espa\u00f1ol deseaba \u201cuna derecha de tipo jer\u00e1rquico, unitario, de tipo mon\u00e1rquico\u201d, \u201ccuando hablamos de monarqu\u00eda no hablamos de personas, sino del mando \u00fanico, necesario siempre para salvar los intereses de la civilizaci\u00f3n\u201d. Para los integrantes de <em>AE <\/em>esta nueva monarqu\u00eda pasaba por dar por amortizado a Alfonso XIII y encontrar una nueva figura a la que poder moldear en sus postulados. Calvo Sotelo se puso al frente de la campa\u00f1a, y unos d\u00edas despu\u00e9s del \u201ccaso Valiente\u201d, dio unas incendiarias declaraciones a <em>ABC<\/em><a href=\"#_ftn4\" name=\"_ftnref4\">[4]<\/a> <em>\u00a0<\/em>asegurando que \u201cla hora actual es incompatible con los simulacros, los convencionalismos, los toma y daca de pasillos\u201d, anunciando la creaci\u00f3n de un \u201cBloque Hispano Nacional [que] tendr\u00eda como misi\u00f3n primordial sembrar la m\u00edstica de la <em>reforma estatal totalitaria\u201d<\/em> y sobre todo aclarando que \u201cla Monarqu\u00eda, aunque retorne, no podr\u00eda volver a <em>ser en nada, absolutamente nada, <\/em>lo que era la que pereci\u00f3 el 1931\u201d.<\/p><p>Alfonso XIII vio peligrar su primac\u00eda y aprovechando una breve estancia de su hijo Juan en Par\u00eds puso en marcha toda una serie de acciones para dejar bien asentada su posici\u00f3n. El 25 de junio de 1934 dio su entrevista a Carretero Novillo, cuyo <em>Don Juan <\/em>nos aparece como un encargo ad hoc, para publicaci\u00f3n inmediata y buscando la m\u00e1xima expectaci\u00f3n<a href=\"#_ftn5\" name=\"_ftnref5\">[5]<\/a>, con el objetivo de dejar clara la unidad familiar y su determinaci\u00f3n de mantenerse al frente de la dinast\u00eda hasta que \u00e9l mismo decida lo contrario. A continuaci\u00f3n present\u00f3 formalmente a su heredero, en una reuni\u00f3n de urgencia tambi\u00e9n en Junio en Par\u00eds, a las principales figuras mon\u00e1rquicas: Goicoechea, Calvo Sotelo, Sainz Rodr\u00edguez, Luca de Tena y Yanguas Mess\u00eda.<\/p><p><a href=\"#_ftnref1\" name=\"_ftn1\">[1]<\/a> GONZ\u00c1LEZ CALLEJA \u201cEl exrey\u201d pp 794-816 y PLAT\u00d3N (1998) p.374: \u201cA Primo de Rivera le hab\u00edan reservado, en principio, el s\u00e9ptimo puesto de esta lista madrile\u00f1a, pero no estuvo de acuerdo con las normas establecidas por el Comit\u00e9 de Enlace entre las distintas fuerzas, y prefiri\u00f3 C\u00e1diz\u201d.<\/p><p><a href=\"#_ftnref2\" name=\"_ftn2\">[2]<\/a> <em>De la visita del presidente de la Juventud de Acci\u00f3n Popular a Don Alfonso XIII. <\/em>ABC Sevilla. 15 junio 1934. p. 17)<\/p><p><a href=\"#_ftnref3\" name=\"_ftn3\">[3]<\/a> <em>Cerca de mil personas en el banquete ofrecido por Acci\u00f3n Espa\u00f1ola a los ilustres ex ministros se\u00f1ores<\/em> <em>Calvo Sotelo y Yanguas Mess\u00eda<\/em>, ABC. Madrid. 22 de mayo 1934 pp. 17-21<\/p><p><a href=\"#_ftnref4\" name=\"_ftn4\">[4]<\/a> <em>Interesantes juicios del exministro D. Jos\u00e9 Calvo Sotelo sobre los problemas pol\u00edticos actuales. <\/em>ABC. Madrid. 14 de junio 1934. p. 19<\/p><p><a href=\"#_ftnref5\" name=\"_ftn5\">[5]<\/a> El <em>ABC <\/em>del 1 de julio de 1934 (p. 45) anuncia a bombo y platillo que la entrevista se ha producido y la inmediata publicaci\u00f3n del libro donde \u201cnunca se atrevi\u00f3 a tanto un periodista, ni jam\u00e1s la realeza accedi\u00f3 tan generosamente a la intervi\u00fa\u201d<\/p>\t\t\t\t\t\t<\/div>\n\t\t\t\t<\/div>\n\t\t\t\t\t<\/div>\n\t\t<\/div>\n\t\t\t\t\t\t\t<\/div>\n\t\t<\/section>\n\t\t\t\t\t\t\t<\/div>\n\t\t","protected":false},"excerpt":{"rendered":"<p>POL\u00cdTICA E IDEOLOG\u00cdA EN LA FAMILIA REAL ESPA\u00d1OLA (1931-1945) 4.3. Renovaci\u00f3n Espa\u00f1ola, testaferro de Alfonso XIII. Las elecciones de noviembre<\/p>\n","protected":false},"author":1,"featured_media":2350,"comment_status":"closed","ping_status":"closed","sticky":false,"template":"","format":"standard","meta":{"colormag_page_layout":"no_sidebar_full_width","footnotes":""},"categories":[62],"tags":[58],"class_list":["post-2349","post","type-post","status-publish","format-standard","has-post-thumbnail","hentry","category-familia-real-espanola-1931-1945","tag-monarquia"],"_links":{"self":[{"href":"https:\/\/www.jesusprieto.es\/index.php\/wp-json\/wp\/v2\/posts\/2349","targetHints":{"allow":["GET"]}}],"collection":[{"href":"https:\/\/www.jesusprieto.es\/index.php\/wp-json\/wp\/v2\/posts"}],"about":[{"href":"https:\/\/www.jesusprieto.es\/index.php\/wp-json\/wp\/v2\/types\/post"}],"author":[{"embeddable":true,"href":"https:\/\/www.jesusprieto.es\/index.php\/wp-json\/wp\/v2\/users\/1"}],"replies":[{"embeddable":true,"href":"https:\/\/www.jesusprieto.es\/index.php\/wp-json\/wp\/v2\/comments?post=2349"}],"version-history":[{"count":4,"href":"https:\/\/www.jesusprieto.es\/index.php\/wp-json\/wp\/v2\/posts\/2349\/revisions"}],"predecessor-version":[{"id":2354,"href":"https:\/\/www.jesusprieto.es\/index.php\/wp-json\/wp\/v2\/posts\/2349\/revisions\/2354"}],"wp:featuredmedia":[{"embeddable":true,"href":"https:\/\/www.jesusprieto.es\/index.php\/wp-json\/wp\/v2\/media\/2350"}],"wp:attachment":[{"href":"https:\/\/www.jesusprieto.es\/index.php\/wp-json\/wp\/v2\/media?parent=2349"}],"wp:term":[{"taxonomy":"category","embeddable":true,"href":"https:\/\/www.jesusprieto.es\/index.php\/wp-json\/wp\/v2\/categories?post=2349"},{"taxonomy":"post_tag","embeddable":true,"href":"https:\/\/www.jesusprieto.es\/index.php\/wp-json\/wp\/v2\/tags?post=2349"}],"curies":[{"name":"wp","href":"https:\/\/api.w.org\/{rel}","templated":true}]}}