{"id":2343,"date":"2020-09-08T08:30:39","date_gmt":"2020-09-08T08:30:39","guid":{"rendered":"http:\/\/www.jesusprieto.es\/?p=2343"},"modified":"2021-03-23T20:09:01","modified_gmt":"2021-03-23T20:09:01","slug":"4-2-renovacion-espanola-testaferro-de-alfonso-xiii-las-relaciones-con-los-accidentalistas","status":"publish","type":"post","link":"https:\/\/www.jesusprieto.es\/index.php\/2020\/09\/08\/4-2-renovacion-espanola-testaferro-de-alfonso-xiii-las-relaciones-con-los-accidentalistas\/","title":{"rendered":"4.2. Renovaci\u00f3n Espa\u00f1ola, testaferro de Alfonso XIII. Las relaciones con los Accidentalistas."},"content":{"rendered":"\t\t<div data-elementor-type=\"wp-post\" data-elementor-id=\"2343\" class=\"elementor elementor-2343\">\n\t\t\t\t\t\t\t\t\t<section class=\"elementor-section elementor-top-section elementor-element elementor-element-4ff4551 elementor-section-boxed elementor-section-height-default elementor-section-height-default\" data-id=\"4ff4551\" data-element_type=\"section\">\n\t\t\t\t\t\t<div class=\"elementor-container elementor-column-gap-default\">\n\t\t\t\t\t<div class=\"elementor-column elementor-col-100 elementor-top-column elementor-element elementor-element-7914a85\" data-id=\"7914a85\" data-element_type=\"column\">\n\t\t\t<div class=\"elementor-widget-wrap elementor-element-populated\">\n\t\t\t\t\t\t\t\t<div class=\"elementor-element elementor-element-82f1816 elementor-widget elementor-widget-heading\" data-id=\"82f1816\" data-element_type=\"widget\" data-widget_type=\"heading.default\">\n\t\t\t\t<div class=\"elementor-widget-container\">\n\t\t\t<h2 class=\"elementor-heading-title elementor-size-default\">POL\u00cdTICA E IDEOLOG\u00cdA EN LA FAMILIA REAL ESPA\u00d1OLA \n(1931-1945)<\/h2>\t\t<\/div>\n\t\t\t\t<\/div>\n\t\t\t\t\t<\/div>\n\t\t<\/div>\n\t\t\t\t\t\t\t<\/div>\n\t\t<\/section>\n\t\t\t\t<section class=\"elementor-section elementor-top-section elementor-element elementor-element-553c995 elementor-section-boxed elementor-section-height-default elementor-section-height-default\" data-id=\"553c995\" data-element_type=\"section\">\n\t\t\t\t\t\t<div class=\"elementor-container elementor-column-gap-default\">\n\t\t\t\t\t<div class=\"elementor-column elementor-col-100 elementor-top-column elementor-element elementor-element-168d3b8\" data-id=\"168d3b8\" data-element_type=\"column\">\n\t\t\t<div class=\"elementor-widget-wrap elementor-element-populated\">\n\t\t\t\t\t\t\t\t<div class=\"elementor-element elementor-element-c9b3a11 elementor-widget elementor-widget-heading\" data-id=\"c9b3a11\" data-element_type=\"widget\" data-widget_type=\"heading.default\">\n\t\t\t\t<div class=\"elementor-widget-container\">\n\t\t\t<h2 class=\"elementor-heading-title elementor-size-default\">4.2. Renovaci\u00f3n Espa\u00f1ola, testaferro de Alfonso XIII. Las relaciones con los Accidentalistas. <\/h2>\t\t<\/div>\n\t\t\t\t<\/div>\n\t\t\t\t\t<\/div>\n\t\t<\/div>\n\t\t\t\t\t\t\t<\/div>\n\t\t<\/section>\n\t\t\t\t<section class=\"elementor-section elementor-top-section elementor-element elementor-element-08baa5a elementor-section-boxed elementor-section-height-default elementor-section-height-default\" data-id=\"08baa5a\" data-element_type=\"section\">\n\t\t\t\t\t\t<div class=\"elementor-container elementor-column-gap-default\">\n\t\t\t\t\t<div class=\"elementor-column elementor-col-100 elementor-top-column elementor-element elementor-element-765c4d6\" data-id=\"765c4d6\" data-element_type=\"column\">\n\t\t\t<div class=\"elementor-widget-wrap elementor-element-populated\">\n\t\t\t\t\t\t\t\t<div class=\"elementor-element elementor-element-77b58c1 elementor-widget elementor-widget-text-editor\" data-id=\"77b58c1\" data-element_type=\"widget\" data-widget_type=\"text-editor.default\">\n\t\t\t\t<div class=\"elementor-widget-container\">\n\t\t\t\t\t\t\t<p>Desde el mismo inici\u00f3 del partido alfonsino encontramos el intento por parte de sus integrantes m\u00e1s j\u00f3venes de imponer la <em>teolog\u00eda pol\u00edtica<\/em> de <em>AE, <\/em>con una base tradicionalista, m\u00e1s autoritaria y extremista que la defendida por el emisario real o el propio Alfonso XIII. El acto fundacional de este grupo de <em>AE<\/em> fue un homenaje a Pem\u00e1n en el Hotel Ritz el 23 de febrero de 1933, al que tambi\u00e9n asistieron Goicoechea, Rodezno en representaci\u00f3n de los carlistas y Valiente por los accidentalistas, quien acab\u00f3 abucheado. Hablaron Maeztu, Vegas Latapi\u00e9 y Sainz Rodr\u00edguez, quien declar\u00f3 que \u201cal pueblo espa\u00f1ol hay que ofrecerle un Estado de nueva planta [\u2026] queremos renovar todo, haremos una Espa\u00f1a nueva\u201d<a href=\"#_ftn1\" name=\"_ftnref1\">[1]<\/a>, para proceder a continuaci\u00f3n a la lectura de una carta de adhesi\u00f3n del exiliado Calvo Sotelo que reclamaba \u201cconquistar el Estado\u201d, entre frases como \u201c\u00a1Vivimos en guerra\u00a1 \u00a1Milagro de Dios\u00a1 Porque a la guerra deben Italia, Alemania, Portugal, Polonia y otros pueblos la ventura infinita de haber sacudido el espantajo parlamentario\u201d<a href=\"#_ftn2\" name=\"_ftnref2\">[2]<\/a>.<\/p><p>Capitaneados por el exministro primorriverista, los j\u00f3venes de <em>AE<\/em> establecieron desde el principio un programa diferente al can\u00f3nico inicial de RE, lo que provoc\u00f3 durante toda su existencia continuas tensiones entre una doctrina totalitaria que triunfar\u00e1 tras la guerra y el pragmatismo del exmonarca, convertido en un obst\u00e1culo para la imposici\u00f3n de estas ideas. No buscan esa revisi\u00f3n de la monarqu\u00eda liberal con mayores prerrogativas reales y orden que propone su propio partido, sino un liderazgo autoritario en un estado nuevo (en el sentido portugu\u00e9s o austriaco). Por su contra, RE, reh\u00e9n de las desordenadas estrategias de Alfonso XIII, se fue configurando paulatinamente m\u00e1s como un grupo de presi\u00f3n de notables que en un verdadero partido estructurado o con claros objetivos, m\u00e1s all\u00e1 de la restauraci\u00f3n din\u00e1stica.<\/p><p>Durante 1933 se produjeron continuos posicionamientos y configuraciones en el campo de la derecha, de cara a unas elecciones generales que se vislumbraban muy pr\u00f3ximas. As\u00ed, RE constituy\u00f3 una plataforma de colaboraci\u00f3n electoral con los carlistas (TYRE \u2013 Tradicionalistas y Renovaci\u00f3n Espa\u00f1ola). Fue tambi\u00e9n durante estos meses cuando se fund\u00f3 Falange, siendo financiada por los mon\u00e1rquicos tras firmar un primer pacto con ellos en agosto<a href=\"#_ftn3\" name=\"_ftnref3\">[3]<\/a>. Pero el principal acontecimiento fue una enorme escalada verbal de los alfonsinos, sobre todo del grupo de <em>AE,<\/em> contra los posibilistas de la CEDA y los agrarios. Por ello, Gil Robles viaj\u00f3 a Par\u00eds en junio, reuni\u00e9ndose con el monarca en dos entrevistas secretas que solo fueron reveladas cuando el primero public\u00f3 sus memorias. El exrey le prometi\u00f3 una tregua por parte de los mon\u00e1rquicos: \u201csi con la Rep\u00fablica puedes salvar a Espa\u00f1a tienes la obligaci\u00f3n de intentarlo. Ni tu tranquilidad ni mi Corona est\u00e1n por encima de los intereses de la Patria. Yo no puedo desautorizar a los que p\u00fablicamente defienden la causa de la Monarqu\u00eda, pero tampoco te crear\u00e9 dificultades. Por el bien de Espa\u00f1a, yo ser\u00eda el primer republicano\u201d<a href=\"#_ftn4\" name=\"_ftnref4\">[4]<\/a>. La tregua tuvo lugar y las derechas llegaron en buena sinton\u00eda a las elecciones de 1933, no materializ\u00e1ndose nunca el mayor temor de Gil Robles: que el exrey prohibiera a los mon\u00e1rquicos (buena parte de la estructura y los votantes de la CEDA) el apoyo a los propagandistas. Gonz\u00e1lez Calleja indica que Alfonso XIII decidi\u00f3 seguir una \u201cestrategia inspirada en el proceso de restauraci\u00f3n que en esos momentos se segu\u00eda en Grecia\u201d <a href=\"#_ftn5\" name=\"_ftnref5\">[5]<\/a>.<\/p><p><a href=\"#_ftnref1\" name=\"_ftn1\">[1]<\/a> <em>Banquete-Homenaje al Ilustre poeta y orador D. Jos\u00e9 Mar\u00eda Pem\u00e1n. <\/em>ABC. Madrid. 24 febrero 1933. pp. 35-36<\/p><p><a href=\"#_ftnref2\" name=\"_ftn2\">[2]<\/a> PLAT\u00d3N (1998) p. 360<\/p><p><a href=\"#_ftnref3\" name=\"_ftn3\">[3]<\/a> Este supuesto impulso financiero a Falange por los mon\u00e1rquicos (o las propias relaciones) es un tema controvertido en la historiograf\u00eda. La bibliograf\u00eda del monarca no lo menciona, solo Plat\u00f3n, pero si lo hace toda la bibliograf\u00eda del fascismo y de la \u00e9poca: GONZ\u00c1LEZ CALLEJA (2015) p. 589 \u201cEl dinero lo pusieron los alfonsinos, que en agosto de 1933 llegaron a un acuerdo (\u2018Pacto del Escorial\u2019) con Jos\u00e9 Antonio sobre lo que deb\u00eda llevar y no llevar el programa de su futuro partido\u201d<\/p><p><a href=\"#_ftnref4\" name=\"_ftn4\">[4]<\/a> PLAT\u00d3N (1998) p.364<\/p><p><a href=\"#_ftnref5\" name=\"_ftn5\">[5]<\/a> GONZ\u00c1LEZ CALLEJA \u201cEl exrey\u201d pp. 412-413<\/p>\t\t\t\t\t\t<\/div>\n\t\t\t\t<\/div>\n\t\t\t\t\t<\/div>\n\t\t<\/div>\n\t\t\t\t\t\t\t<\/div>\n\t\t<\/section>\n\t\t\t\t\t\t\t<\/div>\n\t\t","protected":false},"excerpt":{"rendered":"<p>POL\u00cdTICA E IDEOLOG\u00cdA EN LA FAMILIA REAL ESPA\u00d1OLA (1931-1945) 4.2. Renovaci\u00f3n Espa\u00f1ola, testaferro de Alfonso XIII. Las relaciones con los<\/p>\n","protected":false},"author":1,"featured_media":2344,"comment_status":"closed","ping_status":"closed","sticky":false,"template":"","format":"standard","meta":{"colormag_page_layout":"no_sidebar_full_width","footnotes":""},"categories":[62],"tags":[58],"class_list":["post-2343","post","type-post","status-publish","format-standard","has-post-thumbnail","hentry","category-familia-real-espanola-1931-1945","tag-monarquia"],"_links":{"self":[{"href":"https:\/\/www.jesusprieto.es\/index.php\/wp-json\/wp\/v2\/posts\/2343","targetHints":{"allow":["GET"]}}],"collection":[{"href":"https:\/\/www.jesusprieto.es\/index.php\/wp-json\/wp\/v2\/posts"}],"about":[{"href":"https:\/\/www.jesusprieto.es\/index.php\/wp-json\/wp\/v2\/types\/post"}],"author":[{"embeddable":true,"href":"https:\/\/www.jesusprieto.es\/index.php\/wp-json\/wp\/v2\/users\/1"}],"replies":[{"embeddable":true,"href":"https:\/\/www.jesusprieto.es\/index.php\/wp-json\/wp\/v2\/comments?post=2343"}],"version-history":[{"count":4,"href":"https:\/\/www.jesusprieto.es\/index.php\/wp-json\/wp\/v2\/posts\/2343\/revisions"}],"predecessor-version":[{"id":2348,"href":"https:\/\/www.jesusprieto.es\/index.php\/wp-json\/wp\/v2\/posts\/2343\/revisions\/2348"}],"wp:featuredmedia":[{"embeddable":true,"href":"https:\/\/www.jesusprieto.es\/index.php\/wp-json\/wp\/v2\/media\/2344"}],"wp:attachment":[{"href":"https:\/\/www.jesusprieto.es\/index.php\/wp-json\/wp\/v2\/media?parent=2343"}],"wp:term":[{"taxonomy":"category","embeddable":true,"href":"https:\/\/www.jesusprieto.es\/index.php\/wp-json\/wp\/v2\/categories?post=2343"},{"taxonomy":"post_tag","embeddable":true,"href":"https:\/\/www.jesusprieto.es\/index.php\/wp-json\/wp\/v2\/tags?post=2343"}],"curies":[{"name":"wp","href":"https:\/\/api.w.org\/{rel}","templated":true}]}}