{"id":2333,"date":"2020-09-08T09:00:01","date_gmt":"2020-09-08T09:00:01","guid":{"rendered":"http:\/\/www.jesusprieto.es\/?p=2333"},"modified":"2021-03-23T20:08:54","modified_gmt":"2021-03-23T20:08:54","slug":"4-renovacion-espanola-testaferro-de-alfonso-xiii-la-creacion-de-renovacion-espanola","status":"publish","type":"post","link":"https:\/\/www.jesusprieto.es\/index.php\/2020\/09\/08\/4-renovacion-espanola-testaferro-de-alfonso-xiii-la-creacion-de-renovacion-espanola\/","title":{"rendered":"4.1. Renovaci\u00f3n Espa\u00f1ola, testaferro de Alfonso XIII. La creaci\u00f3n de Renovaci\u00f3n Espa\u00f1ola."},"content":{"rendered":"\t\t<div data-elementor-type=\"wp-post\" data-elementor-id=\"2333\" class=\"elementor elementor-2333\">\n\t\t\t\t\t\t\t\t\t<section class=\"elementor-section elementor-top-section elementor-element elementor-element-837c176 elementor-section-boxed elementor-section-height-default elementor-section-height-default\" data-id=\"837c176\" data-element_type=\"section\">\n\t\t\t\t\t\t<div class=\"elementor-container elementor-column-gap-default\">\n\t\t\t\t\t<div class=\"elementor-column elementor-col-100 elementor-top-column elementor-element elementor-element-86ee4dc\" data-id=\"86ee4dc\" data-element_type=\"column\">\n\t\t\t<div class=\"elementor-widget-wrap elementor-element-populated\">\n\t\t\t\t\t\t\t\t<div class=\"elementor-element elementor-element-340eba6 elementor-widget elementor-widget-heading\" data-id=\"340eba6\" data-element_type=\"widget\" data-widget_type=\"heading.default\">\n\t\t\t\t<div class=\"elementor-widget-container\">\n\t\t\t<h2 class=\"elementor-heading-title elementor-size-default\">POL\u00cdTICA E IDEOLOG\u00cdA EN LA FAMILIA REAL ESPA\u00d1OLA \n(1931-1945)<\/h2>\t\t<\/div>\n\t\t\t\t<\/div>\n\t\t\t\t\t<\/div>\n\t\t<\/div>\n\t\t\t\t\t\t\t<\/div>\n\t\t<\/section>\n\t\t\t\t<section class=\"elementor-section elementor-top-section elementor-element elementor-element-aa5f883 elementor-section-boxed elementor-section-height-default elementor-section-height-default\" data-id=\"aa5f883\" data-element_type=\"section\">\n\t\t\t\t\t\t<div class=\"elementor-container elementor-column-gap-default\">\n\t\t\t\t\t<div class=\"elementor-column elementor-col-100 elementor-top-column elementor-element elementor-element-d97b1c8\" data-id=\"d97b1c8\" data-element_type=\"column\">\n\t\t\t<div class=\"elementor-widget-wrap elementor-element-populated\">\n\t\t\t\t\t\t\t\t<div class=\"elementor-element elementor-element-cf3d8f7 elementor-widget elementor-widget-heading\" data-id=\"cf3d8f7\" data-element_type=\"widget\" data-widget_type=\"heading.default\">\n\t\t\t\t<div class=\"elementor-widget-container\">\n\t\t\t<h2 class=\"elementor-heading-title elementor-size-default\">4.1. Renovaci\u00f3n Espa\u00f1ola, testaferro de Alfonso XIII. La creaci\u00f3n de Renovaci\u00f3n Espa\u00f1ola. <\/h2>\t\t<\/div>\n\t\t\t\t<\/div>\n\t\t\t\t\t<\/div>\n\t\t<\/div>\n\t\t\t\t\t\t\t<\/div>\n\t\t<\/section>\n\t\t\t\t<section class=\"elementor-section elementor-top-section elementor-element elementor-element-9090d30 elementor-section-boxed elementor-section-height-default elementor-section-height-default\" data-id=\"9090d30\" data-element_type=\"section\">\n\t\t\t\t\t\t<div class=\"elementor-container elementor-column-gap-default\">\n\t\t\t\t\t<div class=\"elementor-column elementor-col-100 elementor-top-column elementor-element elementor-element-88be61a\" data-id=\"88be61a\" data-element_type=\"column\">\n\t\t\t<div class=\"elementor-widget-wrap elementor-element-populated\">\n\t\t\t\t\t\t\t\t<div class=\"elementor-element elementor-element-77cbced elementor-widget elementor-widget-text-editor\" data-id=\"77cbced\" data-element_type=\"widget\" data-widget_type=\"text-editor.default\">\n\t\t\t\t<div class=\"elementor-widget-container\">\n\t\t\t\t\t\t\t<p>En Septiembre de 1932 se celebr\u00f3 una cumbre en Paris, con la participaci\u00f3n del Rey y las principales figuras mon\u00e1rquicas donde \u201cse decidi\u00f3 articular el movimiento en un frente doctrinal (el futuro grupo intelectual de <em>AE), <\/em>otro pol\u00edtico cifrado en la creaci\u00f3n de un partido oficial aparentemente legal y otro militar que impulsar\u00eda la propaganda en el Ej\u00e9rcito para propiciar un futuro golpe de fuerza. Seg\u00fan Vegas Latapi\u00e9, \u2018aprob\u00f3 el rey nuestros planes y nos dijo que eran los m\u00e1s serios que le hab\u00edan sometido desde la ca\u00edda de la Monarqu\u00eda. Nos prometi\u00f3 su discreto apoyo\u2019\u201d<a href=\"#_ftn1\" name=\"_ftnref1\">[1]<\/a> Otros autores nos dicen que en un principio Alfonso XIII se neg\u00f3 a la creaci\u00f3n de Renovaci\u00f3n Espa\u00f1ola (en adelante RE) hasta no estar seguro de la orientaci\u00f3n que tomar\u00eda Acci\u00f3n Nacional, ahora denominada Acci\u00f3n Popular. En noviembre Goicoechea consigui\u00f3 una autorizaci\u00f3n escrita para ello, \u201ccon la reserva de que se evitara a todo trance que el partido pol\u00edtico que se iba a crear tuviera el menor choque con los otros partidos afines, y que la funci\u00f3n de car\u00e1cter pol\u00edtico tuviese \u00fanicamente la actividad indispensable para justificar su existencia.\u201d <a href=\"#_ftn2\" name=\"_ftnref2\">[2]<\/a><\/p><p>El proceso de ruptura con Acci\u00f3n Popular lleg\u00f3 poco tiempo despu\u00e9s, en enero de 1933, cuando Gil Robles estableci\u00f3 el accidentalismo en la primera l\u00ednea de su nuevo programa: \u201c1\u00ba Acatamiento del poder constituido, seg\u00fan las ense\u00f1anzas de la iglesia\u201d<a href=\"#_ftn3\" name=\"_ftnref3\">[3]<\/a>. Su objetivo era tender puentes con los partidos del centro republicano, especialmente con el Partido Radical de Lerroux. Este accidentalismo con la estructura org\u00e1nica del estado fue considerado desde el lado alfonsino como un casus belli, un elemento fundamental e irrenunciable a la hora de establecer alianzas pol\u00edticas, convirtiendo en incompatible su militancia dentro del partido. Anteriormente, el accidentalismo ya hab\u00eda sido asumido tambi\u00e9n por los agrarios, que si bien se presentaron electoralmente como <em>mon\u00e1rquicos agrarios, <\/em>en seguida manifestaron su intenci\u00f3n de no considerar prioritaria la restauraci\u00f3n mon\u00e1rquica<a href=\"#_ftn4\" name=\"_ftnref4\">[4]<\/a>. Esta actitud de los agrarios fue tomada desde el lado alfonsino como una traici\u00f3n, llegando a romper pr\u00e1cticamente sus relaciones durante todo el periodo republicano.<\/p><p>En consecuencia, d\u00edas despu\u00e9s <em>ABC<\/em> public\u00f3 una carta firmada por 76 personalidades mon\u00e1rquicas buscando \u201cuna federaci\u00f3n de las derechas espa\u00f1olas\u201d<a href=\"#_ftn5\" name=\"_ftnref5\">[5]<\/a>, con el \u201cSr. Goicoechea [asumiendo] la direcci\u00f3n de la cruzada\u201d. Goicoechea presentaba una extens\u00edsima carta-programa, basada en una \u201cmonarqu\u00eda no constitucional, sino tradicional\u201d, \u201cclave del arco constitucional y el principio esencial irremplazable para un nuevo ordenamiento\u201d, caracterizada esencialmente por el derecho natural cat\u00f3lico.\u00a0 Propon\u00eda \u201corganizar el sufragio\u201d, la \u201csumisi\u00f3n del Estado al Derecho\u201d y \u201cque el centro de gravedad del edificio constitucional del porvenir se mudara del \u00f3rgano parlamentario al poder mon\u00e1rquico y al Poder judicial\u201d. Indicaba que hac\u00eda \u201cpor primera vez uso de la autoridad de que me invisten para reiterar a todos la necesidad de una alianza estrecha y cada vez m\u00e1s \u00edntima con los grupos afines\u201d.<\/p><p>Fue este un programa en consonancia con las tesis sobre su papel que anteriormente deduc\u00edamos del pensamiento de Alfonso XIII.\u00a0 Su principal eje era la restauraci\u00f3n de una <em>nueva<\/em> monarqu\u00eda basada en la ampliaci\u00f3n de las prerrogativas reales, y que pese a extender su llamamiento a la colaboraci\u00f3n del resto de fuerzas de derechas, lo que en realidad hizo fue sentar las bases entre sus fieles de la que a partir de ahora ser\u00e1 su representaci\u00f3n oficial. Esta representaci\u00f3n ya no ser\u00eda liberal, apartidista e imparcial, sino conservadora, profundamente cat\u00f3lica, contrarrevolucionaria y antirepublicana (\u201clibres de toda culpa en la progresiva disoluci\u00f3n de la sociedad espa\u00f1ola que pacientemente contemplamos [&#8230;] entregados pac\u00edficamente los resortes del Poder a los dirigentes de una revoluci\u00f3n que fueron los primeros sorprendidos por la explosi\u00f3n de un estado de conciencia colectivo, mesi\u00e1nico e irresponsable\u201d), presentando un programa basado en \u201clos valores eternos del esp\u00edritu espa\u00f1ol\u201d. Pero por encima de todo ello, la lealtad mon\u00e1rquica aparec\u00eda como requisito fundamental para la pertenencia al movimiento. Ante el abandono a la dinast\u00eda por parte de la clase pol\u00edtica liberal, a partir de este momento, est\u00e1 <em>nueva <\/em>monarqu\u00eda fue la defendida por Alfonso XIII. Renovaci\u00f3n Espa\u00f1ola, pese a sus tensiones internas, fue su portavoz y representante oficial hasta julio de 1936.<\/p><p><a href=\"#_ftnref1\" name=\"_ftn1\">[1]<\/a> GONZ\u00c1LEZ CALLEJA \u201cEl exrey\u201d p. 412<\/p><p><a href=\"#_ftnref2\" name=\"_ftn2\">[2]<\/a> GUELL, F. B. <em>Caudillo, profetas y soldados. <\/em>Editorial Juventud. Barcelona. 1939. Pp. 70-72. Guell fue un historiador franquista, cr\u00edtico con Alfonso XIII y los mon\u00e1rquicos.<\/p><p><a href=\"#_ftnref3\" name=\"_ftn3\">[3]<\/a> PLAT\u00d3N (1998) p. 358<\/p><p><a href=\"#_ftnref4\" name=\"_ftn4\">[4]<\/a> En palabras del l\u00edder de la minor\u00eda agraria, Royo Villanova, durante el debate constitucional: \u201cYo defiendo la Rep\u00fablica, porque siempre he cre\u00eddo que lo primero es la Patria, lo segundo la libertad y lo tercero la forma de Gobierno\u201d (en GIL CUADRADO, L.T., <em>El Partido Agrario Espa\u00f1ol, <\/em>Tesis doctoral. UCM. Madrid. 2006 p. 126<\/p><p><a href=\"#_ftnref5\" name=\"_ftn5\">[5]<\/a> <em>Hacia una federaci\u00f3n de las derechas espa\u00f1olas<\/em>. ABC Madrid. 13 de enero 1933. pp. 27-30. Como curiosidad, entre los firmantes est\u00e1n Albi\u00f1ana, Fuentes Pila, Maeztu, Quintanar y Sainz Rodr\u00edguez, pero se echan en falta las firmas de Pem\u00e1n, Vegas Latapi\u00e9, opuesto entonces a la ruptura con los propagandistas o Calvo Sotelo, quien no se sumar\u00e1 al proyecto hasta meses despu\u00e9s.<\/p>\t\t\t\t\t\t<\/div>\n\t\t\t\t<\/div>\n\t\t\t\t\t<\/div>\n\t\t<\/div>\n\t\t\t\t\t\t\t<\/div>\n\t\t<\/section>\n\t\t\t\t\t\t\t<\/div>\n\t\t","protected":false},"excerpt":{"rendered":"<p>POL\u00cdTICA E IDEOLOG\u00cdA EN LA FAMILIA REAL ESPA\u00d1OLA (1931-1945) 4.1. Renovaci\u00f3n Espa\u00f1ola, testaferro de Alfonso XIII. La creaci\u00f3n de Renovaci\u00f3n<\/p>\n","protected":false},"author":1,"featured_media":2334,"comment_status":"closed","ping_status":"closed","sticky":false,"template":"","format":"standard","meta":{"colormag_page_layout":"no_sidebar_full_width","footnotes":""},"categories":[62],"tags":[58],"class_list":["post-2333","post","type-post","status-publish","format-standard","has-post-thumbnail","hentry","category-familia-real-espanola-1931-1945","tag-monarquia"],"_links":{"self":[{"href":"https:\/\/www.jesusprieto.es\/index.php\/wp-json\/wp\/v2\/posts\/2333","targetHints":{"allow":["GET"]}}],"collection":[{"href":"https:\/\/www.jesusprieto.es\/index.php\/wp-json\/wp\/v2\/posts"}],"about":[{"href":"https:\/\/www.jesusprieto.es\/index.php\/wp-json\/wp\/v2\/types\/post"}],"author":[{"embeddable":true,"href":"https:\/\/www.jesusprieto.es\/index.php\/wp-json\/wp\/v2\/users\/1"}],"replies":[{"embeddable":true,"href":"https:\/\/www.jesusprieto.es\/index.php\/wp-json\/wp\/v2\/comments?post=2333"}],"version-history":[{"count":8,"href":"https:\/\/www.jesusprieto.es\/index.php\/wp-json\/wp\/v2\/posts\/2333\/revisions"}],"predecessor-version":[{"id":2342,"href":"https:\/\/www.jesusprieto.es\/index.php\/wp-json\/wp\/v2\/posts\/2333\/revisions\/2342"}],"wp:featuredmedia":[{"embeddable":true,"href":"https:\/\/www.jesusprieto.es\/index.php\/wp-json\/wp\/v2\/media\/2334"}],"wp:attachment":[{"href":"https:\/\/www.jesusprieto.es\/index.php\/wp-json\/wp\/v2\/media?parent=2333"}],"wp:term":[{"taxonomy":"category","embeddable":true,"href":"https:\/\/www.jesusprieto.es\/index.php\/wp-json\/wp\/v2\/categories?post=2333"},{"taxonomy":"post_tag","embeddable":true,"href":"https:\/\/www.jesusprieto.es\/index.php\/wp-json\/wp\/v2\/tags?post=2333"}],"curies":[{"name":"wp","href":"https:\/\/api.w.org\/{rel}","templated":true}]}}