{"id":2326,"date":"2020-09-08T09:30:46","date_gmt":"2020-09-08T09:30:46","guid":{"rendered":"http:\/\/www.jesusprieto.es\/?p=2326"},"modified":"2021-03-23T20:08:48","modified_gmt":"2021-03-23T20:08:48","slug":"3-9-el-inicio-del-exilio-la-sanjurjada","status":"publish","type":"post","link":"https:\/\/www.jesusprieto.es\/index.php\/2020\/09\/08\/3-9-el-inicio-del-exilio-la-sanjurjada\/","title":{"rendered":"3.9. El inicio del exilio. La Sanjurjada."},"content":{"rendered":"\t\t<div data-elementor-type=\"wp-post\" data-elementor-id=\"2326\" class=\"elementor elementor-2326\">\n\t\t\t\t\t\t\t\t\t<section class=\"elementor-section elementor-top-section elementor-element elementor-element-16ec38c elementor-section-boxed elementor-section-height-default elementor-section-height-default\" data-id=\"16ec38c\" data-element_type=\"section\">\n\t\t\t\t\t\t<div class=\"elementor-container elementor-column-gap-default\">\n\t\t\t\t\t<div class=\"elementor-column elementor-col-100 elementor-top-column elementor-element elementor-element-eeaab06\" data-id=\"eeaab06\" data-element_type=\"column\">\n\t\t\t<div class=\"elementor-widget-wrap elementor-element-populated\">\n\t\t\t\t\t\t\t\t<div class=\"elementor-element elementor-element-f24ce41 elementor-widget elementor-widget-heading\" data-id=\"f24ce41\" data-element_type=\"widget\" data-widget_type=\"heading.default\">\n\t\t\t\t<div class=\"elementor-widget-container\">\n\t\t\t<h2 class=\"elementor-heading-title elementor-size-default\">POL\u00cdTICA E IDEOLOG\u00cdA EN LA FAMILIA REAL ESPA\u00d1OLA \n(1931-1945)\n<\/h2>\t\t<\/div>\n\t\t\t\t<\/div>\n\t\t\t\t\t<\/div>\n\t\t<\/div>\n\t\t\t\t\t\t\t<\/div>\n\t\t<\/section>\n\t\t\t\t<section class=\"elementor-section elementor-top-section elementor-element elementor-element-af05db6 elementor-section-boxed elementor-section-height-default elementor-section-height-default\" data-id=\"af05db6\" data-element_type=\"section\">\n\t\t\t\t\t\t<div class=\"elementor-container elementor-column-gap-default\">\n\t\t\t\t\t<div class=\"elementor-column elementor-col-100 elementor-top-column elementor-element elementor-element-7d21444\" data-id=\"7d21444\" data-element_type=\"column\">\n\t\t\t<div class=\"elementor-widget-wrap elementor-element-populated\">\n\t\t\t\t\t\t\t\t<div class=\"elementor-element elementor-element-b75600c elementor-widget elementor-widget-heading\" data-id=\"b75600c\" data-element_type=\"widget\" data-widget_type=\"heading.default\">\n\t\t\t\t<div class=\"elementor-widget-container\">\n\t\t\t<h2 class=\"elementor-heading-title elementor-size-default\">3.9. El inicio del exilio. La Sanjurjada.<\/h2>\t\t<\/div>\n\t\t\t\t<\/div>\n\t\t\t\t\t<\/div>\n\t\t<\/div>\n\t\t\t\t\t\t\t<\/div>\n\t\t<\/section>\n\t\t\t\t<section class=\"elementor-section elementor-top-section elementor-element elementor-element-28a5e5c elementor-section-boxed elementor-section-height-default elementor-section-height-default\" data-id=\"28a5e5c\" data-element_type=\"section\">\n\t\t\t\t\t\t<div class=\"elementor-container elementor-column-gap-default\">\n\t\t\t\t\t<div class=\"elementor-column elementor-col-100 elementor-top-column elementor-element elementor-element-76f1dbd\" data-id=\"76f1dbd\" data-element_type=\"column\">\n\t\t\t<div class=\"elementor-widget-wrap elementor-element-populated\">\n\t\t\t\t\t\t\t\t<div class=\"elementor-element elementor-element-ca79972 elementor-widget elementor-widget-text-editor\" data-id=\"ca79972\" data-element_type=\"widget\" data-widget_type=\"text-editor.default\">\n\t\t\t\t<div class=\"elementor-widget-container\">\n\t\t\t\t\t\t\t<p>El 10 de agosto de 1932 fracas\u00f3 el golpe de estado militar del general Sanjurjo, saludado por muchos mon\u00e1rquicos como una reedici\u00f3n del gesto de Pav\u00eda. Existi\u00f3 una trama mon\u00e1rquica detr\u00e1s de los preparativos del golpe, ampli\u00e1ndola incluso algunos hasta la participaci\u00f3n de Lerroux<a href=\"#_ftn1\" name=\"_ftnref1\">[1]<\/a>. \u00a0Sainz Rodr\u00edguez y Vegas Latapi\u00e9 se proclamar\u00edan posteriormente como cerebros del mismo, lo que llev\u00f3 a Anson a asegurar que Alfonso XIII conoci\u00f3 los preparativos y aprob\u00f3 el golpe<a href=\"#_ftn2\" name=\"_ftnref2\">[2]<\/a>. Pero no hay constancia de la implicaci\u00f3n real detr\u00e1s de estos intentos m\u00e1s all\u00e1 del papel de Goicoechea, ni p\u00fablicamente fueron jam\u00e1s ensalzados por Alfonso XIII: \u201cno quiero parecer un conspirador a quien mueve el resentimiento\u201d<a href=\"#_ftn3\" name=\"_ftnref3\">[3]<\/a>. Hasta el 18 de julio del 36 siempre manifest\u00f3 que quer\u00eda un cambio sin sangre y sin violencia: \u201cse han acercado muchos a m\u00ed [conspiradores] A todos les he respondido igual: nada de violencias, nada de desorden, nada que pueda perturbar dolorosamente la vida de Espa\u00f1a\u201d<a href=\"#_ftn4\" name=\"_ftnref4\">[4]<\/a>.<\/p><p>Las consecuencias supusieron una amplia persecuci\u00f3n a numerosas figuras mon\u00e1rquicas, adjetivo que nadie dudar\u00e1 a la hora de calificar el golpe<a href=\"#_ftn5\" name=\"_ftnref5\">[5]<\/a>. Entre los detenidos estuvo Antonio Goicoechea, ya entonces con la consideraci\u00f3n de <em>emisario real, <\/em>y que tras su liberaci\u00f3n no dud\u00f3 en mostrar su solidaridad con Sanjurjo visit\u00e1ndolo en el penal de el Dueso<a href=\"#_ftn6\" name=\"_ftnref6\">[6]<\/a> durante las navidades. Como veremos, solo tras el fracaso de esta intentona fue cuando las huestes alfonsinas tomaron verdadera conciencia de su posici\u00f3n y comenzaron un reagrupamiento que termin\u00f3 defini\u00e9ndolas.<\/p><p><a href=\"#_ftnref1\" name=\"_ftn1\">[1]<\/a> CASANOVA (2007) p. 91<\/p><p><a href=\"#_ftnref2\" name=\"_ftn2\">[2]<\/a> ANSON (1994) p. 120 Lo afirma y a continuaci\u00f3n, en su l\u00ednea habitual, lo desmiente: \u201c[Sainz Rodr\u00edguez] ha viajado a Par\u00eds para informar a Alfonso XIII y a Calvo Sotelo de lo que prepara y de la perfecci\u00f3n con que lo estaba haciendo todo. Seg\u00fan don Pedro, tanto el Rey como el pol\u00edtico exiliado est\u00e1n plenamente de acuerdo. Es probable que no fuera as\u00ed\u201d<\/p><p><a href=\"#_ftnref3\" name=\"_ftn3\">[3]<\/a> CORTES CAVANILLAS (1956) p. 393<\/p><p><a href=\"#_ftnref4\" name=\"_ftn4\">[4]<\/a> CARRETERO NOVILLO (1934) p. 87<\/p><p><a href=\"#_ftnref5\" name=\"_ftn5\">[5]<\/a> ABC ser\u00e1 clausurado desde el 11 de agosto al 30 de noviembre, y en su regreso evit\u00f3 cualquier referencia a su posible implicaci\u00f3n. <em>AE <\/em>tambi\u00e9n ser\u00e1 cerrado hasta comienzos de 1933. El Heraldo de Madrid durante los d\u00edas siguientes, si bien denomin\u00f3 constantemente \u201cgolpe mon\u00e1rquico\u201d a la sanjurjada (pese a su autodenominaci\u00f3n como republicano) y notific\u00f3 las detenciones y deportaciones de numerosos mon\u00e1rquicos, tampoco implic\u00f3 a Alfonso XIII de forma alguna.<\/p><p><a href=\"#_ftnref6\" name=\"_ftn6\">[6]<\/a> ABC. 25 diciembre 1932. p.34<\/p>\t\t\t\t\t\t<\/div>\n\t\t\t\t<\/div>\n\t\t\t\t\t<\/div>\n\t\t<\/div>\n\t\t\t\t\t\t\t<\/div>\n\t\t<\/section>\n\t\t\t\t\t\t\t<\/div>\n\t\t","protected":false},"excerpt":{"rendered":"<p>POL\u00cdTICA E IDEOLOG\u00cdA EN LA FAMILIA REAL ESPA\u00d1OLA (1931-1945) 3.9. El inicio del exilio. La Sanjurjada. El 10 de agosto<\/p>\n","protected":false},"author":1,"featured_media":2327,"comment_status":"closed","ping_status":"closed","sticky":false,"template":"","format":"standard","meta":{"colormag_page_layout":"no_sidebar_full_width","footnotes":""},"categories":[62],"tags":[58],"class_list":["post-2326","post","type-post","status-publish","format-standard","has-post-thumbnail","hentry","category-familia-real-espanola-1931-1945","tag-monarquia"],"_links":{"self":[{"href":"https:\/\/www.jesusprieto.es\/index.php\/wp-json\/wp\/v2\/posts\/2326","targetHints":{"allow":["GET"]}}],"collection":[{"href":"https:\/\/www.jesusprieto.es\/index.php\/wp-json\/wp\/v2\/posts"}],"about":[{"href":"https:\/\/www.jesusprieto.es\/index.php\/wp-json\/wp\/v2\/types\/post"}],"author":[{"embeddable":true,"href":"https:\/\/www.jesusprieto.es\/index.php\/wp-json\/wp\/v2\/users\/1"}],"replies":[{"embeddable":true,"href":"https:\/\/www.jesusprieto.es\/index.php\/wp-json\/wp\/v2\/comments?post=2326"}],"version-history":[{"count":4,"href":"https:\/\/www.jesusprieto.es\/index.php\/wp-json\/wp\/v2\/posts\/2326\/revisions"}],"predecessor-version":[{"id":2332,"href":"https:\/\/www.jesusprieto.es\/index.php\/wp-json\/wp\/v2\/posts\/2326\/revisions\/2332"}],"wp:featuredmedia":[{"embeddable":true,"href":"https:\/\/www.jesusprieto.es\/index.php\/wp-json\/wp\/v2\/media\/2327"}],"wp:attachment":[{"href":"https:\/\/www.jesusprieto.es\/index.php\/wp-json\/wp\/v2\/media?parent=2326"}],"wp:term":[{"taxonomy":"category","embeddable":true,"href":"https:\/\/www.jesusprieto.es\/index.php\/wp-json\/wp\/v2\/categories?post=2326"},{"taxonomy":"post_tag","embeddable":true,"href":"https:\/\/www.jesusprieto.es\/index.php\/wp-json\/wp\/v2\/tags?post=2326"}],"curies":[{"name":"wp","href":"https:\/\/api.w.org\/{rel}","templated":true}]}}