{"id":2314,"date":"2020-09-08T10:30:36","date_gmt":"2020-09-08T10:30:36","guid":{"rendered":"http:\/\/www.jesusprieto.es\/?p=2314"},"modified":"2021-03-23T20:08:36","modified_gmt":"2021-03-23T20:08:36","slug":"3-7-el-inicio-del-exilio-la-monarquia-segun-alfonso-xiii","status":"publish","type":"post","link":"https:\/\/www.jesusprieto.es\/index.php\/2020\/09\/08\/3-7-el-inicio-del-exilio-la-monarquia-segun-alfonso-xiii\/","title":{"rendered":"3.7. El inicio del exilio. La monarqu\u00eda seg\u00fan Alfonso XIII"},"content":{"rendered":"\t\t<div data-elementor-type=\"wp-post\" data-elementor-id=\"2314\" class=\"elementor elementor-2314\">\n\t\t\t\t\t\t\t\t\t<section class=\"elementor-section elementor-top-section elementor-element elementor-element-7a50c0e elementor-section-boxed elementor-section-height-default elementor-section-height-default\" data-id=\"7a50c0e\" data-element_type=\"section\">\n\t\t\t\t\t\t<div class=\"elementor-container elementor-column-gap-default\">\n\t\t\t\t\t<div class=\"elementor-column elementor-col-100 elementor-top-column elementor-element elementor-element-9e90778\" data-id=\"9e90778\" data-element_type=\"column\">\n\t\t\t<div class=\"elementor-widget-wrap elementor-element-populated\">\n\t\t\t\t\t\t\t\t<div class=\"elementor-element elementor-element-ecff5e1 elementor-widget elementor-widget-heading\" data-id=\"ecff5e1\" data-element_type=\"widget\" data-widget_type=\"heading.default\">\n\t\t\t\t<div class=\"elementor-widget-container\">\n\t\t\t<h2 class=\"elementor-heading-title elementor-size-default\">POL\u00cdTICA E IDEOLOG\u00cdA EN LA FAMILIA REAL ESPA\u00d1OLA \n(1931-1945)<\/h2>\t\t<\/div>\n\t\t\t\t<\/div>\n\t\t\t\t\t<\/div>\n\t\t<\/div>\n\t\t\t\t\t\t\t<\/div>\n\t\t<\/section>\n\t\t\t\t<section class=\"elementor-section elementor-top-section elementor-element elementor-element-e002dd2 elementor-section-boxed elementor-section-height-default elementor-section-height-default\" data-id=\"e002dd2\" data-element_type=\"section\">\n\t\t\t\t\t\t<div class=\"elementor-container elementor-column-gap-default\">\n\t\t\t\t\t<div class=\"elementor-column elementor-col-100 elementor-top-column elementor-element elementor-element-6f2d54c\" data-id=\"6f2d54c\" data-element_type=\"column\">\n\t\t\t<div class=\"elementor-widget-wrap elementor-element-populated\">\n\t\t\t\t\t\t\t\t<div class=\"elementor-element elementor-element-18e5232 elementor-widget elementor-widget-heading\" data-id=\"18e5232\" data-element_type=\"widget\" data-widget_type=\"heading.default\">\n\t\t\t\t<div class=\"elementor-widget-container\">\n\t\t\t<h2 class=\"elementor-heading-title elementor-size-default\">3.7. El inicio del exilio. La monarqu\u00eda seg\u00fan Alfonso XIII<\/h2>\t\t<\/div>\n\t\t\t\t<\/div>\n\t\t\t\t\t<\/div>\n\t\t<\/div>\n\t\t\t\t\t\t\t<\/div>\n\t\t<\/section>\n\t\t\t\t<section class=\"elementor-section elementor-top-section elementor-element elementor-element-7fc0561 elementor-section-boxed elementor-section-height-default elementor-section-height-default\" data-id=\"7fc0561\" data-element_type=\"section\">\n\t\t\t\t\t\t<div class=\"elementor-container elementor-column-gap-default\">\n\t\t\t\t\t<div class=\"elementor-column elementor-col-100 elementor-top-column elementor-element elementor-element-a8e7179\" data-id=\"a8e7179\" data-element_type=\"column\">\n\t\t\t<div class=\"elementor-widget-wrap elementor-element-populated\">\n\t\t\t\t\t\t\t\t<div class=\"elementor-element elementor-element-e97ece7 elementor-widget elementor-widget-text-editor\" data-id=\"e97ece7\" data-element_type=\"widget\" data-widget_type=\"text-editor.default\">\n\t\t\t\t<div class=\"elementor-widget-container\">\n\t\t\t\t\t\t\t<p>Todo hace suponer que la ca\u00edda de la monarqu\u00eda supuso una gran sorpresa y conmoci\u00f3n para los mon\u00e1rquicos espa\u00f1oles. Alfonso XIII vio cumplidos sus peores temores de que una revoluci\u00f3n se llevara por delante su corona, de la misma forma que tras el fin de la Gran Guerra hab\u00eda sucedido con monarqu\u00edas tan consolidadas como la alemana, la rusa o la austroh\u00fangara.<\/p><p>Si queremos hacernos una idea de la concepci\u00f3n que Alfonso XIII ten\u00eda sobre su labor y el sistema pol\u00edtico espa\u00f1ol, podemos acercarnos a sus propias declaraciones. Las principales durante el exilio fueron las recogidas en los primeros d\u00edas por el Gran Duque Alejandro, la entrevista que en julio de 1934 le realiza Carretero Novillo y las confidencias que Cort\u00e9s Cavanillas publicar\u00e1 en la d\u00e9cada de los cincuenta. De todas ellas deducimos que Alfonso XIII cre\u00eda que fue un monarca perfectamente constitucional, y precisamente por ello hab\u00eda fracasado su reinado. El problema de fondo residi\u00f3 en la propia configuraci\u00f3n del sistema, en una constituci\u00f3n <em>anticuada <\/em>que imposibilitaba su capacidad a la hora de actuar. Su gran inconveniente hab\u00eda sido no tener los instrumentos necesarios para poder intervenir m\u00e1s en los procesos pol\u00edticos y de esta forma erradicar los intereses partidistas y solucionar los problemas sociales del pa\u00eds. Reconoci\u00f3 que abandon\u00f3 la constituci\u00f3n en 1923, pero con el benepl\u00e1cito de todo el mundo y con el objetivo de salvar a Espa\u00f1a de derivas revolucionarias, y garantizar su progreso y paz social. Se consideraba un Rey liberal (que no dem\u00f3crata en el sentido que podemos interpretar hoy en d\u00eda), no tuvo ning\u00fan problema en gobernar con unos y otros, en aceptar cualquier tipo de programa, no era partidista. Pero sus palabras reflejaban una visi\u00f3n personal de la sociedad espa\u00f1ola y sus \u00e9lites pol\u00edticas como inmaduras e inestables, que necesitaban esa autoridad por encima del propio Estado que podr\u00eda permitir reconducir las crisis. Su papel no pod\u00eda limitarse a la triada de Bagehot (aconsejar, impulsar, advertir), sino que deber\u00eda haber estado m\u00e1s cercano al poder moderador, en la interpretaci\u00f3n m\u00e1s conservadora de la desarrollada originalmente por Constant<a href=\"#_ftn1\" name=\"_ftnref1\">[1]<\/a>.<\/p><p><a href=\"#_ftnref1\" name=\"_ftn1\">[1]<\/a> LARIO (1999) pp. 47. Poder moderador como \u201ccuarto poder, [\u2026] el nombramiento libre de los ministros, el de disolver las Cortes, la sanci\u00f3n y el indulto\u201d. Esta \u201cposici\u00f3n de Poder independiente, aut\u00f3nomo produc\u00eda tambi\u00e9n el temor de que se convirtiera de hecho en un poder superior e incontrolado; ya no necesitar\u00eda la firma de los ministros, que pertenec\u00edan a un Poder distinto\u201d<\/p>\t\t\t\t\t\t<\/div>\n\t\t\t\t<\/div>\n\t\t\t\t\t<\/div>\n\t\t<\/div>\n\t\t\t\t\t\t\t<\/div>\n\t\t<\/section>\n\t\t\t\t\t\t\t<\/div>\n\t\t","protected":false},"excerpt":{"rendered":"<p>POL\u00cdTICA E IDEOLOG\u00cdA EN LA FAMILIA REAL ESPA\u00d1OLA (1931-1945) 3.7. El inicio del exilio. La monarqu\u00eda seg\u00fan Alfonso XIII Todo<\/p>\n","protected":false},"author":1,"featured_media":2315,"comment_status":"closed","ping_status":"closed","sticky":false,"template":"","format":"standard","meta":{"colormag_page_layout":"no_sidebar_full_width","footnotes":""},"categories":[62],"tags":[58],"class_list":["post-2314","post","type-post","status-publish","format-standard","has-post-thumbnail","hentry","category-familia-real-espanola-1931-1945","tag-monarquia"],"_links":{"self":[{"href":"https:\/\/www.jesusprieto.es\/index.php\/wp-json\/wp\/v2\/posts\/2314","targetHints":{"allow":["GET"]}}],"collection":[{"href":"https:\/\/www.jesusprieto.es\/index.php\/wp-json\/wp\/v2\/posts"}],"about":[{"href":"https:\/\/www.jesusprieto.es\/index.php\/wp-json\/wp\/v2\/types\/post"}],"author":[{"embeddable":true,"href":"https:\/\/www.jesusprieto.es\/index.php\/wp-json\/wp\/v2\/users\/1"}],"replies":[{"embeddable":true,"href":"https:\/\/www.jesusprieto.es\/index.php\/wp-json\/wp\/v2\/comments?post=2314"}],"version-history":[{"count":4,"href":"https:\/\/www.jesusprieto.es\/index.php\/wp-json\/wp\/v2\/posts\/2314\/revisions"}],"predecessor-version":[{"id":2319,"href":"https:\/\/www.jesusprieto.es\/index.php\/wp-json\/wp\/v2\/posts\/2314\/revisions\/2319"}],"wp:featuredmedia":[{"embeddable":true,"href":"https:\/\/www.jesusprieto.es\/index.php\/wp-json\/wp\/v2\/media\/2315"}],"wp:attachment":[{"href":"https:\/\/www.jesusprieto.es\/index.php\/wp-json\/wp\/v2\/media?parent=2314"}],"wp:term":[{"taxonomy":"category","embeddable":true,"href":"https:\/\/www.jesusprieto.es\/index.php\/wp-json\/wp\/v2\/categories?post=2314"},{"taxonomy":"post_tag","embeddable":true,"href":"https:\/\/www.jesusprieto.es\/index.php\/wp-json\/wp\/v2\/tags?post=2314"}],"curies":[{"name":"wp","href":"https:\/\/api.w.org\/{rel}","templated":true}]}}