{"id":2303,"date":"2020-09-08T11:00:08","date_gmt":"2020-09-08T11:00:08","guid":{"rendered":"http:\/\/www.jesusprieto.es\/?p=2303"},"modified":"2021-03-23T20:08:30","modified_gmt":"2021-03-23T20:08:30","slug":"3-6-el-inicio-del-exilio-los-monarquicos-y-los-primeros-partidos","status":"publish","type":"post","link":"https:\/\/www.jesusprieto.es\/index.php\/2020\/09\/08\/3-6-el-inicio-del-exilio-los-monarquicos-y-los-primeros-partidos\/","title":{"rendered":"3.6. El inicio del exilio. Los mon\u00e1rquicos y los primeros partidos."},"content":{"rendered":"\t\t<div data-elementor-type=\"wp-post\" data-elementor-id=\"2303\" class=\"elementor elementor-2303\">\n\t\t\t\t\t\t\t\t\t<section class=\"elementor-section elementor-top-section elementor-element elementor-element-0cc6566 elementor-section-boxed elementor-section-height-default elementor-section-height-default\" data-id=\"0cc6566\" data-element_type=\"section\">\n\t\t\t\t\t\t<div class=\"elementor-container elementor-column-gap-default\">\n\t\t\t\t\t<div class=\"elementor-column elementor-col-100 elementor-top-column elementor-element elementor-element-8133be5\" data-id=\"8133be5\" data-element_type=\"column\">\n\t\t\t<div class=\"elementor-widget-wrap elementor-element-populated\">\n\t\t\t\t\t\t\t\t<div class=\"elementor-element elementor-element-defe6aa elementor-widget elementor-widget-heading\" data-id=\"defe6aa\" data-element_type=\"widget\" data-widget_type=\"heading.default\">\n\t\t\t\t<div class=\"elementor-widget-container\">\n\t\t\t<h2 class=\"elementor-heading-title elementor-size-default\">POL\u00cdTICA E IDEOLOG\u00cdA EN LA FAMILIA REAL ESPA\u00d1OLA \n(1931-1945)<\/h2>\t\t<\/div>\n\t\t\t\t<\/div>\n\t\t\t\t\t<\/div>\n\t\t<\/div>\n\t\t\t\t\t\t\t<\/div>\n\t\t<\/section>\n\t\t\t\t<section class=\"elementor-section elementor-top-section elementor-element elementor-element-1701429 elementor-section-boxed elementor-section-height-default elementor-section-height-default\" data-id=\"1701429\" data-element_type=\"section\">\n\t\t\t\t\t\t<div class=\"elementor-container elementor-column-gap-default\">\n\t\t\t\t\t<div class=\"elementor-column elementor-col-100 elementor-top-column elementor-element elementor-element-c389aa1\" data-id=\"c389aa1\" data-element_type=\"column\">\n\t\t\t<div class=\"elementor-widget-wrap elementor-element-populated\">\n\t\t\t\t\t\t\t\t<div class=\"elementor-element elementor-element-80bbd4a elementor-widget elementor-widget-heading\" data-id=\"80bbd4a\" data-element_type=\"widget\" data-widget_type=\"heading.default\">\n\t\t\t\t<div class=\"elementor-widget-container\">\n\t\t\t<h2 class=\"elementor-heading-title elementor-size-default\">3.6. El inicio del exilio. Los mon\u00e1rquicos y los primeros partidos.<\/h2>\t\t<\/div>\n\t\t\t\t<\/div>\n\t\t\t\t\t<\/div>\n\t\t<\/div>\n\t\t\t\t\t\t\t<\/div>\n\t\t<\/section>\n\t\t\t\t<section class=\"elementor-section elementor-top-section elementor-element elementor-element-7a69d47 elementor-section-boxed elementor-section-height-default elementor-section-height-default\" data-id=\"7a69d47\" data-element_type=\"section\">\n\t\t\t\t\t\t<div class=\"elementor-container elementor-column-gap-default\">\n\t\t\t\t\t<div class=\"elementor-column elementor-col-100 elementor-top-column elementor-element elementor-element-52a6b15\" data-id=\"52a6b15\" data-element_type=\"column\">\n\t\t\t<div class=\"elementor-widget-wrap elementor-element-populated\">\n\t\t\t\t\t\t\t\t<div class=\"elementor-element elementor-element-79c7b4a elementor-widget elementor-widget-text-editor\" data-id=\"79c7b4a\" data-element_type=\"widget\" data-widget_type=\"text-editor.default\">\n\t\t\t\t<div class=\"elementor-widget-container\">\n\t\t\t\t\t\t\t<p>En un principio, los mon\u00e1rquicos alfonsinos se cobijaron bajo el paraguas de la Acci\u00f3n Nacional de Herrera Oria y Gil Robles. Sus figuras eran escasas (gran parte de la nomenclatura din\u00e1stica se hab\u00eda retirado o pasado al campo republicano) y elitistas, pertenecientes a la aristocracia y las clases m\u00e1s altas. Ya en abril de 1930, hab\u00eda surgido una primera plataforma bajo el nombre de Uni\u00f3n Mon\u00e1rquica Nacional, sucesora oficiosa de la Uni\u00f3n Patri\u00f3tica primorriverista que integraba tambi\u00e9n a buena parte de las futuras figuras de la derecha mon\u00e1rquica: Calvo Sotelo, Maeztu, Pem\u00e1n, Quintanar o el propio hijo del Dictador, Jos\u00e9 Antonio. Ya presentaba un programa de derecha radical y autoritaria, lejos del conservadurismo din\u00e1stico. Calvo Sotelo consigui\u00f3 su \u00fanico esca\u00f1o en las cortes constituyentes, si bien no pudo tomar posesi\u00f3n del mismo. Con la desaparici\u00f3n de la marca, la mayor\u00eda se integraron en la Acci\u00f3n Popular de los propagandistas, uni\u00e9ndoseles otras figuras mon\u00e1rquicas como Goicoechea.<\/p><p>El Centro de Acci\u00f3n Nobiliaria tambi\u00e9n concentraba, pese a su disoluci\u00f3n, parte de los apoyos mon\u00e1rquicos, al igual que el extremista reci\u00e9n creado Partido Nacionalista Espa\u00f1ol de Jos\u00e9 Mar\u00eda Albi\u00f1ana, cercano al carlismo, con escasa presencia o \u00e9xito electoral.\u00a0 En definitiva, no encontraremos hasta finales de 1932 la definici\u00f3n de una estrategia partidista particular por parte de los mon\u00e1rquicos alfonsinos.<\/p>\t\t\t\t\t\t<\/div>\n\t\t\t\t<\/div>\n\t\t\t\t\t<\/div>\n\t\t<\/div>\n\t\t\t\t\t\t\t<\/div>\n\t\t<\/section>\n\t\t\t\t\t\t\t<\/div>\n\t\t","protected":false},"excerpt":{"rendered":"<p>POL\u00cdTICA E IDEOLOG\u00cdA EN LA FAMILIA REAL ESPA\u00d1OLA (1931-1945) 3.6. El inicio del exilio. Los mon\u00e1rquicos y los primeros partidos.<\/p>\n","protected":false},"author":1,"featured_media":2311,"comment_status":"closed","ping_status":"closed","sticky":false,"template":"","format":"standard","meta":{"colormag_page_layout":"no_sidebar_full_width","footnotes":""},"categories":[62],"tags":[58],"class_list":["post-2303","post","type-post","status-publish","format-standard","has-post-thumbnail","hentry","category-familia-real-espanola-1931-1945","tag-monarquia"],"_links":{"self":[{"href":"https:\/\/www.jesusprieto.es\/index.php\/wp-json\/wp\/v2\/posts\/2303","targetHints":{"allow":["GET"]}}],"collection":[{"href":"https:\/\/www.jesusprieto.es\/index.php\/wp-json\/wp\/v2\/posts"}],"about":[{"href":"https:\/\/www.jesusprieto.es\/index.php\/wp-json\/wp\/v2\/types\/post"}],"author":[{"embeddable":true,"href":"https:\/\/www.jesusprieto.es\/index.php\/wp-json\/wp\/v2\/users\/1"}],"replies":[{"embeddable":true,"href":"https:\/\/www.jesusprieto.es\/index.php\/wp-json\/wp\/v2\/comments?post=2303"}],"version-history":[{"count":6,"href":"https:\/\/www.jesusprieto.es\/index.php\/wp-json\/wp\/v2\/posts\/2303\/revisions"}],"predecessor-version":[{"id":2313,"href":"https:\/\/www.jesusprieto.es\/index.php\/wp-json\/wp\/v2\/posts\/2303\/revisions\/2313"}],"wp:featuredmedia":[{"embeddable":true,"href":"https:\/\/www.jesusprieto.es\/index.php\/wp-json\/wp\/v2\/media\/2311"}],"wp:attachment":[{"href":"https:\/\/www.jesusprieto.es\/index.php\/wp-json\/wp\/v2\/media?parent=2303"}],"wp:term":[{"taxonomy":"category","embeddable":true,"href":"https:\/\/www.jesusprieto.es\/index.php\/wp-json\/wp\/v2\/categories?post=2303"},{"taxonomy":"post_tag","embeddable":true,"href":"https:\/\/www.jesusprieto.es\/index.php\/wp-json\/wp\/v2\/tags?post=2303"}],"curies":[{"name":"wp","href":"https:\/\/api.w.org\/{rel}","templated":true}]}}