{"id":2285,"date":"2020-09-08T12:30:14","date_gmt":"2020-09-08T12:30:14","guid":{"rendered":"http:\/\/www.jesusprieto.es\/?p=2285"},"modified":"2021-03-23T20:08:10","modified_gmt":"2021-03-23T20:08:10","slug":"3-3-el-inicio-del-exilio-las-elecciones-de-junio-de-1931","status":"publish","type":"post","link":"https:\/\/www.jesusprieto.es\/index.php\/2020\/09\/08\/3-3-el-inicio-del-exilio-las-elecciones-de-junio-de-1931\/","title":{"rendered":"3.3. El inicio del exilio. Las elecciones de Junio de 1931"},"content":{"rendered":"\t\t<div data-elementor-type=\"wp-post\" data-elementor-id=\"2285\" class=\"elementor elementor-2285\">\n\t\t\t\t\t\t\t\t\t<section class=\"elementor-section elementor-top-section elementor-element elementor-element-7b29d3d elementor-section-boxed elementor-section-height-default elementor-section-height-default\" data-id=\"7b29d3d\" data-element_type=\"section\">\n\t\t\t\t\t\t<div class=\"elementor-container elementor-column-gap-default\">\n\t\t\t\t\t<div class=\"elementor-column elementor-col-100 elementor-top-column elementor-element elementor-element-f439c95\" data-id=\"f439c95\" data-element_type=\"column\">\n\t\t\t<div class=\"elementor-widget-wrap elementor-element-populated\">\n\t\t\t\t\t\t\t\t<div class=\"elementor-element elementor-element-f2c386f elementor-widget elementor-widget-heading\" data-id=\"f2c386f\" data-element_type=\"widget\" data-widget_type=\"heading.default\">\n\t\t\t\t<div class=\"elementor-widget-container\">\n\t\t\t<h2 class=\"elementor-heading-title elementor-size-default\">POL\u00cdTICA E IDEOLOG\u00cdA EN LA FAMILIA REAL ESPA\u00d1OLA \n(1931-1945)\n<\/h2>\t\t<\/div>\n\t\t\t\t<\/div>\n\t\t\t\t\t<\/div>\n\t\t<\/div>\n\t\t\t\t\t\t\t<\/div>\n\t\t<\/section>\n\t\t\t\t<section class=\"elementor-section elementor-top-section elementor-element elementor-element-bcd4157 elementor-section-boxed elementor-section-height-default elementor-section-height-default\" data-id=\"bcd4157\" data-element_type=\"section\">\n\t\t\t\t\t\t<div class=\"elementor-container elementor-column-gap-default\">\n\t\t\t\t\t<div class=\"elementor-column elementor-col-100 elementor-top-column elementor-element elementor-element-068b1e9\" data-id=\"068b1e9\" data-element_type=\"column\">\n\t\t\t<div class=\"elementor-widget-wrap elementor-element-populated\">\n\t\t\t\t\t\t\t\t<div class=\"elementor-element elementor-element-8c97f46 elementor-widget elementor-widget-heading\" data-id=\"8c97f46\" data-element_type=\"widget\" data-widget_type=\"heading.default\">\n\t\t\t\t<div class=\"elementor-widget-container\">\n\t\t\t<h2 class=\"elementor-heading-title elementor-size-default\">3.3. El inicio del exilio. Las elecciones de Junio de 1931<\/h2>\t\t<\/div>\n\t\t\t\t<\/div>\n\t\t\t\t\t<\/div>\n\t\t<\/div>\n\t\t\t\t\t\t\t<\/div>\n\t\t<\/section>\n\t\t\t\t<section class=\"elementor-section elementor-top-section elementor-element elementor-element-51002db elementor-section-boxed elementor-section-height-default elementor-section-height-default\" data-id=\"51002db\" data-element_type=\"section\">\n\t\t\t\t\t\t<div class=\"elementor-container elementor-column-gap-default\">\n\t\t\t\t\t<div class=\"elementor-column elementor-col-100 elementor-top-column elementor-element elementor-element-621bd37\" data-id=\"621bd37\" data-element_type=\"column\">\n\t\t\t<div class=\"elementor-widget-wrap elementor-element-populated\">\n\t\t\t\t\t\t\t\t<div class=\"elementor-element elementor-element-2e36ec3 elementor-widget elementor-widget-text-editor\" data-id=\"2e36ec3\" data-element_type=\"widget\" data-widget_type=\"text-editor.default\">\n\t\t\t\t<div class=\"elementor-widget-container\">\n\t\t\t\t\t\t\t<p>Durante esos primeros meses, los mon\u00e1rquicos estuvieron convencidos de la provisionalidad del r\u00e9gimen republicano, as\u00ed como de su imposible supervivencia. \u00a0El propio Alfonso XIII declar\u00f3 nada m\u00e1s llegar a Par\u00eds: \u201ccr\u00e9ame [\u2026]. Hace falta m\u00e1s valor para hacer lo que yo he hecho que para cargar al frente de un escuadr\u00f3n. [\u2026] Despu\u00e9s de las elecciones generales veremos\u201d<a href=\"#_ftn1\" name=\"_ftnref1\"><sup>[1]<\/sup><\/a>.\u00a0 Camb\u00f3 cuenta en sus memorias el optimismo reinante entre los c\u00edrculos del exilio respecto a un futuro \u00e9xito electoral<a href=\"#_ftn2\" name=\"_ftnref2\">[2]<\/a>. Alfonso XIII lo habr\u00eda fiado todo en aquel momento a la precariedad del r\u00e9gimen republicano y la capacidad de sus seguidores para imponerse en un censo y un procedimiento electoral con evidentes rasgos de caciquismo, donde un electorado mon\u00e1rquico y rural pudiera alcanzar la mayor\u00eda. Es as\u00ed que durante sus primeras semanas en el exilio, y con cierta frivolidad, el monarca prim\u00f3 m\u00e1s sus asuntos de intendencia, familiares, tur\u00edsticos y de ocio que los pol\u00edticos.<\/p><p>Las elecciones del 28 de junio de 1931 supusieron un desastre para las candidaturas mon\u00e1rquicas, consiguiendo solo 30 esca\u00f1os en una c\u00e1mara de 470. La Uni\u00f3n Mon\u00e1rquica Nacional solo consigui\u00f3 un esca\u00f1o (el de Calvo Sotelo posteriormente anulado). Los agrarios, presentados en aquel momento como mon\u00e1rquicos, se convirtieron en el principal grupo de la derecha en la c\u00e1mara con 15 esca\u00f1os. La Acci\u00f3n Nacional de los propagandistas de Herrera Oria alcanzaron solo 5 puestos, 5 los carlistas y solo otros 4 mon\u00e1rquicos entrar\u00e1n en las Cortes de forma independiente. \u00danicamente Romanones consigui\u00f3 un acta present\u00e1ndose como mon\u00e1rquico, sin m\u00e1s adjetivos.<a href=\"#_ftn3\" name=\"_ftnref3\">[3]<\/a><\/p><p><a href=\"#_ftnref1\" name=\"_ftn1\">[1]<\/a> <em>Salida del Rey para Par\u00eds. Unas palabras de su majestad. <\/em>ABC Madrid. 17 abril 1931. p.17<\/p><p><a href=\"#_ftnref2\" name=\"_ftn2\">[2]<\/a> TUSELL \/ QUEIPO DE LLANO (2003) Posici\u00f3n 11033<\/p><p><a href=\"#_ftnref3\" name=\"_ftn3\">[3]<\/a> GONZ\u00c1LEZ CALLEJA et alii (2015) pp.794-816. Los cuatro independientes fueron Romanones en Guadalajara bajo el paraguas de <em>Monarqu\u00eda Liberal, <\/em>y otros tres que se presentar\u00e1n en Castilla, bajo el lema <em>cat\u00f3lico agrarios, <\/em>independientes del partido agrario y del tradicionalista, pero defini\u00e9ndose como cat\u00f3licos\/ tradicionalistas: Juan Lamami\u00e9 de Clairac, terrateniente salmantino, y dos por Burgos, el sacerdote Ricardo G\u00f3mez Roj\u00ed y el abogado Francisco Est\u00e9vanez Rodr\u00edguez.<\/p>\t\t\t\t\t\t<\/div>\n\t\t\t\t<\/div>\n\t\t\t\t\t<\/div>\n\t\t<\/div>\n\t\t\t\t\t\t\t<\/div>\n\t\t<\/section>\n\t\t\t\t\t\t\t<\/div>\n\t\t","protected":false},"excerpt":{"rendered":"<p>POL\u00cdTICA E IDEOLOG\u00cdA EN LA FAMILIA REAL ESPA\u00d1OLA (1931-1945) 3.3. El inicio del exilio. Las elecciones de Junio de 1931<\/p>\n","protected":false},"author":1,"featured_media":2286,"comment_status":"closed","ping_status":"closed","sticky":false,"template":"","format":"standard","meta":{"colormag_page_layout":"no_sidebar_full_width","footnotes":""},"categories":[62],"tags":[58],"class_list":["post-2285","post","type-post","status-publish","format-standard","has-post-thumbnail","hentry","category-familia-real-espanola-1931-1945","tag-monarquia"],"_links":{"self":[{"href":"https:\/\/www.jesusprieto.es\/index.php\/wp-json\/wp\/v2\/posts\/2285","targetHints":{"allow":["GET"]}}],"collection":[{"href":"https:\/\/www.jesusprieto.es\/index.php\/wp-json\/wp\/v2\/posts"}],"about":[{"href":"https:\/\/www.jesusprieto.es\/index.php\/wp-json\/wp\/v2\/types\/post"}],"author":[{"embeddable":true,"href":"https:\/\/www.jesusprieto.es\/index.php\/wp-json\/wp\/v2\/users\/1"}],"replies":[{"embeddable":true,"href":"https:\/\/www.jesusprieto.es\/index.php\/wp-json\/wp\/v2\/comments?post=2285"}],"version-history":[{"count":4,"href":"https:\/\/www.jesusprieto.es\/index.php\/wp-json\/wp\/v2\/posts\/2285\/revisions"}],"predecessor-version":[{"id":2290,"href":"https:\/\/www.jesusprieto.es\/index.php\/wp-json\/wp\/v2\/posts\/2285\/revisions\/2290"}],"wp:featuredmedia":[{"embeddable":true,"href":"https:\/\/www.jesusprieto.es\/index.php\/wp-json\/wp\/v2\/media\/2286"}],"wp:attachment":[{"href":"https:\/\/www.jesusprieto.es\/index.php\/wp-json\/wp\/v2\/media?parent=2285"}],"wp:term":[{"taxonomy":"category","embeddable":true,"href":"https:\/\/www.jesusprieto.es\/index.php\/wp-json\/wp\/v2\/categories?post=2285"},{"taxonomy":"post_tag","embeddable":true,"href":"https:\/\/www.jesusprieto.es\/index.php\/wp-json\/wp\/v2\/tags?post=2285"}],"curies":[{"name":"wp","href":"https:\/\/api.w.org\/{rel}","templated":true}]}}