{"id":2279,"date":"2020-09-08T13:00:57","date_gmt":"2020-09-08T13:00:57","guid":{"rendered":"http:\/\/www.jesusprieto.es\/?p=2279"},"modified":"2021-03-23T20:08:00","modified_gmt":"2021-03-23T20:08:00","slug":"3-2-el-inicio-del-exilio-los-primeros-pasos","status":"publish","type":"post","link":"https:\/\/www.jesusprieto.es\/index.php\/2020\/09\/08\/3-2-el-inicio-del-exilio-los-primeros-pasos\/","title":{"rendered":"3.2. El inicio del exilio. Los primeros pasos."},"content":{"rendered":"\t\t<div data-elementor-type=\"wp-post\" data-elementor-id=\"2279\" class=\"elementor elementor-2279\">\n\t\t\t\t\t\t\t\t\t<section class=\"elementor-section elementor-top-section elementor-element elementor-element-0ef0163 elementor-section-boxed elementor-section-height-default elementor-section-height-default\" data-id=\"0ef0163\" data-element_type=\"section\">\n\t\t\t\t\t\t<div class=\"elementor-container elementor-column-gap-default\">\n\t\t\t\t\t<div class=\"elementor-column elementor-col-100 elementor-top-column elementor-element elementor-element-15bd631\" data-id=\"15bd631\" data-element_type=\"column\">\n\t\t\t<div class=\"elementor-widget-wrap elementor-element-populated\">\n\t\t\t\t\t\t\t\t<div class=\"elementor-element elementor-element-87713d3 elementor-widget elementor-widget-heading\" data-id=\"87713d3\" data-element_type=\"widget\" data-widget_type=\"heading.default\">\n\t\t\t\t<div class=\"elementor-widget-container\">\n\t\t\t<h2 class=\"elementor-heading-title elementor-size-default\">POL\u00cdTICA E IDEOLOG\u00cdA EN LA FAMILIA REAL ESPA\u00d1OLA \n(1931-1945)<\/h2>\t\t<\/div>\n\t\t\t\t<\/div>\n\t\t\t\t\t<\/div>\n\t\t<\/div>\n\t\t\t\t\t\t\t<\/div>\n\t\t<\/section>\n\t\t\t\t<section class=\"elementor-section elementor-top-section elementor-element elementor-element-2c20317 elementor-section-boxed elementor-section-height-default elementor-section-height-default\" data-id=\"2c20317\" data-element_type=\"section\">\n\t\t\t\t\t\t<div class=\"elementor-container elementor-column-gap-default\">\n\t\t\t\t\t<div class=\"elementor-column elementor-col-100 elementor-top-column elementor-element elementor-element-5b7745e\" data-id=\"5b7745e\" data-element_type=\"column\">\n\t\t\t<div class=\"elementor-widget-wrap elementor-element-populated\">\n\t\t\t\t\t\t\t\t<div class=\"elementor-element elementor-element-ae8895b elementor-widget elementor-widget-heading\" data-id=\"ae8895b\" data-element_type=\"widget\" data-widget_type=\"heading.default\">\n\t\t\t\t<div class=\"elementor-widget-container\">\n\t\t\t<h2 class=\"elementor-heading-title elementor-size-default\">3.2. El inicio del exilio. Los primeros pasos. <\/h2>\t\t<\/div>\n\t\t\t\t<\/div>\n\t\t\t\t\t<\/div>\n\t\t<\/div>\n\t\t\t\t\t\t\t<\/div>\n\t\t<\/section>\n\t\t\t\t<section class=\"elementor-section elementor-top-section elementor-element elementor-element-57179f4 elementor-section-boxed elementor-section-height-default elementor-section-height-default\" data-id=\"57179f4\" data-element_type=\"section\">\n\t\t\t\t\t\t<div class=\"elementor-container elementor-column-gap-default\">\n\t\t\t\t\t<div class=\"elementor-column elementor-col-100 elementor-top-column elementor-element elementor-element-316da19\" data-id=\"316da19\" data-element_type=\"column\">\n\t\t\t<div class=\"elementor-widget-wrap elementor-element-populated\">\n\t\t\t\t\t\t\t\t<div class=\"elementor-element elementor-element-1f0ba2f elementor-widget elementor-widget-text-editor\" data-id=\"1f0ba2f\" data-element_type=\"widget\" data-widget_type=\"text-editor.default\">\n\t\t\t\t<div class=\"elementor-widget-container\">\n\t\t\t\t\t\t\t<p>Del momento inicial del exilio proviene una ruptura en la imagen p\u00fablica del Rey. Frente a la presentaci\u00f3n de un monarca joven (tiene 44 a\u00f1os), moderno, activo, deportista, algo fr\u00edvolo, campechano y simp\u00e1tico, asistimos a una transformaci\u00f3n radical en un personaje tr\u00e1gico y solemne, castigado por el destino, sumido en un inquebrantable sufrimiento, triste y doloso, envejecido prematuramente por los avatares, bombardeado por las desgracias familiares y el abandono o la traici\u00f3n de sus partidarios, vilipendiado y arruinado. Para sus partidarios la causa ser\u00eda un mal \u201cde car\u00e1cter moral: la convicci\u00f3n creciente de su impotencia para poner en pie la Espa\u00f1a que amaba apasionadamente\u201d<a href=\"#_ftn1\" name=\"_ftnref1\">[1]<\/a>. Por el contrario, la prensa republicana levant\u00f3 desde el principio el velo que cubr\u00eda la informaci\u00f3n sobre la casa real y comenz\u00f3 a hacer publicas enfermedades, desavenencias y mil y un cotilleos al respecto, dando la imagen de un rey exiliado playboy, derrochador, conspirador, autoritario, hip\u00f3crita, corrupto, rid\u00edculo y sinverg\u00fcenza.<\/p><p>La realidad parece mostrarnos la conversi\u00f3n de Alfonso XIII en un personaje depresivo, pasivo y desorientado, que intent\u00f3 durante sus \u00faltimos a\u00f1os mantener una dignidad y un papel pol\u00edtico decisorio que ya no conservaba. Se comport\u00f3 en numerosas ocasiones caprichosa, ego\u00edsta y altaneramente, tanto con su entorno familiar como con sus propios partidarios. Coloc\u00f3 al frente de todos sus objetivos la reparaci\u00f3n de la injusticia que se le ha hecho, estableciendo un tono de queja constante, y personalizando en el respaldo a su figura la lealtad de los mon\u00e1rquicos. Sobre todo durante los primeros a\u00f1os del exilio, se convirti\u00f3 en un turista irredento, con continuos viajes de placer, cacer\u00edas o visitas culturales, descuidando sus contactos o las estrategias pol\u00edticas.<\/p><p>Pero del mismo modo, p\u00fablicamente, hasta el inicio de la Guerra Civil, tambi\u00e9n se mostr\u00f3 conciliador, responsable y desinteresado. Si en conversaciones privadas encontramos m\u00faltiples muestras de esa locuacidad irresponsable que le achacan muchos de sus bi\u00f3grafos, en p\u00fablico mantuvo una constante inclinaci\u00f3n por presentarse como el monarca que siempre quiso ser, por encima de los partidismos, preocupado por la realidad de su pueblo, su prosperidad y su convivencia pac\u00edfica, si bien a la vez tendi\u00f3 a desacreditar constantemente el r\u00e9gimen republicano y a los partidos de izquierda, present\u00e1ndolos como extremistas y revolucionarios. Adem\u00e1s, durante el periodo republicano, no tuvo problemas en mantener comunicaci\u00f3n con todo aquel que quiera acerc\u00e1rsele (que solo provendr\u00e1n del espectro de la derecha pol\u00edtica), desde los tradicionalistas a los accidentalistas, manteniendo el <em>borboneo <\/em>habitual, donde intentaba dejar abiertas sus opciones, agradando el o\u00eddo del que le escucha, y en muchas ocasiones enfureciendo a unos y otros que se sienten traicionados. Alfonso XIII se consider\u00f3 hasta su muerte el Rey, una figura superior a la realidad pol\u00edtica e imbuida del derecho y la capacidad de decidir en cada momento lo que mejor conviene, a su dinast\u00eda y a la naci\u00f3n, sin tener que someterse a los dictados de nadie.<\/p><p>Durante los primeros d\u00edas del exilio, la familia real se congreg\u00f3 en Par\u00eds, siendo visitados por numerosos partidarios, con muestras de adhesi\u00f3n e incluso cierta expectaci\u00f3n y buen recibimiento hacia el monarca en los lugares que visitaba<a href=\"#_ftn2\" name=\"_ftnref2\">[2]<\/a>. Junto a ellos se hab\u00edan exiliado cortesanos de su c\u00edrculo m\u00e1s cercano y algunos personajes mon\u00e1rquicos como De la Cierva, Camb\u00f3 o Calvo Sotelo, pero la gran mayor\u00eda de la clase pol\u00edtica din\u00e1stica o bien hab\u00eda abandonado la causa mon\u00e1rquica, como reflejan los ejemplos de Santiago Alba o S\u00e1nchez Guerra, o simplemente se hab\u00eda retirado de la vida p\u00fablica como Garc\u00eda Prieto. Como afirma Gonz\u00e1lez Cuevas: \u201ctras el cambio de r\u00e9gimen, los partidos din\u00e1sticos y los dem\u00e1s grup\u00fasculos que desde la ca\u00edda de la Dictadura hab\u00edan intentado reconstruir las fuerzas mon\u00e1rquicas desaparecieron por completo\u201d <a href=\"#_ftn3\" name=\"_ftnref3\"><sup>[3]<\/sup><\/a>.<\/p><p>Pronto comenzaron las giras tur\u00edsticas del exrey, quien ya a principios de mayo concedi\u00f3 en Londres una entrevista al director de <em>ABC<\/em>, Juan Ignacio Luca de Tena. En este momento desarroll\u00f3 una postura que mantendr\u00e1 en el futuro, mostr\u00e1ndose conciliador y generoso: el Gobierno republicano era el gobierno de Espa\u00f1a, solo el sufragio y la voluntad popular decidir\u00edan una futura vuelta de la monarqu\u00eda, \u201clos mon\u00e1rquicos que quieran seguir mis indicaciones deben, no solo abstenerse de obstaculizar al Gobierno, sino apoyarle en cuanto sea patri\u00f3tico\u201d <a href=\"#_ftn4\" name=\"_ftnref4\">[4]<\/a>, Por encima de la monarqu\u00eda o la rep\u00fablica estaba Espa\u00f1a. \u201cNo quiero que los mon\u00e1rquicos exciten en mi nombre a la rebeli\u00f3n militar\u201d. Eso s\u00ed, no pod\u00eda oponerse a que estos mon\u00e1rquicos se organizaran en \u201ccomit\u00e9 central, una junta o como quiera llam\u00e1rsele, con fines electorales\u201d. Remarc\u00f3 de nuevo que no hab\u00eda abdicado ni har\u00eda cesi\u00f3n alguna en sus derechos din\u00e1sticos, que pudo haberse equivocado alguna vez, pero siempre cegado por su amor a Espa\u00f1a, haciendo el mayor sacrificio de su vida, as\u00ed como que su salida de Espa\u00f1a fue buscando no derramar sangre. No reprocha nada a nadie, no ten\u00eda odio ni animadversi\u00f3n.<\/p><p><a href=\"#_ftnref1\" name=\"_ftn1\">[1]<\/a> SECO SERRANO (2003) p. 26<\/p><p><a href=\"#_ftnref2\" name=\"_ftn2\">[2]<\/a> Es en estos d\u00edas cuando se entrevista tambi\u00e9n con el Gran Duque Alejandro de Rusia, quien publicar\u00e1 al a\u00f1o siguiente un libro sobre monarcas exiliados que contiene declaraciones de Alfonso XIII, <em>Twilight of royalty, <\/em>R. Long &amp; R.R. Simith. New York. 1932. Son las primeras confidencias que encontramos respecto a su reinado y situaci\u00f3n. Cort\u00e9s Cavanillas las reproducir\u00e1 casi \u00edntegramente en su libro.<\/p><p><a href=\"#_ftnref3\" name=\"_ftn3\">[3]<\/a> GONZ\u00c1LEZ CUEVAS (2000) p. 294<\/p><p><a href=\"#_ftnref4\" name=\"_ftn4\">[4]<\/a> <em>Entrevista con D. Alfonso XIII, en Londres. <\/em>ABC. 5 mayo 1931. pp.26-27<\/p>\t\t\t\t\t\t<\/div>\n\t\t\t\t<\/div>\n\t\t\t\t\t<\/div>\n\t\t<\/div>\n\t\t\t\t\t\t\t<\/div>\n\t\t<\/section>\n\t\t\t\t\t\t\t<\/div>\n\t\t","protected":false},"excerpt":{"rendered":"<p>POL\u00cdTICA E IDEOLOG\u00cdA EN LA FAMILIA REAL ESPA\u00d1OLA (1931-1945) 3.2. El inicio del exilio. Los primeros pasos. Del momento inicial<\/p>\n","protected":false},"author":1,"featured_media":2280,"comment_status":"closed","ping_status":"closed","sticky":false,"template":"","format":"standard","meta":{"colormag_page_layout":"no_sidebar_full_width","footnotes":""},"categories":[62],"tags":[58],"class_list":["post-2279","post","type-post","status-publish","format-standard","has-post-thumbnail","hentry","category-familia-real-espanola-1931-1945","tag-monarquia"],"_links":{"self":[{"href":"https:\/\/www.jesusprieto.es\/index.php\/wp-json\/wp\/v2\/posts\/2279","targetHints":{"allow":["GET"]}}],"collection":[{"href":"https:\/\/www.jesusprieto.es\/index.php\/wp-json\/wp\/v2\/posts"}],"about":[{"href":"https:\/\/www.jesusprieto.es\/index.php\/wp-json\/wp\/v2\/types\/post"}],"author":[{"embeddable":true,"href":"https:\/\/www.jesusprieto.es\/index.php\/wp-json\/wp\/v2\/users\/1"}],"replies":[{"embeddable":true,"href":"https:\/\/www.jesusprieto.es\/index.php\/wp-json\/wp\/v2\/comments?post=2279"}],"version-history":[{"count":4,"href":"https:\/\/www.jesusprieto.es\/index.php\/wp-json\/wp\/v2\/posts\/2279\/revisions"}],"predecessor-version":[{"id":2284,"href":"https:\/\/www.jesusprieto.es\/index.php\/wp-json\/wp\/v2\/posts\/2279\/revisions\/2284"}],"wp:featuredmedia":[{"embeddable":true,"href":"https:\/\/www.jesusprieto.es\/index.php\/wp-json\/wp\/v2\/media\/2280"}],"wp:attachment":[{"href":"https:\/\/www.jesusprieto.es\/index.php\/wp-json\/wp\/v2\/media?parent=2279"}],"wp:term":[{"taxonomy":"category","embeddable":true,"href":"https:\/\/www.jesusprieto.es\/index.php\/wp-json\/wp\/v2\/categories?post=2279"},{"taxonomy":"post_tag","embeddable":true,"href":"https:\/\/www.jesusprieto.es\/index.php\/wp-json\/wp\/v2\/tags?post=2279"}],"curies":[{"name":"wp","href":"https:\/\/api.w.org\/{rel}","templated":true}]}}