{"id":2183,"date":"2020-04-24T10:43:23","date_gmt":"2020-04-24T10:43:23","guid":{"rendered":"http:\/\/www.jesusprieto.es\/?p=2183"},"modified":"2021-03-23T20:12:44","modified_gmt":"2021-03-23T20:12:44","slug":"neoliberales-en-urgencias-hospitalarias","status":"publish","type":"post","link":"https:\/\/www.jesusprieto.es\/index.php\/2020\/04\/24\/neoliberales-en-urgencias-hospitalarias\/","title":{"rendered":"NEOLIBERALES, \u00bfEN URGENCIAS HOSPITALARIAS?"},"content":{"rendered":"\t\t<div data-elementor-type=\"wp-post\" data-elementor-id=\"2183\" class=\"elementor elementor-2183\">\n\t\t\t\t\t\t\t\t\t<section class=\"elementor-section elementor-top-section elementor-element elementor-element-f15cbeb elementor-section-boxed elementor-section-height-default elementor-section-height-default\" data-id=\"f15cbeb\" data-element_type=\"section\">\n\t\t\t\t\t\t<div class=\"elementor-container elementor-column-gap-default\">\n\t\t\t\t\t<div class=\"elementor-column elementor-col-100 elementor-top-column elementor-element elementor-element-8d98fac\" data-id=\"8d98fac\" data-element_type=\"column\">\n\t\t\t<div class=\"elementor-widget-wrap elementor-element-populated\">\n\t\t\t\t\t\t\t\t<div class=\"elementor-element elementor-element-aa2e37a elementor-widget elementor-widget-heading\" data-id=\"aa2e37a\" data-element_type=\"widget\" data-widget_type=\"heading.default\">\n\t\t\t\t<div class=\"elementor-widget-container\">\n\t\t\t<h2 class=\"elementor-heading-title elementor-size-default\">NEOLIBERALES, \u00bfEN URGENCIAS HOSPITALARIAS?<\/h2>\t\t<\/div>\n\t\t\t\t<\/div>\n\t\t\t\t\t<\/div>\n\t\t<\/div>\n\t\t\t\t\t\t\t<\/div>\n\t\t<\/section>\n\t\t\t\t<section class=\"elementor-section elementor-top-section elementor-element elementor-element-8e1b355 elementor-section-boxed elementor-section-height-default elementor-section-height-default\" data-id=\"8e1b355\" data-element_type=\"section\">\n\t\t\t\t\t\t<div class=\"elementor-container elementor-column-gap-default\">\n\t\t\t\t\t<div class=\"elementor-column elementor-col-100 elementor-top-column elementor-element elementor-element-cd4ea1d\" data-id=\"cd4ea1d\" data-element_type=\"column\">\n\t\t\t<div class=\"elementor-widget-wrap elementor-element-populated\">\n\t\t\t\t\t\t\t\t<div class=\"elementor-element elementor-element-b9e67df elementor-widget elementor-widget-text-editor\" data-id=\"b9e67df\" data-element_type=\"widget\" data-widget_type=\"text-editor.default\">\n\t\t\t\t<div class=\"elementor-widget-container\">\n\t\t\t\t\t\t\t<h6><a name=\"_Toc37008055\"><\/a><span style=\"color: #000080;\"><strong>1.\u00a0\u00a0\u00a0 <\/strong><strong>Introducci\u00f3n<\/strong><\/span><\/h6><p>No hay camino m\u00e1s seguro para equivocarse que intentar analizar el momento exacto en el que uno est\u00e1. Aun as\u00ed, intentar\u00e9 reflexionar respecto que camino est\u00e1 tomando la derecha en Occidente ante la crisis del Covid-19. \u00bfQu\u00e9 proponen o que est\u00e1n haciendo los principales actores neoliberales al respecto? \u00bfTienen raz\u00f3n los que aseguran que la situaci\u00f3n actual es una herida de muerte para el neoliberalismo? \u00bfO est\u00e1n tan ricamente confinados en sus ajardinadas casas a la espera de que el tiempo escampe? Me voy a centrar sobre todo en el caso espa\u00f1ol y algo en el europeo, pues si uno va a meter la pata, mejor sobre lo conocido.<\/p><h6><span style=\"color: #000080;\"><strong>2.\u00a0\u00a0\u00a0 <\/strong><strong>FAES ve la luz<\/strong><\/span><\/h6><p>El pasado 21 de abril, FAES public\u00f3 un art\u00edculo titulado \u201c<em>Una propuesta eficiente frente a la renta m\u00ednima<\/em>\u201d<a href=\"#_ftn1\" name=\"_ftnref1\">[1]<\/a>. \u00a0Lo de menos es que propusieran en dicho texto una renta \u201ctransitoria\u201d, \u201ctemporal\u201d y vinculada a la \u201cb\u00fasqueda efectiva de empleo\u201d, que para justificarlo citen a Milton Friedman (\u00bf?), o que dediquen m\u00e1s de la mitad del art\u00edculo a demostrar que crear una renta m\u00ednima \u201cpersonal\u201d (=permanente) es un error grav\u00edsimo que destruir\u00eda Espa\u00f1a. Todo eso da igual. El caso es que FAES dice que es sensato implementar ahora una renta m\u00ednima, sea esta lo mezquina que sea.\u00a0<\/p><p><img loading=\"lazy\" decoding=\"async\" class=\"aligncenter wp-image-2184 size-full\" src=\"http:\/\/www.jesusprieto.es\/wp-content\/uploads\/2021\/03\/30-a.jpg\" alt=\"\" width=\"302\" height=\"167\" srcset=\"https:\/\/www.jesusprieto.es\/wp-content\/uploads\/2021\/03\/30-a.jpg 302w, https:\/\/www.jesusprieto.es\/wp-content\/uploads\/2021\/03\/30-a-300x166.jpg 300w\" sizes=\"auto, (max-width: 302px) 100vw, 302px\" \/><\/p><p>Si me lees fuera de Espa\u00f1a, probablemente pensar\u00e1s, pues vale, vaya cosa. No te equivoques. Esto es una revoluci\u00f3n. Imag\u00ednate que ma\u00f1ana leyeses que Trump abandona la idea del muro en la frontera y ha decidido que a partir de ahora todos los martes y viernes va a invitar a cenar a ilegales en la Casa Blanca, para pedirles disculpas por las molestias y que disfruten de las delicias eslovenas cocinadas por las mism\u00edsimas manos de Melania. Pues algo igual. WTF.<\/p><p>FAES es el think tank del principal partido de la derecha espa\u00f1ola. Fue fundado por Jos\u00e9 Mar\u00eda Aznar para combatir la dictadura progresista que nos atenaza. Crear un espacio de pensamiento para difundir y debatir las ideas \u201cliberales\u201d. La verdad es que despu\u00e9s de algunos a\u00f1os, pensamiento poco, pues FAES simplemente duplica, promociona y vitorea las doctrinas m\u00e1s neoliberales que encuentra en el mercado, llegando a extremos rid\u00edculos e incluso rompiendo consensos existentes dentro de esa misma derecha. Hasta tal punto que gobernando el sucesor de Aznar, nombrado por \u00e9l a dedo, asistimos a la ruptura entre fundaci\u00f3n y partido. FAES se independiz\u00f3 del Partido Popular porque su propio gobierno se estaba volviendo inadmisiblemente progre. En resumen, FAES es la punta de iceberg del neoliberalismo espa\u00f1ol, el faro que nos gu\u00eda sin ning\u00fan tipo de complejo.<\/p><p>El hecho de que FAES acepte hablar de un concepto como el de renta m\u00ednima, que hasta hace un mes era un anatema absoluto, una t\u00edpica propuesta comunista totalitaria, el mayor ejemplo de c\u00f3mo los progres quieren comprar votos a base de arruinar a los decentes, es un signo clar\u00edsimo de que o bien han perdido el Norte o que algo puede estar cambiando. Y sin descartar que estamos todos en un momento de shock, de crisis e incertidumbre, donde no sabemos ni a donde vamos, quiz\u00e1 tambi\u00e9n debemos reconocer que este trance del coronavirus puede marcar un punto de ruptura respecto a la trayectoria que hasta ahora llev\u00e1bamos.<\/p><p>Definamos muy esquem\u00e1ticamente que entendemos por neoliberalismo. Hablamos de un capitalismo desorganizado, basado en tres premisas fundamentales, la apertura de fronteras, la privatizaci\u00f3n de los bienes p\u00fablicos y la desregularizaci\u00f3n. Lo \u00fanico que genera automatismo y seguridad es el mercado, solo el mercado es el principio de confianza para gobernar la sociedad, garantizando una distribuci\u00f3n m\u00e1s equitativa de la riqueza y la organizaci\u00f3n correcta de la vida colectiva. Su resultado es una mercantilizaci\u00f3n total de todos los aspectos de nuestras vidas, la reducci\u00f3n del Estado al m\u00ednimo, el vaciamiento de las democracias, un incremento del autoritarismo. Durante un periodo donde el capitalismo no se sent\u00eda amenazado, no ten\u00eda necesidad de hacer concesiones, el neoliberalismo ha conseguido incrustarse en nuestras democracias como hegem\u00f3nico, una ideolog\u00eda convertida en sentido com\u00fan, capaz de dar explicaciones y soluciones f\u00e1ciles a cualquier dilema que nos enfrentemos.<\/p><p>Todo este sentido com\u00fan neoliberal parece haber saltado por los aires en las \u00faltimas semanas. Ya no es solo que se hayan cerrado las fronteras, sino que en todos los pa\u00edses de nuestro entorno se discute como es posible que hayamos llegado a estos niveles absurdos de deslocalizaci\u00f3n en la producci\u00f3n, donde somos incapaces de autoabastecernos de los productos m\u00e1s b\u00e1sicos. \u00bfC\u00f3mo es posible que estemos a merced de piratas especuladores que est\u00e1n haciendo negocio con la salud de todos? Ya no es que se haya frenado en seco la privatizaci\u00f3n de lo p\u00fablico, sino que tanto los gobiernos como las diferentes opiniones p\u00fablicas se han ca\u00eddo todos del caballo y ahora lo inexcusable es estatalizar lo privado: la sanidad privada, los proveedores sanitarios, los grandes centros de distribuci\u00f3n. Todo tiene que estar a merced de las necesidades de la comunidad, y no al rev\u00e9s como hasta ahora. Ya no es que desregularicemos, ahora el sentido com\u00fan es regularizar para evitar la monstruosidad que supone dejar todo en manos del mercado. As\u00ed, en Espa\u00f1a se imponen precios fijos para las mascarillas, se obliga a los bancos a moratorias en los pagos de sus deudores, o se establece hasta cuantos ni\u00f1os pueden salir a la calle, a donde, en base a que circunstancias e incluso en que horarios. La mano invisible ya no es la gran panacea, ahora cualquier capitalista o empresario, ante esta situaci\u00f3n de crisis, lo primero que hace es exigir al Estado que asuma su responsabilidad y cargue con las consecuencias de la crisis (lo que tampoco es nuevo, siempre han intentado lo mismo).\u00a0<\/p><p>No cabe discusi\u00f3n, le hemos visto las orejas al lobo y todo Occidente est\u00e1 en una carrera fren\u00e9tica hacia quien es m\u00e1s keynesiano. A la mierda Milton Friedman, todos los estados a endeudarse, a insuflar dinero y reactivar econom\u00edas. Que Trump saca 1,5 billones $ para infraestructuras, pues la Uni\u00f3n Europea 1,6 de \u20ac, que no se diga. \u00bfQu\u00e9 somos gobiernos de derechas? No hay problema: los brit\u00e1nicos sacan 330 mil millones \u00a3 para financiar empresas, los franceses 300 mil millones \u20ac y suspenden el pago de alquileres, impuestos, y recibos de luz, gas y agua; Alemania aprueba un programa por 122 mil millones y planea otro por 156 mil m\u00e1s.<\/p><p>Con este panorama, nos preguntamos como se reconfigurar\u00e1 el neoliberalismo para defender sus argumentos o simplemente explicar lo que ha pasado. Por nuestra parte creemos que ante un enemigo real, lo que antes era puro sentido com\u00fan y constantes \u00e9xitos, se han derrumbado y aparecen como un sinsentido y el camino seguro hacia el desastre. Pongamos un ejemplo claro: las pol\u00edticas sanitarias. Es una lucha vieja, en la propia Espa\u00f1a (similar en el resto de Europa) se ha privatizado constantemente la sanidad. A un sistema p\u00fablico y universal se le ha degradado constantemente, infrafinanciandolo y desincentivando a sus profesionales, mediante imposici\u00f3n de direcciones privadas en los centros p\u00fablicos, beneficios fiscales a los privados y trasvases de pacientes a una floreciente sanidad privada. Sin acabar de hundir el sistema p\u00fablico, es claro que en los \u00faltimos a\u00f1os se ha apostado (hay diferencias entre regiones) por modelos privados, exclusivos y de calidad, con el excelente negocio que supone la salud. Exist\u00eda antes del coronavirus cierta mayor\u00eda de la sociedad que aun promov\u00eda la necesidad de una sanidad p\u00fablica fuerte frente a esa privatizaci\u00f3n. Hoy esa mayor\u00eda se ha convertido en una hegemon\u00eda indiscutible, inapelable. Durante los primeros d\u00edas de la crisis, tanto los medios, como los diferentes gobiernos o personalidades declaraban constantemente como en Espa\u00f1a ten\u00edamos la \u201cmejor sanidad del mundo\u201d, \u201cun ejemplo\u201d, \u201cla envidia del resto del planeta\u201d. Dias despu\u00e9s, ante la evidencia del desastre de falta de medios, falta de personal, desorganizaci\u00f3n, decadencia del sistema p\u00fablico, ya nadie dice que somos ese \u201cejemplo\u201d. Probablemente dentro de las causas de habernos convertido en uno de los pa\u00edses m\u00e1s afectados, est\u00e9 ese abandono al que estaba sometida la sanidad p\u00fablica. Porque la privada, ni est\u00e1, ni se la espera. Por ello, todo el mundo tiene muy claro que la situaci\u00f3n inicial tiene que cambiar radicalmente. Hay que dejarse de tonter\u00edas y no jugar con aquello que es verdaderamente necesario. Hasta los m\u00e1s partidarios de privatizar la sanidad cantan ahora las alabanzas de la sanidad p\u00fablica y la necesidad de reforzarla, de financiarla adecuadamente, de cuidar a sus profesionales.<\/p><p><img loading=\"lazy\" decoding=\"async\" class=\"aligncenter wp-image-2186 size-full\" src=\"http:\/\/www.jesusprieto.es\/wp-content\/uploads\/2021\/03\/30-c.jpg\" alt=\"\" width=\"275\" height=\"183\" \/><\/p><h6><span style=\"color: #000080;\"><strong>3.\u00a0\u00a0\u00a0 <\/strong><strong>Conclusiones<\/strong><\/span><\/h6><p>La renta b\u00e1sica es otro concepto radicalmente opuesto al neoliberalismo. Es contrario a su concepci\u00f3n de un Estado m\u00ednimo. Para un neoliberal, la renta b\u00e1sica es paternalista, antiecon\u00f3mica, injusta y un error absoluto. De ah\u00ed que el hecho de que el principal foco neoliberal espa\u00f1ol, FAES, simplemente asuma su necesidad, es una revoluci\u00f3n copernicana. Y un signo del estancamiento e implosi\u00f3n en el que puede haber entrado el neoliberalismo. Cuando un sentido com\u00fan entra en contradicci\u00f3n con la realidad, desaparece.<\/p><p>Es muy pronto aun para ver si estas contradicciones pueden significar el comienzo del fin de dichas doctrinas. Al fin y al cabo, si algo ha caracterizado al neoliberalismo es su capacidad para reinventarse a si mismo, buscar justificaciones que parezcan l\u00f3gicas y seguir propag\u00e1ndose. En cierto modo no deja de ser otro virus que infecta poco a poco todas las c\u00e9lulas y lucha por expandirse hasta hacerse fuerte en los \u00f3rganos principales del cuerpo.<\/p><p>Pero no hay duda de que tendr\u00e1 un enorme trabajo por delante para encontrar esa nueva configuraci\u00f3n. Tambi\u00e9n es probable que buena parte de la derecha abandone hasta cierta parte los postulados neoliberales y busque acomodo en cierta resucitaci\u00f3n de antiguas premisas cristianodem\u00f3cratas. A d\u00eda de hoy, la identificaci\u00f3n de los partidos de derecha europeos con el neoliberalismo ha sido simbi\u00f3tica.<\/p><p>Por otra parte, toda esta crisis supondr\u00e1 un aliento para los diferentes partidos y movimientos de extrema derecha europea. Junto con la estupefacci\u00f3n ante el absurdo que ha significado confiar todo en el mercado, tambi\u00e9n asistimos a una preocupante potenciaci\u00f3n de los niveles de rabia y desconfianza ante el sistema, de b\u00fasqueda continua de culpables y estigmatizaci\u00f3n. Hoy por hoy, toda esa rabia es recogida mayoritariamente por esta extrema derecha, que a diferencia de la \u201cderecha m\u00e1s centrada\u201d, es sumamente poli\u00e9drica y diferente seg\u00fan el pa\u00eds en que se trate. De esta forma, encontramos extremas derechas que han abrazado sin complejos el credo neoliberal, pero tambi\u00e9n hay extremas derechas con premisas mas nacionalizadoras, incluso keynesianas. Estas ser\u00e1n probablemente las que puedan colocarse mejor en la casilla de salida de esta crisis.<\/p><p>Eso si, de FAES no esper\u00e9is mucho. Si el d\u00eda 21 nos sorprend\u00edan con la menci\u00f3n a la renta b\u00e1sica, el 23 de abril sus principales figuras, Aznar a la cabeza (con Macri, Uribe, Zedillo, Sanguinetti, Cristiani y unos cuantos \u201creferentes espa\u00f1oles\u201d), emiten un manifiesto reclamando \u201cque la pandemia no sea un pretexto para instaurar el autoritarismo\u201d<a href=\"#_ftn2\" name=\"_ftnref2\">[2]<\/a>. Este no lo firma FAES, sino una fundaci\u00f3n que preside Vargas Llosa (escritor sublime, horripilante pensador), pero, vamos, que son los mismos. \u201cImpera un confinamiento con m\u00ednimas excepciones, la imposibilidad de trabajar y producir, y la manipulaci\u00f3n informativa\u201d. La pandemia es pretexto para aumentar la persecuci\u00f3n pol\u00edtica y la opresi\u00f3n. \u00bfQui\u00e9nes son esos poderes desmedidos?, pues esos gobiernos \u201cde marcado sesgo ideol\u00f3gico\u201d: Espa\u00f1a, Argentina y M\u00e9xico. Y naturalmente los dictadores de Venezuela, Cuba y Nicaragua. Todos son malvados estatistas, intervencionistas y populistas. \u201cEl ogro filantr\u00f3pico\u201d.<\/p><p><a href=\"#_ftnref1\" name=\"_ftn1\">[1]<\/a> ROTELLAR, Jos\u00e9 Mar\u00eda, 2020, <em>Una propuesta eficiente frente a la renta m\u00ednima, <\/em>FAES, Madrid, en <a href=\"https:\/\/fundacionfaes.org\/es\/contenido\/47115\/una-propuesta-eficiente-frente-a-la-renta-minima\">https:\/\/fundacionfaes.org\/es\/contenido\/47115\/una-propuesta-eficiente-frente-a-la-renta-minima<\/a><\/p><p><a href=\"#_ftnref2\" name=\"_ftn2\">[2]<\/a> <em>Manifiesto FIL \u201cQue la pandemia no sea un pretexto para el autoritarismo\u201d. <\/em>Fundaci\u00f3n Internacional para la Libertad. FIL. 23 de abril 2020. En <a href=\"https:\/\/fundacionfil.org\/manifiesto-fil\/\">https:\/\/fundacionfil.org\/manifiesto-fil\/<\/a><\/p>\t\t\t\t\t\t<\/div>\n\t\t\t\t<\/div>\n\t\t\t\t\t<\/div>\n\t\t<\/div>\n\t\t\t\t\t\t\t<\/div>\n\t\t<\/section>\n\t\t\t\t\t\t\t<\/div>\n\t\t","protected":false},"excerpt":{"rendered":"<p>NEOLIBERALES, \u00bfEN URGENCIAS HOSPITALARIAS? 1.\u00a0\u00a0\u00a0 Introducci\u00f3n No hay camino m\u00e1s seguro para equivocarse que intentar analizar el momento exacto en<\/p>\n","protected":false},"author":1,"featured_media":2185,"comment_status":"closed","ping_status":"closed","sticky":false,"template":"","format":"standard","meta":{"colormag_page_layout":"no_sidebar_full_width","footnotes":""},"categories":[47],"tags":[63],"class_list":["post-2183","post","type-post","status-publish","format-standard","has-post-thumbnail","hentry","category-politica","tag-politica"],"_links":{"self":[{"href":"https:\/\/www.jesusprieto.es\/index.php\/wp-json\/wp\/v2\/posts\/2183","targetHints":{"allow":["GET"]}}],"collection":[{"href":"https:\/\/www.jesusprieto.es\/index.php\/wp-json\/wp\/v2\/posts"}],"about":[{"href":"https:\/\/www.jesusprieto.es\/index.php\/wp-json\/wp\/v2\/types\/post"}],"author":[{"embeddable":true,"href":"https:\/\/www.jesusprieto.es\/index.php\/wp-json\/wp\/v2\/users\/1"}],"replies":[{"embeddable":true,"href":"https:\/\/www.jesusprieto.es\/index.php\/wp-json\/wp\/v2\/comments?post=2183"}],"version-history":[{"count":8,"href":"https:\/\/www.jesusprieto.es\/index.php\/wp-json\/wp\/v2\/posts\/2183\/revisions"}],"predecessor-version":[{"id":2194,"href":"https:\/\/www.jesusprieto.es\/index.php\/wp-json\/wp\/v2\/posts\/2183\/revisions\/2194"}],"wp:featuredmedia":[{"embeddable":true,"href":"https:\/\/www.jesusprieto.es\/index.php\/wp-json\/wp\/v2\/media\/2185"}],"wp:attachment":[{"href":"https:\/\/www.jesusprieto.es\/index.php\/wp-json\/wp\/v2\/media?parent=2183"}],"wp:term":[{"taxonomy":"category","embeddable":true,"href":"https:\/\/www.jesusprieto.es\/index.php\/wp-json\/wp\/v2\/categories?post=2183"},{"taxonomy":"post_tag","embeddable":true,"href":"https:\/\/www.jesusprieto.es\/index.php\/wp-json\/wp\/v2\/tags?post=2183"}],"curies":[{"name":"wp","href":"https:\/\/api.w.org\/{rel}","templated":true}]}}