{"id":2175,"date":"2019-03-23T10:39:55","date_gmt":"2019-03-23T10:39:55","guid":{"rendered":"http:\/\/www.jesusprieto.es\/?p=2175"},"modified":"2021-03-23T20:14:54","modified_gmt":"2021-03-23T20:14:54","slug":"la-politica-exterior-europea-de-espana-ante-la-crisis-del-proceso-de-integracion-brexit-nacionalismo-populismo-y-riesgos-de-desintegracion-una-vision-historica","status":"publish","type":"post","link":"https:\/\/www.jesusprieto.es\/index.php\/2019\/03\/23\/la-politica-exterior-europea-de-espana-ante-la-crisis-del-proceso-de-integracion-brexit-nacionalismo-populismo-y-riesgos-de-desintegracion-una-vision-historica\/","title":{"rendered":"LA POL\u00cdTICA EXTERIOR EUROPEA DE ESPA\u00d1A ANTE LA CRISIS DEL PROCESO DE INTEGRACI\u00d3N: BREXIT, NACIONALISMO, POPULISMO Y RIESGOS DE DESINTEGRACI\u00d3N. UNA VISI\u00d3N HIST\u00d3RICA"},"content":{"rendered":"\t\t<div data-elementor-type=\"wp-post\" data-elementor-id=\"2175\" class=\"elementor elementor-2175\">\n\t\t\t\t\t\t\t\t\t<section class=\"elementor-section elementor-top-section elementor-element elementor-element-735ebb0 elementor-section-boxed elementor-section-height-default elementor-section-height-default\" data-id=\"735ebb0\" data-element_type=\"section\">\n\t\t\t\t\t\t<div class=\"elementor-container elementor-column-gap-default\">\n\t\t\t\t\t<div class=\"elementor-column elementor-col-100 elementor-top-column elementor-element elementor-element-cee43c6\" data-id=\"cee43c6\" data-element_type=\"column\">\n\t\t\t<div class=\"elementor-widget-wrap elementor-element-populated\">\n\t\t\t\t\t\t\t\t<div class=\"elementor-element elementor-element-f41fdc9 elementor-widget elementor-widget-heading\" data-id=\"f41fdc9\" data-element_type=\"widget\" data-widget_type=\"heading.default\">\n\t\t\t\t<div class=\"elementor-widget-container\">\n\t\t\t<h2 class=\"elementor-heading-title elementor-size-default\">LA POL\u00cdTICA EXTERIOR EUROPEA DE ESPA\u00d1A ANTE LA CRISIS DEL PROCESO DE INTEGRACI\u00d3N: BREXIT, NACIONALISMO, POPULISMO Y RIESGOS DE DESINTEGRACI\u00d3N. UNA VISI\u00d3N HIST\u00d3RICA<\/h2>\t\t<\/div>\n\t\t\t\t<\/div>\n\t\t\t\t\t<\/div>\n\t\t<\/div>\n\t\t\t\t\t\t\t<\/div>\n\t\t<\/section>\n\t\t\t\t<section class=\"elementor-section elementor-top-section elementor-element elementor-element-26d7d83 elementor-section-boxed elementor-section-height-default elementor-section-height-default\" data-id=\"26d7d83\" data-element_type=\"section\">\n\t\t\t\t\t\t<div class=\"elementor-container elementor-column-gap-default\">\n\t\t\t\t\t<div class=\"elementor-column elementor-col-100 elementor-top-column elementor-element elementor-element-2fe587f\" data-id=\"2fe587f\" data-element_type=\"column\">\n\t\t\t<div class=\"elementor-widget-wrap elementor-element-populated\">\n\t\t\t\t\t\t\t\t<div class=\"elementor-element elementor-element-1c12702 elementor-widget elementor-widget-text-editor\" data-id=\"1c12702\" data-element_type=\"widget\" data-widget_type=\"text-editor.default\">\n\t\t\t\t<div class=\"elementor-widget-container\">\n\t\t\t\t\t\t\t<p>El 21 de marzo de 2019, al finalizar la cumbre europea de Bruselas dedicada casi en su totalidad a la situaci\u00f3n brit\u00e1nica, Pedro S\u00e1nchez declar\u00f3 que \u201c<em>Hemos tenido una posici\u00f3n constructiva, quer\u00edamos salvaguardar la unidad de la UE<\/em>\u201d<a href=\"#_ftn1\" name=\"_ftnref1\">[1]<\/a>. Lejos queda la posici\u00f3n espa\u00f1ola de bloqueo en noviembre 2018 cuando amenaz\u00f3 con malograr el acuerdo del Brexit sin recibir garant\u00edas respecto a cualquier negociaci\u00f3n futura sobre Gibraltar<a href=\"#_ftn2\" name=\"_ftnref2\">[2]<\/a>, si bien se estima que el gobierno espa\u00f1ol se ha situado junto a Francia en la posici\u00f3n m\u00e1s dura de la negociaci\u00f3n, sin considerar nuevas cesiones y estableciendo que solo es responsabilidad del parlamento brit\u00e1nico evitar una salida desordenada.<\/p><p>Tres d\u00edas antes, durante una conferencia en Madrid, el propio S\u00e1nchez puso al Brexit como ejemplo del riesgo del populismo, reduciendo \u201c<em>grandes retos pol\u00edticos a disyuntivas maniqueas\u201d<\/em>. Este tipo de pol\u00edticas \u201c<em>jam\u00e1s resolver\u00edan los problemas existentes, los agudizar\u00edan y crear\u00edan otros a\u00fan mayores porque viven del conflicto, su existencia se justifica por la persistencia de los problemas<\/em>\u201d. La soluci\u00f3n es clara: \u201c<em>los desaf\u00edos nos exigen uni\u00f3n: La opci\u00f3n siempre fue ser Europa, pero una Europa mejor<\/em>\u201d. \u201c<em>Los enemigos de Europa, que no solo est\u00e1n fuera, tambi\u00e9n los tenemos dentro\u201d<a href=\"#_ftn3\" name=\"_ftnref3\"><strong>[3]<\/strong><\/a>. <\/em>Josep Borrell tambi\u00e9n ha manifestado que el Brexit aumenta el riesgo de fragmentaci\u00f3n en la UE, debido a la existencia de \u201c<em>populistas de izquierda, de derecha, nacionalistas, antisistemas\u2026\u201d<a href=\"#_ftn4\" name=\"_ftnref4\"><strong>[4]<\/strong><\/a><\/em> , la soluci\u00f3n tambi\u00e9n ser\u00eda \u201crepensar\u201d la raz\u00f3n de ser del proyecto europeo.<\/p><p>Tanto la posici\u00f3n en las \u00faltimas cumbres como las manifestaciones de los principales responsables de las relaciones internacionales espa\u00f1olas se enmarcan en la tradici\u00f3n cl\u00e1sica de la pol\u00edtica exterior espa\u00f1ola respecto a Europa. As\u00ed, se mantiene la apuesta por avanzar en el proceso de integraci\u00f3n, manteniendo una confianza en una posici\u00f3n europe\u00edsta sin fisuras en un contexto de franco retroceso en toda Europa. El gobierno espa\u00f1ol sigue actuando de forma reactiva a las distintas posiciones de la propia UE y los socios, sin acabar establecer una posici\u00f3n propia, lejos de poder convertirse en un actor decisorio en el coraz\u00f3n comunitario. Varios elementos pueden ayudarnos a comprender la situaci\u00f3n actual. As\u00ed, la discreta y cercana al \u201cseguidismo\u201d de la pol\u00edtica exterior respecto a Europa de los gobiernos Rajoy; la posici\u00f3n progresista del gobierno actual, una isla dentro del panorama europeo caracterizado por gobiernos conservadores o liberales y con claras influencias populistas en algunos casos; su inestabilidad de origen y duraci\u00f3n; o la propia situaci\u00f3n pol\u00edtica de Espa\u00f1a donde los diferentes gobiernos han utilizado el populismo como arma frente a diversos partidos de la oposici\u00f3n. Todo esto imposibilitar\u00eda claramente un giro de la posici\u00f3n espa\u00f1ola o un mayor protagonismo a la hora de posibilitar pol\u00edticas con contenido propio o diferente. Solo Gibraltar, como tambi\u00e9n ha ocurrido hist\u00f3ricamente, aparece como la l\u00ednea roja cuyo traspaso pude hacer reaccionar la diplomacia espa\u00f1ola en defensa de sus intereses.<\/p><p>Las elecciones de finales de abril de 2019 probablemente decantar\u00e1n la balanza hacia donde se situar\u00e1 la posici\u00f3n espa\u00f1ola respecto al Brexit, la integraci\u00f3n europea, la crisis migratoria y los principales debates que enfrentar\u00e1 la UE en los pr\u00f3ximos a\u00f1os. Y seg\u00fan sea tambi\u00e9n el resultado de las mismas asistiremos a la absoluci\u00f3n o la demonizaci\u00f3n de unos populismos u otros. Pero, frente a otros ejemplos comparados, incluso los partidos m\u00e1s extremos del espectro espa\u00f1ol defienden la integraci\u00f3n europea como un proyecto vigente. Ser\u00e1 dif\u00edcil que la posici\u00f3n espa\u00f1ola cambie radicalmente.<\/p><p><a href=\"#_ftnref1\" name=\"_ftn1\">[1]<\/a> Cue, Carlos. E. \u201cS\u00e1nchez: \u201cQueremos un acuerdo pero ya no depende de nosotros\u201d. El Pa\u00eds. 22\/03\/2019. <a href=\"https:\/\/elpais.com\/internacional\/2019\/03\/21\/actualidad\/1553205011_253111.html\">https:\/\/elpais.com\/internacional\/2019\/03\/21\/actualidad\/1553205011_253111.html<\/a><\/p><p><a href=\"#_ftnref2\" name=\"_ftn2\">[2]<\/a> Cue, Carlos. E. \u201cEspa\u00f1a desbloquea el Brexit tras una triple garant\u00eda sobre Gibraltar\u201d. El Pa\u00eds. 25\/11\/2018. <a href=\"https:\/\/elpais.com\/internacional\/2018\/11\/24\/actualidad\/1543065468_446781.html\">https:\/\/elpais.com\/internacional\/2018\/11\/24\/actualidad\/1543065468_446781.html<\/a><\/p><p><a href=\"#_ftnref3\" name=\"_ftn3\">[3]<\/a> Vall\u00edn, Pedro. \u201cS\u00e1nchez dice que el Brexit ilustra el error de la f\u00f3rmula del refer\u00e9ndum\u201d. La Vanguardia. 19\/03\/2019. <a href=\"https:\/\/www.lavanguardia.com\/politica\/20190319\/461138911062\/pedro-sanchez-referendum-democracia-brexit.html\">https:\/\/www.lavanguardia.com\/politica\/20190319\/461138911062\/pedro-sanchez-referendum-democracia-brexit.html<\/a><\/p><p><a href=\"#_ftnref4\" name=\"_ftn4\">[4]<\/a> EFE, \u201cBorrell dice que empieza a dudar de que Reino Unido acabe abandonando la UE\u201d. El Diario. 23\/03\/2019. <a href=\"https:\/\/www.eldiario.es\/politica\/Borrell-Reino-Unido-abandonando-UE_0_880862043.html\">https:\/\/www.eldiario.es\/politica\/Borrell-Reino-Unido-abandonando-UE_0_880862043.html<\/a><\/p>\t\t\t\t\t\t<\/div>\n\t\t\t\t<\/div>\n\t\t\t\t\t<\/div>\n\t\t<\/div>\n\t\t\t\t\t\t\t<\/div>\n\t\t<\/section>\n\t\t\t\t\t\t\t<\/div>\n\t\t","protected":false},"excerpt":{"rendered":"<p>LA POL\u00cdTICA EXTERIOR EUROPEA DE ESPA\u00d1A ANTE LA CRISIS DEL PROCESO DE INTEGRACI\u00d3N: BREXIT, NACIONALISMO, POPULISMO Y RIESGOS DE DESINTEGRACI\u00d3N.<\/p>\n","protected":false},"author":1,"featured_media":2176,"comment_status":"closed","ping_status":"closed","sticky":false,"template":"","format":"standard","meta":{"colormag_page_layout":"no_sidebar_full_width","footnotes":""},"categories":[47],"tags":[54],"class_list":["post-2175","post","type-post","status-publish","format-standard","has-post-thumbnail","hentry","category-politica","tag-relaciones-internacionales"],"_links":{"self":[{"href":"https:\/\/www.jesusprieto.es\/index.php\/wp-json\/wp\/v2\/posts\/2175","targetHints":{"allow":["GET"]}}],"collection":[{"href":"https:\/\/www.jesusprieto.es\/index.php\/wp-json\/wp\/v2\/posts"}],"about":[{"href":"https:\/\/www.jesusprieto.es\/index.php\/wp-json\/wp\/v2\/types\/post"}],"author":[{"embeddable":true,"href":"https:\/\/www.jesusprieto.es\/index.php\/wp-json\/wp\/v2\/users\/1"}],"replies":[{"embeddable":true,"href":"https:\/\/www.jesusprieto.es\/index.php\/wp-json\/wp\/v2\/comments?post=2175"}],"version-history":[{"count":5,"href":"https:\/\/www.jesusprieto.es\/index.php\/wp-json\/wp\/v2\/posts\/2175\/revisions"}],"predecessor-version":[{"id":2181,"href":"https:\/\/www.jesusprieto.es\/index.php\/wp-json\/wp\/v2\/posts\/2175\/revisions\/2181"}],"wp:featuredmedia":[{"embeddable":true,"href":"https:\/\/www.jesusprieto.es\/index.php\/wp-json\/wp\/v2\/media\/2176"}],"wp:attachment":[{"href":"https:\/\/www.jesusprieto.es\/index.php\/wp-json\/wp\/v2\/media?parent=2175"}],"wp:term":[{"taxonomy":"category","embeddable":true,"href":"https:\/\/www.jesusprieto.es\/index.php\/wp-json\/wp\/v2\/categories?post=2175"},{"taxonomy":"post_tag","embeddable":true,"href":"https:\/\/www.jesusprieto.es\/index.php\/wp-json\/wp\/v2\/tags?post=2175"}],"curies":[{"name":"wp","href":"https:\/\/api.w.org\/{rel}","templated":true}]}}