{"id":2168,"date":"2019-03-23T10:36:25","date_gmt":"2019-03-23T10:36:25","guid":{"rendered":"http:\/\/www.jesusprieto.es\/?p=2168"},"modified":"2021-03-23T20:14:54","modified_gmt":"2021-03-23T20:14:54","slug":"la-crisis-economica-y-social-y-la-cuestion-de-los-refugiados-en-la-ue","status":"publish","type":"post","link":"https:\/\/www.jesusprieto.es\/index.php\/2019\/03\/23\/la-crisis-economica-y-social-y-la-cuestion-de-los-refugiados-en-la-ue\/","title":{"rendered":"La crisis econ\u00f3mica y social y la cuesti\u00f3n de los refugiados en la UE"},"content":{"rendered":"\t\t<div data-elementor-type=\"wp-post\" data-elementor-id=\"2168\" class=\"elementor elementor-2168\">\n\t\t\t\t\t\t\t\t\t<section class=\"elementor-section elementor-top-section elementor-element elementor-element-8fd66db elementor-section-boxed elementor-section-height-default elementor-section-height-default\" data-id=\"8fd66db\" data-element_type=\"section\">\n\t\t\t\t\t\t<div class=\"elementor-container elementor-column-gap-default\">\n\t\t\t\t\t<div class=\"elementor-column elementor-col-100 elementor-top-column elementor-element elementor-element-7315f7f\" data-id=\"7315f7f\" data-element_type=\"column\">\n\t\t\t<div class=\"elementor-widget-wrap elementor-element-populated\">\n\t\t\t\t\t\t\t\t<div class=\"elementor-element elementor-element-186585c elementor-widget elementor-widget-heading\" data-id=\"186585c\" data-element_type=\"widget\" data-widget_type=\"heading.default\">\n\t\t\t\t<div class=\"elementor-widget-container\">\n\t\t\t<h2 class=\"elementor-heading-title elementor-size-default\">La crisis econ\u00f3mica y social y la cuesti\u00f3n de los refugiados en la UE<\/h2>\t\t<\/div>\n\t\t\t\t<\/div>\n\t\t\t\t\t<\/div>\n\t\t<\/div>\n\t\t\t\t\t\t\t<\/div>\n\t\t<\/section>\n\t\t\t\t<section class=\"elementor-section elementor-top-section elementor-element elementor-element-c934534 elementor-section-boxed elementor-section-height-default elementor-section-height-default\" data-id=\"c934534\" data-element_type=\"section\">\n\t\t\t\t\t\t<div class=\"elementor-container elementor-column-gap-default\">\n\t\t\t\t\t<div class=\"elementor-column elementor-col-100 elementor-top-column elementor-element elementor-element-9e8e849\" data-id=\"9e8e849\" data-element_type=\"column\">\n\t\t\t<div class=\"elementor-widget-wrap elementor-element-populated\">\n\t\t\t\t\t\t\t\t<div class=\"elementor-element elementor-element-10844a8 elementor-widget elementor-widget-text-editor\" data-id=\"10844a8\" data-element_type=\"widget\" data-widget_type=\"text-editor.default\">\n\t\t\t\t<div class=\"elementor-widget-container\">\n\t\t\t\t\t\t\t<p>Tan solo nueve d\u00edas despu\u00e9s de tomar posesi\u00f3n como Presidente del Gobierno, la crisis del Aquarius permiti\u00f3 a Pedro S\u00e1nchez desmarcarse de las pol\u00edticas marcadas por los gobiernos de Mariano Rajoy y colocarse en la cabeza de los pa\u00edses europeos que reclamaban un cambio de actitud en la UE respecto a sus pol\u00edticas de asilo e inmigraci\u00f3n. Fueron numerosas en esos primeros momentos las declaraciones tanto del Presidente<a href=\"#_ftn1\" name=\"_ftnref1\">[1]<\/a> como del ministro de Exteriores<a href=\"#_ftn2\" name=\"_ftnref2\">[2]<\/a> respecto a la necesidad de establecer una pol\u00edtica definitiva europea en la materia, de reformar la Declaraci\u00f3n de Dubl\u00edn e impulsar el dialogo y la cooperaci\u00f3n con los pa\u00edses de origen y tr\u00e1nsito. El problema migratorio se plasmaba como \u201c<em>un desaf\u00edo inaplazable en el que las respuestas nacionales y unilaterales pueden llevar al fracaso<\/em>\u201d<sup>1<\/sup>.<\/p><p><img loading=\"lazy\" decoding=\"async\" class=\"aligncenter wp-image-2169 size-large\" src=\"http:\/\/www.jesusprieto.es\/wp-content\/uploads\/2021\/03\/28-1-1024x908.png\" alt=\"\" width=\"800\" height=\"709\" srcset=\"https:\/\/www.jesusprieto.es\/wp-content\/uploads\/2021\/03\/28-1-1024x908.png 1024w, https:\/\/www.jesusprieto.es\/wp-content\/uploads\/2021\/03\/28-1-300x266.png 300w, https:\/\/www.jesusprieto.es\/wp-content\/uploads\/2021\/03\/28-1-768x681.png 768w, https:\/\/www.jesusprieto.es\/wp-content\/uploads\/2021\/03\/28-1.png 1291w\" sizes=\"auto, (max-width: 800px) 100vw, 800px\" \/><\/p><p>Pero diez meses despu\u00e9s, ya con el gobierno en funciones, podr\u00edamos calificar su actuaci\u00f3n como \u201cerr\u00e1tica\u201d, siendo generosos respecto a su intenci\u00f3n inicial. ACNUR<a href=\"#_ftn3\" name=\"_ftnref3\">[3]<\/a> se\u00f1ala que seguimos siendo la principal puerta de entrada de inmigrantes en la UE, solo durante 2018 777 personas fallecieron o desaparecieron en el mar intentando llegar a nuestras costas. As\u00ed mismo, Espa\u00f1a tambi\u00e9n estar\u00eda en la cola de Europa en la concesi\u00f3n de asilo, aun siendo la que menos solicitudes recibe dentro de los pa\u00edses de referencia. Frente a ello, y pese al gesto de acogida del Aquarius en Junio del 2018, el gobierno socialista ha bloqueado constantemente el desembarco de otros barcos con inmigrantes como el Open Arms o el Aita Mari, llegando a la situaci\u00f3n de situarlos \u201cfuera de combate\u201d<a href=\"#_ftn4\" name=\"_ftnref4\">[4]<\/a>. Ampar\u00e1ndose en la falta de consenso europeo, el gobierno espa\u00f1ol ha moderado completamente su solidaridad inicial, y si bien niega el repliegue en sus pol\u00edticas, seg\u00fan Josep Borrell \u201c<em>No se puede decir que no hayamos mostrado voluntad desde el caso del Aquarius. Nosotros ya tenemos un problema que nos es propio<\/em>\u201d<a href=\"#_ftn5\" name=\"_ftnref5\">[5]<\/a>, la realidad es que seguimos sin cumplir el compromiso de acogida de refugiados establecido con la UE, se han retomado las devoluciones en caliente de inmigrantes procedentes de Marruecos<a href=\"#_ftn6\" name=\"_ftnref6\">[6]<\/a> y no se han llegado a materializar promesas como la retirada de las concertinas en las vallas del Norte de \u00c1frica<a href=\"#_ftn7\" name=\"_ftnref7\">[7]<\/a> o la mejora de los CIEs<a href=\"#_ftn8\" name=\"_ftnref8\">[8]<\/a>, pese a gestos en esta direcci\u00f3n.<\/p><p>El bloqueo de cualquier posibilidad de acuerdo en la UE, con Italia y el Grupo de Visegrado liderando una posici\u00f3n de bloqueo absoluto, las cr\u00edticas en la nueva direcci\u00f3n de la CDU a las pol\u00edticas de refugiados de la propia Merkel o la posici\u00f3n respecto al tema de los principales partidos de oposici\u00f3n en Espa\u00f1a no auguran ning\u00fan tipo de soluci\u00f3n o posibilidad de establecer pol\u00edticas m\u00e1s efectivas a corto o medio plazo. El gobierno S\u00e1nchez tampoco ha impulsado dentro de la UE ning\u00fan tipo de reforma, prefiriendo asociarse a la posici\u00f3n francesa o alemana en la b\u00fasqueda de formulas que penalicen a aquellos pa\u00edses que no cumplan con sus obligaciones, insistiendo en la cooperaci\u00f3n a largo plazo con los pa\u00edses de origen, especialmente Marruecos, sin tomar tampoco ning\u00fan tipo de medida en concreto<a href=\"#_ftn9\" name=\"_ftnref9\">[9]<\/a>.<\/p><p><a href=\"#_ftnref1\" name=\"_ftn1\">[1]<\/a> L.Francia \u201c Pedro S\u00e1nchez: \u00abLa migraci\u00f3n irregular requiere un tratamiento distinto al de los refugiados\u00bb. RTVE. 27\/06\/2018- <a href=\"http:\/\/www.rtve.es\/noticias\/20180627\/pedro-sanchez-migracion-irregular-requiere-tratamiento-distinto-refugiados\/1756623.shtml\">http:\/\/www.rtve.es\/noticias\/20180627\/pedro-sanchez-migracion-irregular-requiere-tratamiento-distinto-refugiados\/1756623.shtml<\/a><\/p><p><a href=\"#_ftnref2\" name=\"_ftn2\">[2]<\/a> \u201cBorrell reprocha a la UE su \u00abpol\u00edtica del avestruz\u00bb en inmigraci\u00f3n\u201d. RTVE. 05\/07\/2018. <a href=\"http:\/\/www.rtve.es\/noticias\/20180705\/josep-borrell-reprocha-ue-su-politica-del-avestruz-inmigracion\/1760300.shtml\">http:\/\/www.rtve.es\/noticias\/20180705\/josep-borrell-reprocha-ue-su-politica-del-avestruz-inmigracion\/1760300.shtml<\/a><\/p><p><a href=\"#_ftnref3\" name=\"_ftn3\">[3]<\/a> \u201cEspa\u00f1a seguir\u00e1 siendo el primer punto de entrada de inmigrantes a la UE en 2019\u201d. Agencia EFE. 30\/01\/2019. <a href=\"https:\/\/www.efe.com\/efe\/espana\/sociedad\/espana-seguira-siendo-el-primer-punto-de-entrada-inmigrantes-a-la-ue-en-2019\/10004-3882596\">https:\/\/www.efe.com\/efe\/espana\/sociedad\/espana-seguira-siendo-el-primer-punto-de-entrada-inmigrantes-a-la-ue-en-2019\/10004-3882596<\/a><\/p><p><a href=\"#_ftnref4\" name=\"_ftn4\">[4]<\/a> EFE. \u201c\u00d2scar Camps (Open Arms): \u00abYa no hay barcos, van a morir y no lo vamos a saber\u00bb. El Periodico. 20\/02\/2019. <a href=\"https:\/\/www.elperiodico.com\/es\/sociedad\/20190320\/oscar-camps-open-arms-barcos-rescate-7364679\">https:\/\/www.elperiodico.com\/es\/sociedad\/20190320\/oscar-camps-open-arms-barcos-rescate-7364679<\/a><\/p><p><a href=\"#_ftnref5\" name=\"_ftn5\">[5]<\/a> Abellan, Lucia. \u201cEspa\u00f1a endurece la pol\u00edtica de acogida de migrantes ante la falta de respuesta europea\u201d. El Pais. 28\/01\/2019. <a href=\"https:\/\/elpais.com\/politica\/2019\/01\/27\/actualidad\/1548606032_411492.html\">https:\/\/elpais.com\/politica\/2019\/01\/27\/actualidad\/1548606032_411492.html<\/a><\/p><p><a href=\"#_ftnref6\" name=\"_ftn6\">[6]<\/a> EFE. \u201cEl Gobierno vuelve a usar el pol\u00e9mico acuerdo con Marruecos para devolver a 55 inmigrantes que saltaron la valla\u201d. 20 Minutos. 22\/10\/2018. <a href=\"https:\/\/www.20minutos.es\/noticia\/3471337\/0\/devolucion-caliente-inmigrantes-melilla\/\">https:\/\/www.20minutos.es\/noticia\/3471337\/0\/devolucion-caliente-inmigrantes-melilla\/<\/a><\/p><p><a href=\"#_ftnref7\" name=\"_ftn7\">[7]<\/a> \u201cMarlaska anuncia que las concertinas de las vallas de Ceuta y Melilla se retirar\u00e1n \u00aben las pr\u00f3ximas semanas\u00bb. El Diario. 23\/02\/2019. <a href=\"https:\/\/www.eldiario.es\/desalambre\/Interior-empezara-concertinas-fronterizo-Ceuta_0_871063186.html\">https:\/\/www.eldiario.es\/desalambre\/Interior-empezara-concertinas-fronterizo-Ceuta_0_871063186.html<\/a><\/p><p><a href=\"#_ftnref8\" name=\"_ftn8\">[8]<\/a> \u201cMarlaska mantiene el plan de Zoido de abrir un nuevo CIE en Algeciras\u201d. Publico. 18\/01\/2019. <a href=\"https:\/\/www.publico.es\/sociedad\/centros-internamiento-extranjeros-marlaska-mantiene-plan-zoido-abrir-nuevo-cie-algeciras.html\">https:\/\/www.publico.es\/sociedad\/centros-internamiento-extranjeros-marlaska-mantiene-plan-zoido-abrir-nuevo-cie-algeciras.html<\/a><\/p><p><a href=\"#_ftnref9\" name=\"_ftn9\">[9]<\/a> \u201cCuesti\u00f3n Europea\u201d. El Pais. 01\/02\/2019. <a href=\"https:\/\/elpais.com\/elpais\/2019\/02\/01\/opinion\/1549049400_575775.html\">https:\/\/elpais.com\/elpais\/2019\/02\/01\/opinion\/1549049400_575775.html<\/a><\/p>\t\t\t\t\t\t<\/div>\n\t\t\t\t<\/div>\n\t\t\t\t\t<\/div>\n\t\t<\/div>\n\t\t\t\t\t\t\t<\/div>\n\t\t<\/section>\n\t\t\t\t\t\t\t<\/div>\n\t\t","protected":false},"excerpt":{"rendered":"<p>La crisis econ\u00f3mica y social y la cuesti\u00f3n de los refugiados en la UE Tan solo nueve d\u00edas despu\u00e9s de<\/p>\n","protected":false},"author":1,"featured_media":2170,"comment_status":"closed","ping_status":"closed","sticky":false,"template":"","format":"standard","meta":{"colormag_page_layout":"no_sidebar_full_width","footnotes":""},"categories":[47],"tags":[54],"class_list":["post-2168","post","type-post","status-publish","format-standard","has-post-thumbnail","hentry","category-politica","tag-relaciones-internacionales"],"_links":{"self":[{"href":"https:\/\/www.jesusprieto.es\/index.php\/wp-json\/wp\/v2\/posts\/2168","targetHints":{"allow":["GET"]}}],"collection":[{"href":"https:\/\/www.jesusprieto.es\/index.php\/wp-json\/wp\/v2\/posts"}],"about":[{"href":"https:\/\/www.jesusprieto.es\/index.php\/wp-json\/wp\/v2\/types\/post"}],"author":[{"embeddable":true,"href":"https:\/\/www.jesusprieto.es\/index.php\/wp-json\/wp\/v2\/users\/1"}],"replies":[{"embeddable":true,"href":"https:\/\/www.jesusprieto.es\/index.php\/wp-json\/wp\/v2\/comments?post=2168"}],"version-history":[{"count":4,"href":"https:\/\/www.jesusprieto.es\/index.php\/wp-json\/wp\/v2\/posts\/2168\/revisions"}],"predecessor-version":[{"id":2174,"href":"https:\/\/www.jesusprieto.es\/index.php\/wp-json\/wp\/v2\/posts\/2168\/revisions\/2174"}],"wp:featuredmedia":[{"embeddable":true,"href":"https:\/\/www.jesusprieto.es\/index.php\/wp-json\/wp\/v2\/media\/2170"}],"wp:attachment":[{"href":"https:\/\/www.jesusprieto.es\/index.php\/wp-json\/wp\/v2\/media?parent=2168"}],"wp:term":[{"taxonomy":"category","embeddable":true,"href":"https:\/\/www.jesusprieto.es\/index.php\/wp-json\/wp\/v2\/categories?post=2168"},{"taxonomy":"post_tag","embeddable":true,"href":"https:\/\/www.jesusprieto.es\/index.php\/wp-json\/wp\/v2\/tags?post=2168"}],"curies":[{"name":"wp","href":"https:\/\/api.w.org\/{rel}","templated":true}]}}