{"id":2139,"date":"2019-05-12T01:56:56","date_gmt":"2019-05-12T01:56:56","guid":{"rendered":"http:\/\/www.jesusprieto.es\/?p=2139"},"modified":"2021-03-23T20:15:53","modified_gmt":"2021-03-23T20:15:53","slug":"monarquia-comparada-5-bibliografia","status":"publish","type":"post","link":"https:\/\/www.jesusprieto.es\/index.php\/2019\/05\/12\/monarquia-comparada-5-bibliografia\/","title":{"rendered":"Monarqu\u00eda Comparada- 5. Bibliograf\u00eda"},"content":{"rendered":"\t\t<div data-elementor-type=\"wp-post\" data-elementor-id=\"2139\" class=\"elementor elementor-2139\">\n\t\t\t\t\t\t\t\t\t<section class=\"elementor-section elementor-top-section elementor-element elementor-element-06018de elementor-section-boxed elementor-section-height-default elementor-section-height-default\" data-id=\"06018de\" data-element_type=\"section\">\n\t\t\t\t\t\t<div class=\"elementor-container elementor-column-gap-default\">\n\t\t\t\t\t<div class=\"elementor-column elementor-col-100 elementor-top-column elementor-element elementor-element-b8b84d1\" data-id=\"b8b84d1\" data-element_type=\"column\">\n\t\t\t<div class=\"elementor-widget-wrap elementor-element-populated\">\n\t\t\t\t\t\t\t\t<div class=\"elementor-element elementor-element-6c3605a elementor-widget elementor-widget-heading\" data-id=\"6c3605a\" data-element_type=\"widget\" data-widget_type=\"heading.default\">\n\t\t\t\t<div class=\"elementor-widget-container\">\n\t\t\t<h2 class=\"elementor-heading-title elementor-size-default\">Monarqu\u00eda Comparada- 5. Bibliograf\u00eda Esencial<\/h2>\t\t<\/div>\n\t\t\t\t<\/div>\n\t\t\t\t\t<\/div>\n\t\t<\/div>\n\t\t\t\t\t\t\t<\/div>\n\t\t<\/section>\n\t\t\t\t<section class=\"elementor-section elementor-top-section elementor-element elementor-element-fcb8285 elementor-section-boxed elementor-section-height-default elementor-section-height-default\" data-id=\"fcb8285\" data-element_type=\"section\">\n\t\t\t\t\t\t<div class=\"elementor-container elementor-column-gap-default\">\n\t\t\t\t\t<div class=\"elementor-column elementor-col-100 elementor-top-column elementor-element elementor-element-33db534\" data-id=\"33db534\" data-element_type=\"column\">\n\t\t\t<div class=\"elementor-widget-wrap elementor-element-populated\">\n\t\t\t\t\t\t\t\t<div class=\"elementor-element elementor-element-e25e205 elementor-widget elementor-widget-text-editor\" data-id=\"e25e205\" data-element_type=\"widget\" data-widget_type=\"text-editor.default\">\n\t\t\t\t<div class=\"elementor-widget-container\">\n\t\t\t\t\t\t\t<p>Alzaga Villaamil, O. (2006). <em>(Dir.) Comentarios a la Constituci\u00f3n Espa\u00f1ola.<\/em> Edersa.<\/p><p><em>Constituci\u00f3n Espa\u00f1ola- Trabajos Parlamentarios.<\/em> (1980). Publicaciones Cortes Generales.<\/p><p>G\u00f3mez Sanchez, Y. (2006). <em>XXV A\u00f1os de Monarqu\u00eda Parlamentaria.<\/em> Sanz y Torres S.L.<\/p><p>Lario, A. (2007). <em>La Monarqu\u00eda y sus clasificaciones.<\/em> Biblioteca Nueva- UNED.<\/p><p>Lario, A. (2007). <em>Monarqu\u00eda y Rep\u00fablica en la Espa\u00f1a Contemporanea.<\/em> UNED- Biblioteca Nueva.<\/p><p>Rollnert Liern, G. (2002). <em>La jefatura del Estado: s\u00edmbolo e integraci\u00f3n pol\u00edtica en la Constituci\u00f3n Vigente.<\/em> Minim, Colecci\u00f3n Ideas y Pol\u00edticas Constitucionales.<\/p><p>Rollnert Liern, G. (2005). <em>El arbitraje y moderaci\u00f3n regios en la Constituci\u00f3n Espa\u00f1ola.<\/em> Universidad de Valencia.<\/p><p>Rollnert Liern, G. (2007). <em>(Dir.) Las monarqu\u00edas europeas en el siglo XXI.<\/em> Sanz y Torres.<\/p><p>Rollnert Liern, G. (2017). <em>La singularidad de la Monarqu\u00eda sueca en el contexto europeo: el Rey como s\u00edmbolo est\u00e1tico del estado.<\/em> Revista de Derecho Pol\u00edtico N\u00ba99 &#8211; UNED.<\/p><p>Torres del Moral, A. (2001). <em>(Dir.) Monarqu\u00eda y Constituci\u00f3n.<\/em> Colex.<\/p>\t\t\t\t\t\t<\/div>\n\t\t\t\t<\/div>\n\t\t\t\t\t<\/div>\n\t\t<\/div>\n\t\t\t\t\t\t\t<\/div>\n\t\t<\/section>\n\t\t\t\t<section class=\"elementor-section elementor-top-section elementor-element elementor-element-fc32080 elementor-section-boxed elementor-section-height-default elementor-section-height-default\" data-id=\"fc32080\" data-element_type=\"section\">\n\t\t\t\t\t\t<div class=\"elementor-container elementor-column-gap-default\">\n\t\t\t\t\t<div class=\"elementor-column elementor-col-100 elementor-top-column elementor-element elementor-element-9f5a07e\" data-id=\"9f5a07e\" data-element_type=\"column\">\n\t\t\t<div class=\"elementor-widget-wrap elementor-element-populated\">\n\t\t\t\t\t\t\t\t<div class=\"elementor-element elementor-element-101c64e elementor-widget elementor-widget-heading\" data-id=\"101c64e\" data-element_type=\"widget\" data-widget_type=\"heading.default\">\n\t\t\t\t<div class=\"elementor-widget-container\">\n\t\t\t<h5 class=\"elementor-heading-title elementor-size-default\">Fuentes utilizadas<\/h5>\t\t<\/div>\n\t\t\t\t<\/div>\n\t\t\t\t\t<\/div>\n\t\t<\/div>\n\t\t\t\t\t\t\t<\/div>\n\t\t<\/section>\n\t\t\t\t<section class=\"elementor-section elementor-top-section elementor-element elementor-element-cbc9408 elementor-section-boxed elementor-section-height-default elementor-section-height-default\" data-id=\"cbc9408\" data-element_type=\"section\">\n\t\t\t\t\t\t<div class=\"elementor-container elementor-column-gap-default\">\n\t\t\t\t\t<div class=\"elementor-column elementor-col-100 elementor-top-column elementor-element elementor-element-a33c32f\" data-id=\"a33c32f\" data-element_type=\"column\">\n\t\t\t<div class=\"elementor-widget-wrap elementor-element-populated\">\n\t\t\t\t\t\t\t\t<div class=\"elementor-element elementor-element-b24f15b elementor-widget elementor-widget-text-editor\" data-id=\"b24f15b\" data-element_type=\"widget\" data-widget_type=\"text-editor.default\">\n\t\t\t\t<div class=\"elementor-widget-container\">\n\t\t\t\t\t\t\t<table width=\"1207\"><tbody><tr><td width=\"244\">AUTOR<\/td><td width=\"364\">TITULO<\/td><td width=\"176\">SEDE<\/td><td width=\"48\">A\u00d1O<\/td><td width=\"375\">WEB<\/td><\/tr><tr><td>Aanmoen, Oskar<\/td><td width=\"364\">King Harald approves changes in the government after extraordinary Council of State<\/td><td width=\"176\">Royal Central.co.uk<\/td><td>2018<\/td><td width=\"375\">http:\/\/royalcentral.co.uk\/europe\/norway\/king-harald-approves-changes-in-the-government-after-extraordinary-council-of-state-98585<\/td><\/tr><tr><td>Aanmoen, Oskar<\/td><td width=\"364\">King Harald has never been more popular<\/td><td width=\"176\">Royal Central.co.uk<\/td><td>2018<\/td><td width=\"375\">http:\/\/royalcentral.co.uk\/europe\/norway\/king-harald-has-never-been-more-popular-96740<\/td><\/tr><tr><td width=\"244\">Aanmoen, Oskar<\/td><td width=\"364\">Prince Joachim talks about rumours about him in new documentary<\/td><td>Royal Central.co.uk<\/td><td width=\"48\">2017<\/td><td>http:\/\/royalcentral.co.uk\/europe\/denmark\/prince-joachim-talks-about-rumours-about-him-in-new-documentary-93443<\/td><\/tr><tr><td width=\"244\">ABC<\/td><td width=\"364\">\u00bfQui\u00e9n es el Obispo de Seu de Urgel y copr\u00edncipe de Andorra?<\/td><td width=\"176\">ABC<\/td><td>2013<\/td><td>https:\/\/www.abc.es\/espana\/20130313\/abci-coprincipe-andorra-obispo-urgel-201303131335.html<\/td><\/tr><tr><td width=\"244\">Alain May, Krishna<\/td><td>How do Luxembourgers feel about the grand-ducal family?<\/td><td width=\"176\">QUORA<\/td><td>2016<\/td><td>https:\/\/www.quora.com\/How-do-Luxembourgers-feel-about-the-grand-ducal-family<\/td><\/tr><tr><td>Alcon Yustas, Maria Fuencisla; Alvarez Velez, Maria Isabel<\/td><td width=\"364\">Aportaci\u00f3n al debate sobre el futuro de la Monarqu\u00eda Parlamentaria<\/td><td width=\"176\">Asamblea: Revista parlamentaria de la Asamblea de Madrid N\u00ba 14<\/td><td>2006<\/td><td width=\"375\">https:\/\/dialnet.unirioja.es\/servlet\/articulo?codigo=2153950<\/td><\/tr><tr><td>Alexander, Harriet; Orcarsson, Marcus<\/td><td width=\"364\">Swedes in shock at King Carl Gustaf sex scandal<\/td><td width=\"176\">The Telegraph<\/td><td>2010<\/td><td width=\"375\">https:\/\/www.telegraph.co.uk\/news\/worldnews\/europe\/sweden\/8114740\/Swedes-in-shock-at-King-Carl-Gustaf-sex-scandal.html<\/td><\/tr><tr><td>Andorra<\/td><td width=\"364\">Govern d&#8217;Andorra<\/td><td width=\"176\">Andorra<\/td><td>2018<\/td><td width=\"375\">https:\/\/www.govern.ad\/<\/td><\/tr><tr><td>Aragon Reyes, Manuel<\/td><td width=\"364\">El papel del Rey en la Monarqu\u00eda Parlamentaria<\/td><td width=\"176\">Jornadas sobre Monarquia Parlamentaria y Constitucion. Fundacion Manuel Gimenez, UNED<\/td><td>2004<\/td><td width=\"375\">https:\/\/dialnet.unirioja.es\/servlet\/articulo?codigo=5773812<\/td><\/tr><tr><td>Aragon Reyes, Manuel<\/td><td width=\"364\">Legislatura fallida e investidura convulsa. Analisis y consecuencias.<\/td><td width=\"176\">Revista espa\u00f1ola de derecho constitucional N\u00ba 37<\/td><td>2017<\/td><td width=\"375\">https:\/\/dialnet.unirioja.es\/servlet\/articulo?codigo=5988778<\/td><\/tr><tr><td>Aranda Alvarez, Elvira<\/td><td width=\"364\">Lecciones constitucionales de 314 d\u00edas con el Gobierno en funciones<\/td><td width=\"176\">Tirant lo Blanch<\/td><td>2017<\/td><td width=\"375\">ISBN:\u00a09788491690276<\/td><\/tr><tr><td>Ari\u00f1o Ortiz, Gaspar<\/td><td width=\"364\">La corona: reflexiones en voz baja<\/td><td width=\"176\">Iustel\u00a0<\/td><td>2013<\/td><td width=\"375\">ISBN: 978-84-9890-243-3<\/td><\/tr><tr><td>Associated Press<\/td><td width=\"364\">Luxembourg strips monarch of legislative role<\/td><td width=\"176\">The Guardian<\/td><td>2008<\/td><td width=\"375\">https:\/\/www.theguardian.com\/world\/2008\/dec\/12\/luxembourg-monarchy<\/td><\/tr><tr><td>Baonza Garc\u00eda, Javier<\/td><td width=\"364\">De la monarqu\u00eda limitada a la monarqu\u00eda parlamentaria<\/td><td width=\"176\">Universidad Complutense<\/td><td>2010<\/td><td width=\"375\">https:\/\/dialnet.unirioja.es\/servlet\/tesis?codigo=93104<\/td><\/tr><tr><td>Barger, Brittani<\/td><td width=\"364\">Flashback Friday: Norwegian royals explain why Norway is the happiest country on earth<\/td><td width=\"176\">Royal Central.co.uk<\/td><td>2018<\/td><td width=\"375\">http:\/\/royalcentral.co.uk\/europe\/norway\/flashback-friday-norwegian-royals-explain-why-norway-is-the-happiest-country-on-earth-94610<\/td><\/tr><tr><td>Barger, Brittani<\/td><td width=\"364\">New poll shows Crown Princess Victoria is most popular royal in Sweden<\/td><td width=\"176\">Royal Central.co.uk<\/td><td>2017<\/td><td width=\"375\">http:\/\/royalcentral.co.uk\/europe\/sweden\/new-poll-shows-crown-princess-victoria-is-most-popular-royal-in-sweden-75390<\/td><\/tr><tr><td>Barger, Brittani<\/td><td width=\"364\">Opinion: Other monarchies should follow the Swedish Royal Family\u2019s media approach<\/td><td width=\"176\">Royal Central.co.uk<\/td><td>2017<\/td><td width=\"375\">http:\/\/royalcentral.co.uk\/blogs\/opinion\/opinion-other-monarchies-should-follow-the-swedish-royal-familys-media-approach-80055<\/td><\/tr><tr><td>Barger, Brittani<\/td><td width=\"364\">Some Swedish lawmakers want to abolish the monarchy<\/td><td width=\"176\">Royal Central.co.uk<\/td><td>2016<\/td><td width=\"375\">http:\/\/royalcentral.co.uk\/europe\/sweden\/some-swedish-lawmakers-want-to-abolish-the-monarchy-69246<\/td><\/tr><tr><td>Barger, Brittani<\/td><td width=\"364\">World Scout Foundation gets royal support at meeting in Mexico<\/td><td width=\"176\">Royal Central.co.uk<\/td><td>2018<\/td><td width=\"375\">http:\/\/royalcentral.co.uk\/europe\/sweden\/world-scout-foundation-gets-royal-support-at-meeting-in-mexico-99234<\/td><\/tr><tr><td>Barredo Iba\u00f1ez, Daniel ; Balmer, John M.T.<\/td><td width=\"364\">El tabu Realla: imagen de una monarqu\u00eda en crisis<\/td><td width=\"176\">Editorial Berenice<\/td><td>2013<\/td><td width=\"375\">ISBN: 9788415441304<\/td><\/tr><tr><td>Bassets, Marc<\/td><td width=\"364\">Macron, copr\u00edncipe de Andorra<\/td><td width=\"176\">EL PAIS<\/td><td>2017<\/td><td width=\"375\">https:\/\/elpais.com\/internacional\/2017\/07\/18\/actualidad\/1500402534_517985.html<\/td><\/tr><tr><td>Bayona, Eduardo<\/td><td width=\"364\">Las monarqu\u00edas europeas esconden la opini\u00f3n de los ciudadanos sobre sus reyes<\/td><td width=\"176\">PUBLICO<\/td><td>2018<\/td><td width=\"375\">https:\/\/www.publico.es\/espana\/republica-monarquia-estados-no-quieren-piensa-gente-reyes.html<\/td><\/tr><tr><td>BBC<\/td><td width=\"364\">Belgium&#8217;s King Albert II announces abdication<\/td><td width=\"176\">BBC News<\/td><td>2013<\/td><td width=\"375\">https:\/\/www.bbc.com\/news\/world-europe-23167525<\/td><\/tr><tr><td>BBC<\/td><td width=\"364\">Prince Laurent: \u20ac46,000 blow for Belgium&#8217;s &#8216;cursed prince&#8217;<\/td><td width=\"176\">BBC News<\/td><td>2018<\/td><td width=\"375\">https:\/\/www.bbc.com\/news\/world-europe-43601555<\/td><\/tr><tr><td>Belda Perez-Pedredo, Enrique<\/td><td width=\"364\">\u00bfQu\u00e9 le falta a la monarqu\u00eda espa\u00f1ola para estar plenamente racionalizada?(la monarqu\u00eda espa\u00f1ola del siglo XXI)\u00a0<\/td><td width=\"176\">Fundacion Aranzadi Lex Nova<\/td><td>2015<\/td><td width=\"375\">ISBN: 978-84-943416-3-2<\/td><\/tr><tr><td>Belda Perez-Pedredo, Enrique<\/td><td width=\"364\">Investidura del Presidente del Gobierno y funci\u00f3n ordenadora de la Presidencia del Congreso<\/td><td width=\"176\">Revista general de Derecho Constitucional N\u00ba 27<\/td><td>2018<\/td><td width=\"375\">ISSN\u00a01886-6212<\/td><\/tr><tr><td>Belda Perez-Pedredo, Enrique<\/td><td width=\"364\">La corona en la propuesta de candidato a Presidente del Gobierno<\/td><td width=\"176\">en Constituci\u00f3n y democracia: ayer y hoy: libro homenaje a Antonio Torres del Moral-\u00a0<\/td><td>2012<\/td><td width=\"375\">ISBN\u00a0978-84-7991-383-5<\/td><\/tr><tr><td>Belda Perez-Pedredo, Enrique<\/td><td width=\"364\">LA EVALUACI\u00d3N Y EL CONTROL DE LOS ACTOS DEL REY, COMO PRESUPUESTO PARA MEJORAR LA RACIONALIZACI\u00d3N DEMOCR\u00c1TICA DE LA CORONA<\/td><td width=\"176\">Revista catalana de dret public N\u00ba 51<\/td><td>2015<\/td><td width=\"375\">https:\/\/dialnet.unirioja.es\/servlet\/articulo?codigo=5333143<\/td><\/tr><tr><td>Belgica<\/td><td width=\"364\">The Belgian Monarchy- Web<\/td><td width=\"176\">Belgium Government<\/td><td>2018<\/td><td width=\"375\">https:\/\/www.monarchie.be\/en<\/td><\/tr><tr><td>Belgica<\/td><td width=\"364\">The federal government &#8211; Web<\/td><td width=\"176\">Belgium Government<\/td><td>2018<\/td><td width=\"375\">https:\/\/www.belgium.be\/en\/about_belgium\/government\/federal_authorities\/federal_government<\/td><\/tr><tr><td>Best Country<\/td><td width=\"364\">Political system of Vatican<\/td><td width=\"176\">Best Country<\/td><td>2018<\/td><td width=\"375\">http:\/\/www.best-country.com\/europe\/vatican\/political_structure<\/td><\/tr><tr><td>Bilan<\/td><td width=\"364\">Comment les souverains m\u00e8nent un train de vie royal<\/td><td width=\"176\">Bilan.ch<\/td><td>2015<\/td><td width=\"375\">http:\/\/www.bilan.ch\/economie-les-plus-de-la-redaction\/comment-les-souverains-menent-un-train-de-vie-royal<\/td><\/tr><tr><td>Blenkinsop, Philip<\/td><td width=\"364\">Luxembourg to strip Duke of powers over euthanasia<\/td><td width=\"176\">REUTERS<\/td><td>2008<\/td><td width=\"375\">https:\/\/www.reuters.com\/article\/us-luxembourg-duke\/luxembourg-to-strip-duke-of-powers-over-euthanasia-idUSTRE4B182220081202<\/td><\/tr><tr><td>Boffey, Daniel<\/td><td width=\"364\">Belgian prince says proposed pay cut would breach his human rights<\/td><td width=\"176\">The Guardian<\/td><td>2017<\/td><td width=\"375\">https:\/\/www.theguardian.com\/world\/2017\/dec\/01\/belgian-prince-laurent-human-rights-breached-pay-cut<\/td><\/tr><tr><td>Boffey, Daniel<\/td><td width=\"364\">Dutch divided over law against insulting the king<\/td><td width=\"176\">The Guardian<\/td><td>2018<\/td><td width=\"375\">https:\/\/www.theguardian.com\/world\/2018\/feb\/05\/dutch-divided-over-law-against-insulting-the-king<\/td><\/tr><tr><td>Bonnet, Dominique<\/td><td width=\"364\">Le roi Carl XVI Gustaf a battu le record de long\u00e9vit\u00e9 sur le tr\u00f4ne de Su\u00e8de<\/td><td width=\"176\">Paris Match<\/td><td>2018<\/td><td width=\"375\">https:\/\/www.parismatch.com\/Royal-Blog\/famille-royale-Suede\/Le-roi-Carl-XVI-Gustaf-a-battu-le-record-de-longevite-sur-le-trone-de-Suede-1505906<\/td><\/tr><tr><td>Brennan, Siofra<\/td><td width=\"364\">Is Martha Louise Europe&#8217;s most down-to-earth royal<\/td><td width=\"176\">Daily Mail<\/td><td>2018<\/td><td width=\"375\">https:\/\/www.dailymail.co.uk\/femail\/article-5352629\/Is-Martha-Louise-Europes-earth-royal.html<\/td><\/tr><tr><td>Brewington, Autumn<\/td><td width=\"364\">Five myths about the British royals<\/td><td width=\"176\">The Washington Post<\/td><td>2018<\/td><td width=\"375\">https:\/\/www.washingtonpost.com\/outlook\/five-myths\/five-myths-about-the-british-royals\/2018\/05\/10\/6e7db998-5302-11e8-9c91-7dab596e8252_story.html?noredirect=on&amp;utm_term=.a6589fe0b824<\/td><\/tr><tr><td>Cendrowicz, Leo<\/td><td width=\"364\">Belgium\u2019s \u2018kamikaze coalition\u2019 to be sworn in 138 days after elections<\/td><td width=\"176\">The Guardian<\/td><td>2014<\/td><td width=\"375\">https:\/\/www.theguardian.com\/world\/2014\/oct\/10\/belgium-coalition-government-charles-michel-flemish-separatist-n-va<\/td><\/tr><tr><td>Centro Estudios Politicos y Constitucionales<\/td><td width=\"364\">Dossier Monarqu\u00eda<\/td><td width=\"176\">Bolet\u00edn de documentacion N\u00ba1 &#8211; Centro estudios politicos y constitucionales<\/td><td>1998<\/td><td width=\"375\">http:\/\/www.cepc.gob.es\/docs\/boletindocumentacion1-24\/boletin01.pdf?sfvrsn=2<\/td><\/tr><tr><td>CPH POST<\/td><td width=\"364\">The queen of Danish hearts<\/td><td width=\"176\">CPH Post On line<\/td><td>2015<\/td><td width=\"375\">http:\/\/cphpost.dk\/news\/national\/the-queen-of-danish-hearts.html<\/td><\/tr><tr><td>Crouch, David<\/td><td width=\"364\">Sweden gears up for royal wedding as republican sentiments rise<\/td><td width=\"176\">The Guardian<\/td><td>2015<\/td><td width=\"375\">https:\/\/www.theguardian.com\/world\/2015\/jun\/12\/sweden-royal-wedding-republican-sentiments-rise<\/td><\/tr><tr><td>Cuthbert, Jim<\/td><td width=\"364\">Jim Cuthbert: How Brexit exposes the failings of Britain&#8217;s monarchy and makes the case for republicanism<\/td><td width=\"176\">CommonSpace<\/td><td>2018<\/td><td width=\"375\">https:\/\/www.commonspace.scot\/articles\/12154\/jim-cuthbert-how-brexit-exposes-failings-britains-monarchy-and-makes-case<\/td><\/tr><tr><td>Dath, C.<\/td><td width=\"364\">La monarchie en Belgique: cinq personnalit\u00e9s nous donnent leur avis<\/td><td width=\"176\">RTBF.be<\/td><td>2018<\/td><td width=\"375\">https:\/\/www.rtbf.be\/info\/societe\/detail_la-monarchie-en-belgique-cinq-personnalites-nous-donnent-leur-avis?id=9972017<\/td><\/tr><tr><td>Dekkers, Laura<\/td><td width=\"364\">Swedish royal finances and taxes revealed<\/td><td width=\"176\">Royal Central.co.uk<\/td><td>2017<\/td><td width=\"375\">http:\/\/royalcentral.co.uk\/europe\/sweden\/swedish-royal-finances-and-taxes-revealed-88061<\/td><\/tr><tr><td>Dellner, Alexia<\/td><td width=\"364\">21 of the Most Ridiculously Strict Rules the Royal Family Must Follow<\/td><td width=\"176\">Pure Wow News<\/td><td>2017<\/td><td width=\"375\">https:\/\/www.purewow.com\/news\/rules-royal-family-must-follow<\/td><\/tr><tr><td>Democratic UK<\/td><td width=\"364\">Audit 2017: How democratic is the basic constitutional law of the UK?<\/td><td width=\"176\">Democratic Audit<\/td><td>2017<\/td><td width=\"375\">http:\/\/www.democraticaudit.com\/2017\/07\/27\/how-democratic-is-the-basic-constitutional-law-of-the-uk\/<\/td><\/tr><tr><td>Diaz Revorio, Francisco Javier<\/td><td width=\"364\">Los retos de la monarqu\u00eda parlamentaria en Espa\u00f1a<\/td><td width=\"176\">Parlamento y Constitucion , Anuario N\u00ba 16<\/td><td>2014<\/td><td width=\"375\">https:\/\/dialnet.unirioja.es\/servlet\/articulo?codigo=5300008<\/td><\/tr><tr><td>Dinamarca<\/td><td width=\"364\">Folketinget- The Danish Parlament- Web<\/td><td width=\"176\">The Danish Parlament<\/td><td>2018<\/td><td width=\"375\">https:\/\/www.thedanishparliament.dk\/<\/td><\/tr><tr><td>Dinamarca<\/td><td width=\"364\">The Official website of Denmark- Web<\/td><td width=\"176\">Denmark.dk<\/td><td>2018<\/td><td width=\"375\">https:\/\/denmark.dk\/<\/td><\/tr><tr><td>Dinamarca<\/td><td width=\"364\">The Royal House- Web<\/td><td width=\"176\">The Royal House<\/td><td>2018<\/td><td width=\"375\">http:\/\/kongehuset.dk\/en<\/td><\/tr><tr><td>Duquesnoy, Michel\u00a0<\/td><td width=\"364\">Belgica, el pais que se gobierna sin gobierno<\/td><td width=\"176\">Espacio regional. Revista de estudios sociales N\u00ba 2<\/td><td>2011<\/td><td width=\"375\">https:\/\/dialnet.unirioja.es\/servlet\/articulo?codigo=4025442<\/td><\/tr><tr><td>Dutch News<\/td><td width=\"364\">Millions of Dutch celebrate King\u2019s Day, but monarchy is less popular<\/td><td width=\"176\">Dutch News.nl<\/td><td>2016<\/td><td width=\"375\">https:\/\/www.dutchnews.nl\/news\/2016\/04\/89468-2\/<\/td><\/tr><tr><td>Echenique, Pablo<\/td><td width=\"364\">\u00bfPara que sirve la monarqu\u00eda?<\/td><td width=\"176\">EL CONFIDENCIAL<\/td><td>2017<\/td><td width=\"375\">https:\/\/blogs.elconfidencial.com\/espana\/tribuna\/2017-12-25\/para-que-sirve-monarquia_1498078\/<\/td><\/tr><tr><td>Echenique, Pablo<\/td><td width=\"364\">32 preguntas muy serias sobre la monarqu\u00eda<\/td><td width=\"176\">EL CONFIDENCIAL<\/td><td>2018<\/td><td width=\"375\">https:\/\/blogs.elconfidencial.com\/espana\/tribuna\/2018-07-29\/32-preguntas-muy-serias-sobre-la-monarquia_1598870\/<\/td><\/tr><tr><td>El mundo<\/td><td width=\"364\">Editorial- El Rey de una Monarquia util y renovada<\/td><td width=\"176\">EL MUNDO\u00a0<\/td><td>2018<\/td><td width=\"375\">https:\/\/www.elmundo.es\/opinion\/2018\/01\/30\/5a6f732f46163f20178b45a0.html<\/td><\/tr><tr><td>El Periodico<\/td><td width=\"364\">Los diplom\u00e1ticos critican el nombramiento de Ros como embajador en Andorra<\/td><td width=\"176\">El Periodico<\/td><td>2018<\/td><td width=\"375\">https:\/\/www.elperiodico.com\/es\/politica\/20180815\/los-diplomaticos-critican-el-nombramiento-de-ros-como-embajador-en-andorra-6989561<\/td><\/tr><tr><td>El Plural.com<\/td><td width=\"364\">La monarqu\u00eda espa\u00f1ola, la peor valorada de todas las europeas<\/td><td width=\"176\">EL PLURAL.com<\/td><td>2018<\/td><td width=\"375\">https:\/\/www.elplural.com\/politica\/la-monarquia-espanola-la-peor-valorada-de-todas-las-europeas_128043102<\/td><\/tr><tr><td>Elgie, Robert; Passarelli, Gianluca<\/td><td width=\"364\">Palgrave Studies in Presidential Politics<\/td><td width=\"176\">Presidential Powers<\/td><td>2018<\/td><td width=\"375\">http:\/\/presidential-power.com\/<\/td><\/tr><tr><td>Elordi, Carlos<\/td><td width=\"364\">Otra vez la monarquia en peligro<\/td><td width=\"176\">El Diario.es<\/td><td>2018<\/td><td width=\"375\">https:\/\/www.eldiario.es\/zonacritica\/vez-monarquia-peligro_6_792380779.html<\/td><\/tr><tr><td>Elvira Perales, Ascension<\/td><td width=\"364\">The monarchy in Spain<\/td><td width=\"176\">Indret- Revista para el analisis del derecho N\u00ba1<\/td><td>2010<\/td><td width=\"375\">https:\/\/dialnet.unirioja.es\/servlet\/articulo?codigo=3255690<\/td><\/tr><tr><td>eNoticies<\/td><td width=\"364\">El rey de Espa\u00f1a asumir\u00eda el coprincipado de Andorra<\/td><td width=\"176\">E-Noticies<\/td><td>2015<\/td><td width=\"375\">https:\/\/politica.e-noticies.es\/el-rey-de-espana-asumiria-el-coprincipado-de-andorra-93927.html<\/td><\/tr><tr><td>Escajedo San Epifanio, Leire<\/td><td width=\"364\">La reforma de la sucesi\u00f3n a la Corona, en el Reino Unido de la Gran Breta\u00f1a y Norte de Irlanda, y en los \u00abotros Reinos\u00bb de la Commonwealth of Nations<\/td><td width=\"176\">Teoria y Realidad constitucional N\u00ba 41<\/td><td>2018<\/td><td width=\"375\">https:\/\/dialnet.unirioja.es\/servlet\/articulo?codigo=6438499<\/td><\/tr><tr><td>Escolar, Arsenio<\/td><td width=\"364\">Juan Carlos de Borbon, ex Tabu I de Espa\u00f1a<\/td><td width=\"176\">El Diario.es<\/td><td>2018<\/td><td width=\"375\">https:\/\/www.eldiario.es\/arsenioescolar\/Juan-Carlos-Borbon-Tabu-Espana_6_798330179.html<\/td><\/tr><tr><td>Escritt, Thomas<\/td><td width=\"364\">New king of Netherlands will reign with clipped wings<\/td><td width=\"176\">REUTERS<\/td><td>2013<\/td><td width=\"375\">https:\/\/www.reuters.com\/article\/us-dutch-monarchy\/new-king-of-netherlands-will-reign-with-clipped-wings-idUSBRE93N0I220130424<\/td><\/tr><tr><td>Espresso on line<\/td><td width=\"364\">Vatican Diary \/ Collegiality yes, democracy no<\/td><td width=\"176\">Espresso on line<\/td><td>2013<\/td><td width=\"375\">http:\/\/chiesa.espresso.repubblica.it\/articolo\/1350500bdc4.html?eng=y&amp;refresh_ce<\/td><\/tr><tr><td>Esteban, Paloma<\/td><td width=\"364\">La figura de Felipe VI: respaldo masivo en el centro-derecha y grietas en la izquierda<\/td><td width=\"176\">EL CONFIDENCIAL<\/td><td>2018<\/td><td width=\"375\">https:\/\/www.elconfidencial.com\/espana\/2018-03-07\/panelconfidencial-felipe-vi-rey-respaldo-centro-derecha-grietas-izquierda_1531711\/<\/td><\/tr><tr><td>Euronews<\/td><td width=\"364\">Sweden celebrates 70th birthday of King Carl XVI Gustaf<\/td><td width=\"176\">Euronews.com<\/td><td>2016<\/td><td width=\"375\">https:\/\/www.euronews.com\/2016\/04\/30\/sweden-celebrates-70th-birthday-of-king-carl-xvi-gustaf<\/td><\/tr><tr><td>Europa Press<\/td><td width=\"364\">Espa\u00f1a y Andorra destacan sus \u00abfuertes v\u00ednculos\u00bb al cumplirse 25 a\u00f1os del establecimiento de relaciones diplom\u00e1ticas<\/td><td width=\"176\">Bolsamania<\/td><td>2018<\/td><td width=\"375\">https:\/\/www.bolsamania.com\/noticias\/politica\/espana-y-andorra-destacan-sus-fuertes-vinculos-al-cumplirse-25-anos-del-establecimiento-de-relaciones-diplomaticas&#8211;3397066.html<\/td><\/tr><tr><td>Faggiani, Valentina<\/td><td width=\"364\">Los ordenamientos constitucionales de Dinamarca, Suecia y Finlandia<\/td><td width=\"176\">Revista de Derecho constitucional europeo N\u00ba 14<\/td><td>2010<\/td><td width=\"375\">https:\/\/dialnet.unirioja.es\/servlet\/articulo?codigo=3707673<\/td><\/tr><tr><td>Fluxa, Maria<\/td><td width=\"364\">Harald de Noruega: 25 a\u00f1os como el primer rey que se cas\u00f3 con una plebeya<\/td><td width=\"176\">EL MUNDO\u00a0<\/td><td>2016<\/td><td width=\"375\">https:\/\/www.elmundo.es\/loc\/2016\/01\/16\/56993b8fca4741a44f8b45d1.html<\/td><\/tr><tr><td>France- Presse<\/td><td width=\"364\">Prince Henrik, husband of Denmark&#8217;s Queen Margrethe II, dies at 83<\/td><td width=\"176\">The Guardian<\/td><td>2018<\/td><td width=\"375\">https:\/\/www.theguardian.com\/world\/2018\/feb\/14\/prince-henrik-husband-denmark-queen-margrethe-dies<\/td><\/tr><tr><td>Fuentes, Juan Francisco<\/td><td width=\"364\">Monarqu\u00eda, consenso y democracia<\/td><td width=\"176\">EL PAIS<\/td><td>2018<\/td><td width=\"375\">https:\/\/elpais.com\/elpais\/2018\/01\/04\/opinion\/1515089195_697859.html<\/td><\/tr><tr><td>Galbis de la Mora, Juan<\/td><td width=\"364\">La monarqu\u00eda espa\u00f1ola en el proceso constituyente en perspectiva hist\u00f3ricauna explicaci\u00f3n a partir del debate parlamentario en torno a su configuraci\u00f3n constitucional<\/td><td width=\"176\">Universidad CEU San Pablo<\/td><td>2016<\/td><td width=\"375\">https:\/\/dialnet.unirioja.es\/servlet\/tesis?codigo=118474<\/td><\/tr><tr><td>Galera Victoria, Adoraci\u00f3n<\/td><td width=\"364\">Acciones de filiaci\u00f3n y abdicaci\u00f3n en la monarqu\u00eda constitucional belga<\/td><td width=\"176\">Teoria y Realidad Constitucional, N\u00ba 38<\/td><td>2016<\/td><td width=\"375\">https:\/\/dialnet.unirioja.es\/servlet\/articulo?codigo=5865529<\/td><\/tr><tr><td>Garrido Rubia, Antonio<\/td><td width=\"364\">Semi-presidencialismo y semi-parlamentarismo en la II Rep\u00fablica espa\u00f1ola<\/td><td width=\"176\">Anales de derecho N\u00ba 26<\/td><td>2008<\/td><td width=\"375\">https:\/\/dialnet.unirioja.es\/servlet\/articulo?codigo=3235674<\/td><\/tr><tr><td>Gheen, Tina<\/td><td width=\"364\">The Current Legislation on Citizenship in the Vatican City State<\/td><td width=\"176\">Library of Congress<\/td><td>2012<\/td><td width=\"375\">https:\/\/blogs.loc.gov\/law\/2012\/07\/the-current-legislation-on-citizenship-in-the-vatican-city-state\/<\/td><\/tr><tr><td>Gimenez Gluck, David<\/td><td width=\"364\">El bloqueo, evitable, de la formaci\u00f3n del Gobierno<\/td><td width=\"176\">Revista de Derecho pol\u00edtico, UNED N\u00ba 99<\/td><td>2017<\/td><td width=\"375\">https:\/\/dialnet.unirioja.es\/servlet\/articulo?codigo=6057264<\/td><\/tr><tr><td>Gomez Sanchez, Yolanda<\/td><td width=\"364\">XXV a\u00f1os de monarqu\u00eda parlamentaria\u00a0<\/td><td width=\"176\">Sanz y Torres<\/td><td>2006<\/td><td width=\"375\">ISBN: 84-96094-65-0<\/td><\/tr><tr><td>Gonzalez Manso, Teresa<\/td><td width=\"364\">\u00bfTienen futuro las democracias?<\/td><td width=\"176\">EL MUNDO\u00a0<\/td><td>2018<\/td><td width=\"375\">https:\/\/www.elmundo.es\/yodona\/lifestyle\/2018\/02\/17\/5a81800ae2704e31368b45b8.html<\/td><\/tr><tr><td>Gonzalez, Miguel<\/td><td width=\"364\">Monarquicos Pragmaticos<\/td><td width=\"176\">EL PAIS<\/td><td>2018<\/td><td width=\"375\">https:\/\/elpais.com\/politica\/2018\/02\/20\/actualidad\/1519138480_175404.html<\/td><\/tr><tr><td>Guibourg, Clara<\/td><td width=\"364\">From wedding bliss to royal crisis: the state of Sweden&#8217;s monarchy<\/td><td width=\"176\">The local.se<\/td><td>2011<\/td><td width=\"375\">https:\/\/www.thelocal.se\/20110617\/34412<\/td><\/tr><tr><td>Harris, John\u00a0<\/td><td width=\"364\">\u2018Essentially, the monarchy is corrupt\u2019 \u2013 will republicanism survive Harry and Meghan?<\/td><td width=\"176\">The Guardian<\/td><td>2018<\/td><td width=\"375\">https:\/\/www.theguardian.com\/uk-news\/2018\/may\/08\/monarchy-is-corrupt-bring-down-house-of-windsor-royal-wedding<\/td><\/tr><tr><td>Hello Magazine<\/td><td width=\"364\">King Carl XVI Gustaf of Sweden involved in car crash<\/td><td width=\"176\">Hello!<\/td><td>2014<\/td><td width=\"375\">https:\/\/www.hellomagazine.com\/royalty\/2014091720992\/king-carl-gustaf-sweden-car-crash\/<\/td><\/tr><tr><td>Herrero y Rodriguez de Mi\u00f1on, MIguel\u00a0<\/td><td width=\"364\">El sentido hist\u00f3rico de la Monarqu\u00eda como forma de Estado<\/td><td width=\"176\">Cuadernos de Historia del Derecho N\u00ba Extra 1<\/td><td>2004<\/td><td width=\"375\">https:\/\/dialnet.unirioja.es\/servlet\/articulo?codigo=897945<\/td><\/tr><tr><td>Herrero y Rodriguez de Mi\u00f1on, MIguel\u00a0<\/td><td width=\"364\">Las funciones interconstitucionales del jefe del Estado parlamentario<\/td><td width=\"176\">Revista espa\u00f1ola de Derecho Constitucional N\u00ba 37<\/td><td>2017<\/td><td width=\"375\">https:\/\/dialnet.unirioja.es\/servlet\/articulo?codigo=6112332<\/td><\/tr><tr><td>Higgins, Andrew<\/td><td width=\"364\">Luxembourg Spy Scandal Forces Exit of Premier<\/td><td width=\"176\">The New York Times<\/td><td>2013<\/td><td width=\"375\">https:\/\/www.nytimes.com\/2013\/07\/11\/world\/europe\/luxembourg-spy-scandal-forces-exit-of-premier.html?rref=collection%2Ftimestopic%2FLuxembourg<\/td><\/tr><tr><td>Hodgson, Camilla<\/td><td width=\"364\">This is how much money Europe&#8217;s royal families get from their taxpayers<\/td><td width=\"176\">Independent<\/td><td>2017<\/td><td width=\"375\">https:\/\/www.independent.co.uk\/money\/this-is-how-much-money-europes-royal-families-get-from-their-taxpayers-a7870711.html<\/td><\/tr><tr><td>James, Faye<\/td><td width=\"364\">Mary and Fred\u2019s hell: Palace war erupts<\/td><td width=\"176\">New Idea<\/td><td>2018<\/td><td width=\"375\">https:\/\/www.newidea.com.au\/prince-frederik-brother-prince-joachim-and-princess-marie-threaten-princess-marys-role-as-queen<\/td><\/tr><tr><td>Jerkins, Simon<\/td><td width=\"364\">What&#8217;s the point of the monarchy?<\/td><td width=\"176\">Prospect<\/td><td>2011<\/td><td width=\"375\">https:\/\/www.prospectmagazine.co.uk\/magazine\/what%E2%80%99s-the-point-of-the-monarchy<\/td><\/tr><tr><td>Jewell, Hannah<\/td><td width=\"364\">Why some Brits don&#8217;t like the royal family<\/td><td width=\"176\">The Washington Post<\/td><td>2018<\/td><td width=\"375\">https:\/\/www.washingtonpost.com\/graphics\/2018\/world\/amp-stories\/why-some-brits-dont-like-the-royal-family\/??noredirect=on<\/td><\/tr><tr><td>Jim\u00e9nez de Parga y Cabrera, Manuel<\/td><td width=\"364\">El arbitraje constitucional del Rey<\/td><td width=\"176\">Diario 16<\/td><td>1981<\/td><td width=\"375\">https:\/\/linz.march.es\/Documento.asp?Reg=r-4691<\/td><\/tr><tr><td>Juaristi Linacero, Jon<\/td><td width=\"364\">A cuerpo de Rey: monarqu\u00eda accidental y melancol\u00eda republicana<\/td><td width=\"176\">Ariel<\/td><td>2014<\/td><td width=\"375\">ISBN: 978-84-344-1899-8<\/td><\/tr><tr><td>La Vanguardia<\/td><td width=\"364\">Andorra, San Marino y M\u00f3naco acuerdan seguir trabajando por asociaci\u00f3n con UE<\/td><td width=\"176\">La Vanguardia<\/td><td>2017<\/td><td width=\"375\">https:\/\/www.lavanguardia.com\/politica\/20170318\/42981853665\/andorra-san-marino-y-monaco-acuerdan-seguir-trabajando-por-asociacion-con-ue.html<\/td><\/tr><tr><td>La Vanguardia<\/td><td width=\"364\">M\u00f3naco se defiende ante sospechas de corrupci\u00f3n y favoritismo en la justicia<\/td><td width=\"176\">La Vanguardia<\/td><td>2018<\/td><td width=\"375\">https:\/\/www.lavanguardia.com\/politica\/20180708\/45773916273\/monaco-se-defiende-ante-sospechas-de-corrupcion-y-favoritismo-en-la-justicia.html<\/td><\/tr><tr><td>Lario, Angeles<\/td><td width=\"364\">La monarquia y sus clasificaciones<\/td><td width=\"176\">UNED &#8211; Biblioteca Nueva<\/td><td>2007<\/td><td width=\"375\">https:\/\/www.researchgate.net\/publication\/311810018_La_Monarquia_y_sus_clasificaciones_El_concepto_No_solo_cuestion_de_terminos<\/td><\/tr><tr><td>Lavilla Alsina, Landelino<\/td><td width=\"364\">La Monarquia Parlamentaria como forma politica del Estado Espa\u00f1ol<\/td><td width=\"176\">Asamblea: Revista parlamentaria de la Asamblea de Madrid<\/td><td>2001<\/td><td width=\"375\">https:\/\/dialnet.unirioja.es\/servlet\/articulo?codigo=2020905<\/td><\/tr><tr><td>Lejeune, Arthur<\/td><td width=\"364\">Les Jeunes Socialistes en faveur d&#8217;une r\u00e9publique en Belgique<\/td><td width=\"176\">RTBF.be<\/td><td>2017<\/td><td width=\"375\">https:\/\/www.rtbf.be\/info\/societe\/detail_a-votre-avis-questionne-la-couronne?id=9752272<\/td><\/tr><tr><td>Leruth, Benjamin<\/td><td width=\"364\">A federal House of Cards: the Belgian political landscape following the 2014 regional and federal elections<\/td><td width=\"176\">Open Democracy<\/td><td>2014<\/td><td width=\"375\">https:\/\/www.opendemocracy.net\/can-europe-make-it\/benjamin-leruth\/federal-house-of-cards-belgian-political-landscape-following-2014<\/td><\/tr><tr><td>Liechtenstein<\/td><td width=\"364\">The princely house of Liechtenstein- Web<\/td><td width=\"176\">Liechtenstein<\/td><td>2018<\/td><td width=\"375\">https:\/\/www.fuerstenhaus.li\/en\/<\/td><\/tr><tr><td>Liechtenstein<\/td><td width=\"364\">The Principality &#8211; Web<\/td><td width=\"176\">Liechtenstein<\/td><td>2018<\/td><td width=\"375\">https:\/\/www.liechtenstein.li\/en\/country-and-people\/state\/government\/<\/td><\/tr><tr><td>Linz, Juan Jose; y otros<\/td><td width=\"364\">Monarquias democr\u00e1ticas parlamentarias<\/td><td width=\"176\">Documents CIDOB N\u00ba6<\/td><td>2016<\/td><td width=\"375\">https:\/\/dialnet.unirioja.es\/servlet\/articulo?codigo=5521313<\/td><\/tr><tr><td>L&#8217;OBS<\/td><td width=\"364\">#Belgique 36,4 millions d&#8217;euros pour le roi des Belges<\/td><td width=\"176\">Nouvel OBS.com<\/td><td>2017<\/td><td width=\"375\">http:\/\/www.nouvelobs.com\/en-direct\/a-chaud\/43518-belgique-millions-euros-belges.html<\/td><\/tr><tr><td>Lopez Aguilar, Juan Fernando<\/td><td width=\"364\">La aventura democratica: Constitucion y el alma republicana en la monarqu\u00eda parlamentaria (1978-2009)<\/td><td width=\"176\">Peninsula<\/td><td>2009<\/td><td width=\"375\">ISBN: 978-84-8307-884-6<\/td><\/tr><tr><td>Loucaides, Darren<\/td><td width=\"364\">Goodbye to the monarchy?<\/td><td width=\"176\">Newint.org<\/td><td>2018<\/td><td width=\"375\">https:\/\/newint.org\/features\/web-exclusive\/2018\/05\/18\/goodbye-monarchy<\/td><\/tr><tr><td>Low, Valentine<\/td><td width=\"364\">Prince Charles \u2018should have slimmed-down coronation\u2019<\/td><td width=\"176\">The Sunday Times<\/td><td>2018<\/td><td width=\"375\">https:\/\/www.thetimes.co.uk\/article\/charles-should-have-slimmed-down-coronation-5jxc2gck9<\/td><\/tr><tr><td>Lowe, Josh<\/td><td width=\"364\">King Of Sweden Won&#8217;t Hand Over To Daughter Despite Sex Party Claims<\/td><td width=\"176\">Newsweek<\/td><td>2017<\/td><td width=\"375\">https:\/\/www.newsweek.com\/swedens-king-abdicate-sex-parties-638106<\/td><\/tr><tr><td>Luxemburgo<\/td><td width=\"364\">Cour Grand-Ducale del Luxembourg &#8211; Web<\/td><td width=\"176\">The Luxembourg Government<\/td><td>2018<\/td><td width=\"375\">http:\/\/www.monarchie.lu\/fr\/famille\/grand-duc\/index.html<\/td><\/tr><tr><td>Luxemburgo<\/td><td width=\"364\">The Luxembourg Government- Web<\/td><td width=\"176\">The Luxembourg Government<\/td><td>2018<\/td><td width=\"375\">https:\/\/gouvernement.lu\/en.html<\/td><\/tr><tr><td>Lynch, Suzanne<\/td><td width=\"364\">Royal succession in Netherlands reminds us that thrones of monarchy are safe in Europe<\/td><td width=\"176\">The Irish Times<\/td><td>2013<\/td><td width=\"375\">https:\/\/www.irishtimes.com\/news\/world\/europe\/royal-succession-in-netherlands-reminds-us-that-thrones-of-monarchy-are-safe-in-europe-1.1381898<\/td><\/tr><tr><td>Ma., D.<\/td><td width=\"364\">\u00abTrop co\u00fbteuse\u00bb la monarchie? Oui, selon une majorit\u00e9 de Belges<\/td><td width=\"176\">LE SOIR.be<\/td><td>2017<\/td><td width=\"375\">https:\/\/www.lesoir.be\/115660\/article\/2017-09-23\/trop-couteuse-la-monarchie-oui-selon-une-majorite-de-belges<\/td><\/tr><tr><td>Macguire, Eoghan<\/td><td width=\"364\">The anti-royal wedding party: Republicans dream of monarchy&#8217;s end<\/td><td width=\"176\">Al Jazeera<\/td><td>2018<\/td><td width=\"375\">https:\/\/www.aljazeera.com\/news\/2018\/05\/anti-royal-wedding-party-republicans-dream-monarchy-180519184649584.html<\/td><\/tr><tr><td>Martin, Cristina<\/td><td width=\"364\">Para que el rey de Espa\u00f1a sea copr\u00edncipe de Andorra se debe modificar la Constituci\u00f3n del Principado<\/td><td width=\"176\">Hispanidad<\/td><td>2015<\/td><td width=\"375\">https:\/\/www.hispanidad.com\/confidencial\/para-que-el-rey-de-espana-sea-coprincipe-de-andorra-se-debe-modificar-la-constitucion-del-principado_208013_102.html<\/td><\/tr><tr><td>Martin, Daniel<\/td><td width=\"364\">El CIS y los medios silencian la opini\u00f3n de los ciudadanos sobre Felipe VI y la Casa Real<\/td><td width=\"176\">PUBLICO<\/td><td>2018<\/td><td width=\"375\">https:\/\/www.publico.es\/politica\/monarquia-institucion-encuestas-preguntan-mal.html<\/td><\/tr><tr><td>Martinez Fornes, Almudena<\/td><td width=\"364\">El Rey logra la mejor valoraci\u00f3n de la Monarqu\u00eda desde su restauraci\u00f3n<\/td><td width=\"176\">ABC<\/td><td>2018<\/td><td width=\"375\">https:\/\/www.abc.es\/espana\/abci-logra-mejor-valoracion-monarquia-desde-restauracion-201808052317_noticia.html<\/td><\/tr><tr><td>Martinez Ingl\u00e9s, Amadeo<\/td><td width=\"364\">Juan Carlos I, el \u00faltimo Borb\u00f3n: las mentiras de la democracia espa\u00f1ola<\/td><td width=\"176\">Styria<\/td><td>2008<\/td><td width=\"375\">ISBN: 978-84-96626-70-6<\/td><\/tr><tr><td>Martinez, Emilio J.<\/td><td width=\"364\">El nuevo movimiento monarquico pincha en su estreno<\/td><td width=\"176\">El Diario.es<\/td><td>2018<\/td><td width=\"375\">https:\/\/www.eldiario.es\/cv\/nuevo-movimiento-monarquico-pincha-estreno_0_800370122.html<\/td><\/tr><tr><td>Martinez, Shandra<\/td><td width=\"364\">How Dutch media cover royal family differently<\/td><td width=\"176\">Michigan Live<\/td><td>2015<\/td><td width=\"375\">https:\/\/www.mlive.com\/business\/west-michigan\/index.ssf\/2015\/05\/how_the_media_covers_the_dutch.html<\/td><\/tr><tr><td>Mastromarino, Anna<\/td><td width=\"364\">Modificaciones constitucionales en B\u00e9lgica<\/td><td width=\"176\">Revista d&#8217;estudis aunonomics<\/td><td>2015<\/td><td width=\"375\">https:\/\/dialnet.unirioja.es\/servlet\/articulo?codigo=5232830<\/td><\/tr><tr><td>Mccallen, Laura<\/td><td width=\"364\">King of Sweden says he would have liked to have been a farmer<\/td><td width=\"176\">Royal Central.co.uk<\/td><td>2017<\/td><td width=\"375\">http:\/\/royalcentral.co.uk\/europe\/sweden\/king-of-sweden-says-he-would-have-liked-to-have-been-a-farmer-92782<\/td><\/tr><tr><td>Mccallen, Laura<\/td><td width=\"364\">Palace announces Dutch King has no shares in royal companies<\/td><td width=\"176\">Royal Central.co.uk<\/td><td>2018<\/td><td width=\"375\">http:\/\/royalcentral.co.uk\/europe\/palace-announces-dutch-king-has-no-shares-in-royal-companies-101138<\/td><\/tr><tr><td>Mccallen, Laura<\/td><td width=\"364\">Prince Carl Philip designs line of glasses for Swedish brand<\/td><td width=\"176\">Royal Central.co.uk<\/td><td>2018<\/td><td width=\"375\">http:\/\/royalcentral.co.uk\/europe\/prince-carl-philip-designs-line-of-glasses-for-swedish-brand-98602<\/td><\/tr><tr><td>McDonald &#8211; Gibson, Charlotte<\/td><td width=\"364\">Gangster Mille Markovic \u2018who had pictures of Swedish king Carl XVI Gustaf in strip club\u2019 shot dead in his car<\/td><td width=\"176\">Independent<\/td><td>2014<\/td><td width=\"375\">https:\/\/www.independent.co.uk\/news\/world\/europe\/gangster-mille-markovic-who-had-pictures-of-swedish-king-carl-xvi-gustaf-in-strip-club-shot-dead-in-9084053.html<\/td><\/tr><tr><td>Mejahdi, Kamal<\/td><td width=\"364\">TIPO DE R\u00c9GIMEN, INSTITUCIONES<br \/>Y PROBABILIDAD DE DEMOCRATIZACI\u00d3N:<br \/>LA MONARQU\u00cdA GOBERNANTE COMO MAYOR<br \/>RESISTENTE A LA DEMOCRACIA<\/td><td width=\"176\">Centro de Estudios pol\u00edticos y Constitucionales<\/td><td>2015<\/td><td width=\"375\">https:\/\/recyt.fecyt.es\/index.php\/RevEsPol\/article\/view\/45209<\/td><\/tr><tr><td>Menendez Menendez, Aurelio<\/td><td width=\"364\">Nuestra monarqu\u00eda constitucional<\/td><td width=\"176\">Actualidad Jur\u00eddica Uria Menendez N\u00ba 37<\/td><td>2014<\/td><td width=\"375\">https:\/\/dialnet.unirioja.es\/servlet\/articulo?codigo=4855203<\/td><\/tr><tr><td>Meo, Nick<\/td><td width=\"364\">Prince of Liechtenstein threatens to leave after vote on his powers<\/td><td width=\"176\">The Telegraph<\/td><td>2012<\/td><td width=\"375\">https:\/\/www.telegraph.co.uk\/news\/worldnews\/europe\/liechtenstein\/9366747\/Prince-of-Liechtenstein-threatens-to-leave-after-vote-on-his-powers.html<\/td><\/tr><tr><td>Milanovi, Zowi<\/td><td width=\"364\">The role of the monarchy in the Netherlands<\/td><td width=\"176\">Marxist.com<\/td><td>2013<\/td><td width=\"375\">https:\/\/www.marxist.com\/role-of-monarchy-in-netherlands.htm<\/td><\/tr><tr><td>Milmo, Cahal<\/td><td width=\"364\">The Independent guide to the UK constitution: The monarchy<\/td><td width=\"176\">Independent<\/td><td>2015<\/td><td width=\"375\">https:\/\/www.independent.co.uk\/news\/uk\/politics\/the-independent-guide-to-the-uk-constitution-part-5-the-monarchy-10313818.html<\/td><\/tr><tr><td>Minder, Raphael<\/td><td width=\"364\">New King or, Spaniards Ask, Is It Time for No King?<\/td><td width=\"176\">The New York Times<\/td><td>2014<\/td><td width=\"375\">https:\/\/www.nytimes.com\/2014\/06\/04\/world\/europe\/spain-abdication.html?action=click&amp;module=RelatedCoverage&amp;pgtype=Article&amp;region=Footer<\/td><\/tr><tr><td>Monaco<\/td><td width=\"364\">Gouvernment Princier &#8211; Web<\/td><td width=\"176\">Principaute de Monaco<\/td><td>2018<\/td><td width=\"375\">https:\/\/www.gouv.mc\/<\/td><\/tr><tr><td>Monaco<\/td><td width=\"364\">Palais Princier de Monaco &#8211; Web<\/td><td width=\"176\">Principaute de Monaco<\/td><td>2018<\/td><td width=\"375\">http:\/\/www.palais.mc\/en\/index.html<\/td><\/tr><tr><td>Montero, Sara<\/td><td width=\"364\">Inviolabilidad, veto parlamentario o por qu\u00e9 hay muchos asuntos que no sabes del Rey<\/td><td width=\"176\">Cuarto Poder<\/td><td>2018<\/td><td width=\"375\">https:\/\/www.cuartopoder.es\/espana\/2018\/08\/28\/inviolabilidad-veto-parlamentario-y-otros-motivos-por-los-que-hay-muchas-cosas-que-no-sabes-del-rey\/<\/td><\/tr><tr><td>Moreton, Cole<\/td><td width=\"364\">A new regime: This is what will happen when the Queen dies<\/td><td width=\"176\">Inews.com<\/td><td>2018<\/td><td width=\"375\">https:\/\/inews.co.uk\/news\/uk\/queen-elizabeth-death-plans\/<\/td><\/tr><tr><td>MPTyFP<\/td><td width=\"364\">La Delegada del Gobierno se entrevista con el Co-Principe y el Jefe de Gobierno de Andorra en su primera visita oficial fuera de Espa\u00f1a<\/td><td width=\"176\">Ministerio de Politica Territorial y Funcion Publica<\/td><td>2012<\/td><td width=\"375\">http:\/\/www.seat.mpr.gob.es\/gl\/portal\/delegaciones_gobierno\/delegaciones\/catalunya\/actualidad\/notas_de_prensa\/notas\/2012\/06\/20120606.html<\/td><\/tr><tr><td>Munzenrieder, Kyle<\/td><td width=\"364\">Prince Laurent of Belgium, 54, Complains of Human Rights Violations After His Allowance Is Cut<\/td><td width=\"176\">W Magazine<\/td><td>2017<\/td><td width=\"375\">https:\/\/www.wmagazine.com\/story\/prince-laurent-belgium-allowance<\/td><\/tr><tr><td>Mutua, Makau<\/td><td width=\"364\">British monarchy has blinded many to brutality of the empire<\/td><td width=\"176\">Standard Digital<\/td><td>2018<\/td><td width=\"375\">https:\/\/www.standardmedia.co.ke\/article\/2001285234\/british-monarchy-has-blinded-many-to-brutality-of-the-empire<\/td><\/tr><tr><td>Nations Encyclopedia<\/td><td width=\"364\">Vatican City &#8211; Politics, government, and taxation<\/td><td width=\"176\">Nations Encyclopedia<\/td><td>2018<\/td><td width=\"375\">https:\/\/www.nationsencyclopedia.com\/economies\/Europe\/Vatican-City-POLITICS-GOVERNMENT-AND-TAXATION.html<\/td><\/tr><tr><td>Navas Castillo, Antonia<\/td><td width=\"364\">La necesidad de reforma del procedimiento ordinario de nombramiento del Presidente del Gobierno<\/td><td width=\"176\">en Reflexiones y propuestas sobre la reforma de la Constitucion Espa\u00f1ola &#8211; Ed Comares<\/td><td>2017<\/td><td width=\"375\">ISBN:\u00a0978-84-9045-506-7<\/td><\/tr><tr><td>Netherlands<\/td><td width=\"364\">Netherlands Governmente- Web<\/td><td width=\"176\">Netherland<\/td><td>2018<\/td><td width=\"375\">https:\/\/www.government.nl\/<\/td><\/tr><tr><td>Netherlands<\/td><td width=\"364\">Royal House of the Nethrlands &#8211; Web<\/td><td width=\"176\">Netherland<\/td><td>2018<\/td><td width=\"375\">https:\/\/www.royal-house.nl\/<\/td><\/tr><tr><td>News in English<\/td><td width=\"364\">King Harald put on sick leave<\/td><td width=\"176\">News in English.no<\/td><td>2018<\/td><td width=\"375\">https:\/\/www.newsinenglish.no\/2018\/04\/25\/king-harald-put-on-sick-leave\/<\/td><\/tr><tr><td>Nieset, Lane<\/td><td width=\"364\">Monaco\u2019s $2.4 Billion Plan to Stay Relevant? Expand The Coastline<\/td><td width=\"176\">Bloomberg<\/td><td>2018<\/td><td width=\"375\">https:\/\/www.bloomberg.com\/news\/articles\/2018-05-17\/monaco-s-2-4-billion-plan-to-stay-relevant-expand-the-coastline<\/td><\/tr><tr><td>Noruega<\/td><td width=\"364\">Norway Government- Web<\/td><td width=\"176\">Norway<\/td><td>2018<\/td><td width=\"375\">https:\/\/www.regjeringen.no\/en\/id4\/<\/td><\/tr><tr><td>Noruega<\/td><td width=\"364\">The Royal Court &#8211; Web<\/td><td width=\"176\">Norway<\/td><td>2018<\/td><td width=\"375\">https:\/\/www.royalcourt.no\/seksjon.html?tid=27679&amp;sek=27258<\/td><\/tr><tr><td>Nu\u00f1ez Romero Balmas, Esther<\/td><td width=\"364\">La casa de S.M el Rey: aproximacion a su estatuto juridico<\/td><td width=\"176\">UNED<\/td><td>2001<\/td><td width=\"375\">https:\/\/dialnet.unirioja.es\/servlet\/tesis?codigo=39790<\/td><\/tr><tr><td>O&#8217;Grady, Sean<\/td><td width=\"364\">Instead of celebrating the royal wedding, let&#8217;s calculate how the monarchy can start paying for itself<\/td><td width=\"176\">Independent<\/td><td>2018<\/td><td width=\"375\">https:\/\/www.independent.co.uk\/voices\/royal-wedding-2018-prince-harry-meghan-markle-trade-union-cake-flowers-assets-a8356496.html<\/td><\/tr><tr><td>O&#8217;Grady, Sean<\/td><td width=\"364\">Prince Charles is going to have to accept that the British public is not, and never will be, ready for Queen Camilla<\/td><td width=\"176\">Independent<\/td><td>2017<\/td><td width=\"375\">https:\/\/www.independent.co.uk\/voices\/duchess-of-cornwall-camilla-prince-charles-who-will-be-the-next-queen-a7912346.html<\/td><\/tr><tr><td>Ok Diario<\/td><td width=\"364\">5 caracter\u00edsticas que definen la Monarqu\u00eda espa\u00f1ola<\/td><td width=\"176\">OK DIARIO<\/td><td>2017<\/td><td width=\"375\">https:\/\/okdiario.com\/curiosidades\/2017\/11\/08\/caracteristicas-monarquia-espanola-1492419<\/td><\/tr><tr><td>Oliver Araujo, Joan<\/td><td width=\"364\">Cuatro reflexiones sobre la monarqu\u00eda y la rep\u00fablica<\/td><td width=\"176\">Revista Derecho Pol\u00edtico N\u00ba 53<\/td><td>2002<\/td><td width=\"375\">https:\/\/dialnet.unirioja.es\/servlet\/articulo?codigo=1043117<\/td><\/tr><tr><td>Oliver Araujo, Joan;\u00a0 Calafell Ferr\u00e1, Vicente J<\/td><td width=\"364\">De Juan Carlos I a Felipe IV \u00bfalgo nuevo bajo el sol?<\/td><td width=\"176\">Anuario de Derecho Parlamentario N\u00ba 29<\/td><td>2017<\/td><td width=\"375\">https:\/\/dialnet.unirioja.es\/servlet\/articulo?codigo=6275515<\/td><\/tr><tr><td>Orantos Mart\u00edn, Rodolfo<\/td><td width=\"364\">A falta de Ley Org\u00e1nica, un reglamento de la Real Familia Espa\u00f1ola<\/td><td width=\"176\">Anuario Facultad de Derecho N\u00ba 33<\/td><td>2017<\/td><td width=\"375\">https:\/\/dialnet.unirioja.es\/servlet\/articulo?codigo=6318037<\/td><\/tr><tr><td>Orantos Mart\u00edn, Rodolfo<\/td><td width=\"364\">Un papel para la monarquia en la Union Europea<\/td><td width=\"176\">Universidad de Extremadura<\/td><td>2015<\/td><td width=\"375\">https:\/\/dialnet.unirioja.es\/servlet\/tesis?codigo=47133<\/td><\/tr><tr><td>Palmer, Richard<\/td><td width=\"364\">Netherlands BOMBSHELL: Dutch King reveals he&#8217;s been living a DOUBLE LIFE as pilot for KLM<\/td><td width=\"176\">Express.co.uk<\/td><td>2017<\/td><td width=\"375\">https:\/\/www.express.co.uk\/news\/royal\/806216\/Netherlands-king-Willem-Alexander-dutch-co-pilot-secret-hobby<\/td><\/tr><tr><td>Payton, Matt<\/td><td width=\"364\">Denmark to stop paying salary to royal family grandchildren<\/td><td width=\"176\">Independent<\/td><td>2016<\/td><td width=\"375\">https:\/\/www.independent.co.uk\/news\/world\/europe\/denmark-danish-royal-family-queen-margrethe-grandchildren-stop-paying-salary-a7056261.html<\/td><\/tr><tr><td>Pendleton, Devon<\/td><td width=\"364\">The Richest Royal in Europe Just Keeps Getting Richer<\/td><td width=\"176\">Bloomberg<\/td><td>2017<\/td><td width=\"375\">https:\/\/www.bloomberg.com\/news\/articles\/2017-10-26\/europe-s-richest-royal-gets-richer-as-family-bank-lures-wealthy<\/td><\/tr><tr><td>Pe\u00f1a Qui\u00f1onero, Juan<\/td><td width=\"364\">El Pr\u00edncipe Alberto dise\u00f1a el M\u00f3naco del futuro<\/td><td width=\"176\">ABC<\/td><td>2018<\/td><td width=\"375\">https:\/\/www.abc.es\/estilo\/gente\/abci-principe-alberto-disena-monaco-futuro-201802090833_noticia.html<\/td><\/tr><tr><td>Perez Maura, Ramon<\/td><td width=\"364\">La Monarqu\u00eda, cinco razones por la que es un sistema mejor<\/td><td width=\"176\">ABC<\/td><td>2018<\/td><td width=\"375\">https:\/\/www.abc.es\/espana\/casa-real\/abci-monarquia-cinco-razones-sistema-mejor-201801301704_noticia.html<\/td><\/tr><tr><td>Perez Royo, Francisco Javier<\/td><td width=\"364\">Jefatura del Estado y democracia parlamentaria<\/td><td width=\"176\">Revista de Estudios Pol\u00edticos N\u00ba 39<\/td><td>1984<\/td><td width=\"375\">https:\/\/dialnet.unirioja.es\/servlet\/articulo?codigo=26790<\/td><\/tr><tr><td>Perring, Rebecca<\/td><td width=\"364\">Prince Charles&#8217; coronation should be STRIPPED of Christianity &#8211; bombshell report<\/td><td width=\"176\">Sunday Express<\/td><td>2018<\/td><td width=\"375\">https:\/\/www.express.co.uk\/news\/royal\/963903\/Prince-charles-king-Queen-coronation-christianity<\/td><\/tr><tr><td>Pieters, Janene<\/td><td width=\"364\">Dutch Royals cost far more than budget says: report<\/td><td width=\"176\">NL Times.nl<\/td><td>2018<\/td><td width=\"375\">https:\/\/nltimes.nl\/2018\/04\/25\/dutch-royals-cost-far-budget-says-report<\/td><\/tr><tr><td>Pieters, Janene<\/td><td width=\"364\">Dutch show more support for monarchy, more trust in king<\/td><td width=\"176\">NL Times.nl<\/td><td>2017<\/td><td width=\"375\">https:\/\/nltimes.nl\/2017\/04\/27\/dutch-show-support-monarchy-trust-king<\/td><\/tr><tr><td>Pinar, Clara<\/td><td width=\"364\">La abdicaci\u00f3n, buena estrategia<\/td><td width=\"176\">Tiempo de Hoy<\/td><td>2014<\/td><td width=\"375\">http:\/\/www.tiempodehoy.com\/especiales\/especial-abdicacion-rey\/la-abdicacion-buena-estrategia\/<\/td><\/tr><tr><td>Popham, Peter<\/td><td width=\"364\">Liechtenstein voters make prince Europe&#8217;s most powerful ruler<\/td><td width=\"176\">Independent<\/td><td>2003<\/td><td width=\"375\">https:\/\/www.independent.co.uk\/news\/world\/europe\/liechtenstein-voters-make-prince-europes-most-powerful-ruler-123079.html<\/td><\/tr><tr><td>Porras Ramirez, Jos\u00e9 Maria<\/td><td width=\"364\">La Corona y la propuesta de candidato a Presidente del Gobierno<br \/>nuevas pr\u00e1cticas y viejas normas<\/td><td width=\"176\">Teoria y Realidad Constitucional N\u00ba40<\/td><td>2017<\/td><td width=\"375\">https:\/\/dialnet.unirioja.es\/servlet\/articulo?codigo=6273564<\/td><\/tr><tr><td>Porras Ramirez, Jos\u00e9 Maria<\/td><td width=\"364\">Principio Democratico y funcion regia en la constitucion normativa<\/td><td width=\"176\">Universidad Granada<\/td><td>1993<\/td><td width=\"375\">https:\/\/dialnet.unirioja.es\/servlet\/articulo?codigo=2119691<\/td><\/tr><tr><td>Portas, Paulo<\/td><td width=\"364\">La nueva Andorra<\/td><td width=\"176\">El Economista.es<\/td><td>2018<\/td><td width=\"375\">https:\/\/www.eleconomista.es\/opinion-blogs\/noticias\/9265630\/07\/18\/La-nueva-Andorra.html<\/td><\/tr><tr><td>Pritchard, Beth<\/td><td width=\"364\">Dutch royals are hiding spending from public<\/td><td width=\"176\">Royal Central.co.uk<\/td><td>2018<\/td><td width=\"375\">http:\/\/royalcentral.co.uk\/europe\/netherlands\/dutch-royals-are-hiding-spending-from-public-101338<\/td><\/tr><tr><td>Quel Lopez, Francisco Javier<\/td><td width=\"364\">En nombre del Estado: el Rey en la pol\u00edtica exterior espa\u00f1ola<\/td><td width=\"176\">Politica Exterior N\u00ba140<\/td><td>2011<\/td><td width=\"375\">https:\/\/dialnet.unirioja.es\/servlet\/articulo?codigo=3618396<\/td><\/tr><tr><td>Qu\u00edlez, Raquel<\/td><td width=\"364\">De infanta a princesa<\/td><td width=\"176\">EL MUNDO\u00a0<\/td><td>2014<\/td><td width=\"375\">https:\/\/www.elmundo.es\/especiales\/espana\/el-rey\/la-sucesion.html<\/td><\/tr><tr><td>Rabasco Ferreira, Rafael<\/td><td width=\"364\">Protocolo y ceremonial en la presentaci\u00f3n de cartas credenciales, en el ambito de las relaciones diplomaticas<\/td><td width=\"176\">Revista Estudios Institucionales N\u00ba 6<\/td><td>2017<\/td><td width=\"375\">https:\/\/dialnet.unirioja.es\/servlet\/articulo?codigo=6513291<\/td><\/tr><tr><td>Rakotoarison, Sylvain<\/td><td width=\"364\">La premi\u00e8re disparition de Baudouin, monarque moral<\/td><td width=\"176\">AGORA VOX<\/td><td>2018<\/td><td width=\"375\">https:\/\/www.agoravox.fr\/actualites\/europe\/article\/la-premiere-disparition-de-206523<\/td><\/tr><tr><td>Ramos Fernandez, Fernando<\/td><td width=\"364\">Las limitaciones a la libertad de expresi\u00f3n derivadas de la reinstauraci\u00f3n de la monarqu\u00eda en europa<\/td><td width=\"176\">Universidad Coru\u00f1a<\/td><td>2014<\/td><td width=\"375\">https:\/\/dialnet.unirioja.es\/servlet\/tesis?codigo=43790<\/td><\/tr><tr><td>Raul Casta\u00f1o, Sergio<\/td><td width=\"364\">\u00abLa hora de la monarqu\u00eda ha llegado a su fin\u00bb. El problema de la monarqu\u00eda en los textos de Carl Schmitt<\/td><td width=\"176\">Revista de estudios pol\u00edticos<\/td><td>2016<\/td><td width=\"375\">https:\/\/dialnet.unirioja.es\/servlet\/articulo?codigo=5770600<\/td><\/tr><tr><td>Real Castro, Jose<\/td><td width=\"364\">La crisis institucional de la Monarqu\u00eda espa\u00f1ola<\/td><td width=\"176\">Universidad de Sevilla<\/td><td>2014<\/td><td width=\"375\">https:\/\/dialnet.unirioja.es\/servlet\/libro?codigo=565455<\/td><\/tr><tr><td>Ridao, joan<\/td><td width=\"364\">Abdicaci\u00f3n y monarqu\u00eda parlamentaria en la Espa\u00f1a del Sg XXI<\/td><td width=\"176\">Derecho y Cambio Social N\u00ba37<\/td><td>2014<\/td><td width=\"375\">https:\/\/dialnet.unirioja.es\/servlet\/articulo?codigo=4750224<\/td><\/tr><tr><td>Ridgewell, Harry<\/td><td width=\"364\">Republican, monarchist or don\u2019t care? Opposing views on the UK royal family<\/td><td width=\"176\">WikiTribune<\/td><td>2018<\/td><td width=\"375\">https:\/\/www.wikitribune.com\/article\/70375\/<\/td><\/tr><tr><td>Riera, Joan<\/td><td width=\"364\">Pablo Iglesias prepara la exigencia de un refer\u00e9ndum monarqu\u00eda-rep\u00fablica a partir de oto\u00f1o, seg\u00fan podemitas mallorquines<\/td><td width=\"176\">UH Noticias<\/td><td>2018<\/td><td width=\"375\">https:\/\/www.ultimahora.es\/noticias\/local\/2018\/08\/02\/1017247\/pablo-iglesias-prepara-exigencia-referendum-monarquia-republica-partir-otono-segun-podemitas-mallorquines.html<\/td><\/tr><tr><td>Rivera, Rosetti<\/td><td width=\"364\">Fun Fact: Belgium owns world record for longest period without a government<\/td><td width=\"176\">Brussels Express<\/td><td>2018<\/td><td width=\"375\">https:\/\/brussels-express.eu\/fun-fact-belgium-owns-world-record-longest-period-without-government\/<\/td><\/tr><tr><td>Rodriguez Gar\u00eda, Jose Luis<\/td><td width=\"364\">Panfleto contra la monarqu\u00eda. Sobre la inutilidad de los reyes<\/td><td width=\"176\">La esfera de los libros\u00a0<\/td><td>2007<\/td><td width=\"375\">ISBN: 84-9734-580-0<\/td><\/tr><tr><td>Rodriguez Genoves, Fernando<\/td><td width=\"364\">Belgica, modelo de desunion europea<\/td><td width=\"176\">El Catoblepas N\u00ba 170<\/td><td>2016<\/td><td width=\"375\">http:\/\/www.nodulo.org\/ec\/2016\/n170p07.htm<\/td><\/tr><tr><td>Rollnert Liern, G\u00f6ran<\/td><td width=\"364\">La jefatura del Estado: s\u00edmbolo e integraci\u00f3n pol\u00edtica en la constituci\u00f3n vigente<\/td><td width=\"176\">Minim<\/td><td>2002<\/td><td width=\"375\">ISBN: 84-96033-07-4<\/td><\/tr><tr><td>Rollnert Liern, G\u00f6ran<\/td><td width=\"364\">La singularidad de la monarqu\u00eda sueca en el contexto europeo<\/td><td width=\"176\">Revista de Derecho Politico N\u00ba 99<\/td><td>2017<\/td><td width=\"375\">https:\/\/dialnet.unirioja.es\/servlet\/articulo?codigo=6057261<\/td><\/tr><tr><td>Rollnert Liern, G\u00f6ran<\/td><td width=\"364\">Las monarquias europeas en el siglo XXI<\/td><td width=\"176\">Sanz y Torres<\/td><td>2007<\/td><td width=\"375\">ISBN: 978-84-968-02-7<\/td><\/tr><tr><td>Rougi, Fatima<\/td><td width=\"364\">Combien co\u00fbte la famille grand-\u200b\u200bducale?<\/td><td width=\"176\">L&#8217;esentiel Online<\/td><td>2013<\/td><td width=\"375\">http:\/\/www.lessentiel.lu\/fr\/news\/luxembourg\/story\/29122022?nocache=0.22784336756161083&amp;redirect=mobi<\/td><\/tr><tr><td>Royal Central<\/td><td width=\"364\">What Are The Differences Between The British And Dutch Monarchy<\/td><td width=\"176\">Royal Central.co.uk<\/td><td>2013<\/td><td width=\"375\">http:\/\/royalcentral.co.uk\/blogs\/what-are-the-differences-between-the-british-and-dutch-monarchy-6091<\/td><\/tr><tr><td>RTL Info<\/td><td width=\"364\">Grand Barom\u00e8tre: les Belges sont partag\u00e9s sur le Roi Philippe et la monarchie<\/td><td width=\"176\">RTL\u00a0<\/td><td>2018<\/td><td width=\"375\">https:\/\/www.rtl.be\/info\/belgique\/famille-royale\/roi-philippe-famille-royale-belgique-barometre-rtlinfo-video-1042217.aspx<\/td><\/tr><tr><td>Rubio Merino, Antonio<\/td><td width=\"364\">\u00bfTiene sentido ser monarquico?<\/td><td width=\"176\">Mu\u00f1oz Moya, Antonio<\/td><td>2003<\/td><td width=\"375\">ISBN: 84-8010-119-9<\/td><\/tr><tr><td>Ryback, Timothy W.<\/td><td width=\"364\">Race, Colonialism, and the Netherlands\u2019 Golden Coach<\/td><td width=\"176\">New Yorker<\/td><td>2016<\/td><td width=\"375\">https:\/\/www.newyorker.com\/news\/news-desk\/race-colonialism-and-the-netherlands-golden-coach<\/td><\/tr><tr><td>Rychia, Lucie<\/td><td width=\"364\">Every third Dane wishes Queen Margrethe finally retired<\/td><td width=\"176\">CPH Post On line<\/td><td>2016<\/td><td width=\"375\">http:\/\/cphpost.dk\/news\/every-third-dane-wishes-queen-margrethe-finally-retired.html<\/td><\/tr><tr><td>Saint- Girons, Frederic<\/td><td width=\"364\">Las monarquias europeas<\/td><td width=\"176\">Edelvives<\/td><td>1997<\/td><td width=\"375\">ISBN: 84-263-3610-8<\/td><\/tr><tr><td>Sanchez Ferriz, Remedio<\/td><td width=\"364\">La Jefatura del Estado: s\u00edmbolo e integraci\u00f3n pol\u00edtica en la constituci\u00f3n vigente<\/td><td width=\"176\">Revista de Estudios Pol\u00edticos N\u00ba 127<\/td><td>2005<\/td><td width=\"375\">https:\/\/dialnet.unirioja.es\/servlet\/articulo?codigo=1971998<\/td><\/tr><tr><td>Sanchez Navarro, Angel Jose<\/td><td width=\"364\">El papel de la Corona en el nombramiento del primer ministro belga. Un modelo no importable<\/td><td width=\"176\">Teoria y Realidad Constitucional N\u00ba41<\/td><td>2018<\/td><td width=\"375\">https:\/\/dialnet.unirioja.es\/servlet\/articulo?codigo=6438510<\/td><\/tr><tr><td>Sanz, Domingo<\/td><td width=\"364\">La monarqu\u00eda espa\u00f1ola, una enfermedad en mal estado<\/td><td width=\"176\">INFO LIBRE<\/td><td>2018<\/td><td width=\"375\">https:\/\/www.infolibre.es\/noticias\/club_infolibre\/librepensadores\/2018\/08\/07\/la_monarquia_espanola_una_enfermedad_mal_estado_85648_1043.html<\/td><\/tr><tr><td>Schuetze, Christopher F.<\/td><td width=\"364\">How Is Dutch King Like a Cop? Insulting Them Is to Be Treated Equally<\/td><td width=\"176\">The New York Times<\/td><td>2018<\/td><td width=\"375\">https:\/\/www.nytimes.com\/2018\/04\/10\/world\/dutch-bill-insulting-king.html<\/td><\/tr><tr><td>Serra Cristobal, Rosario<\/td><td width=\"364\">Las responsabilidades de un Jefe de Estado<\/td><td width=\"176\">Revista de estudios Politicos N\u00ba 115<\/td><td>2002<\/td><td width=\"375\">https:\/\/dialnet.unirioja.es\/servlet\/articulo?codigo=246166<\/td><\/tr><tr><td>Shawcross, William<\/td><td width=\"364\">The genius of constitutional monarchy<\/td><td width=\"176\">The Spectator<\/td><td>2018<\/td><td width=\"375\">https:\/\/blogs.spectator.co.uk\/2018\/05\/the-genius-of-constitutional-monarchy\/<\/td><\/tr><tr><td>Smakrafnytt- Norway<\/td><td width=\"364\">Norway said no to Grand-Duke\u2019s billions<\/td><td width=\"176\">ECOHZ<\/td><td>2016<\/td><td width=\"375\">https:\/\/www.ecohz.com\/news\/norway-said-no-to-grand-dukes-billions\/<\/td><\/tr><tr><td>Solozabal Echavarr\u00eda, Juan Jose<\/td><td width=\"364\">La problem\u00e1tica constitucional de la formaci\u00f3n del Gobierno y la intervenci\u00f3n del monarca en nuestro r\u00e9gimen parlamentario<\/td><td width=\"176\">Revista espa\u00f1ola de Derecho Constitucional N\u00ba 37<\/td><td>2017<\/td><td width=\"375\">https:\/\/dialnet.unirioja.es\/servlet\/articulo?codigo=5988779<\/td><\/tr><tr><td>Sputnik<\/td><td width=\"364\">King of Norway to Be Deprived of &#8216;His Holiness&#8217;<\/td><td width=\"176\">Sputnik News.com<\/td><td>2018<\/td><td width=\"375\">https:\/\/sputniknews.com\/europe\/201805081064236855-norway-monarchy-holiness\/<\/td><\/tr><tr><td>Sputnik<\/td><td width=\"364\">Reticent Danish Queen Rethinks Islamic Integration<\/td><td width=\"176\">Sputnik News.com<\/td><td>2016<\/td><td width=\"375\">https:\/\/sputniknews.com\/europe\/201610251046703528-danish-queen-immigration-integration-islam\/<\/td><\/tr><tr><td>Sputnik<\/td><td width=\"364\">Unwelcomed Ruler? Swedish Royal Baby Sparks Heated Monarchy Debates<\/td><td width=\"176\">Sputnik News.com<\/td><td>2016<\/td><td width=\"375\">https:\/\/sputniknews.com\/europe\/201603051035822877-sweden-monarchy-protests\/<\/td><\/tr><tr><td>Staunton, Denis<\/td><td width=\"364\">Monarchy in the UK: the royal family&#8217;s uncertain future<\/td><td width=\"176\">The Irish Times<\/td><td>2018<\/td><td width=\"375\">https:\/\/www.irishtimes.com\/news\/world\/uk\/monarchy-in-the-uk-the-royal-family-s-uncertain-future-1.3500174<\/td><\/tr><tr><td>Sterling, Toby<\/td><td width=\"364\">Inauguration, not coronation, and how the Dutch monarchy is (almost) just a job<\/td><td width=\"176\">Times Colonist<\/td><td>2013<\/td><td width=\"375\">https:\/\/www.timescolonist.com\/entertainment\/inauguration-not-coronation-and-how-the-dutch-monarchy-is-almost-just-a-job-1.59027<\/td><\/tr><tr><td>Stinson, Nicole<\/td><td width=\"364\">Commonwealth to decide if Prince Charles will take over from the Queen on FRIDAY<\/td><td width=\"176\">Sunday Express<\/td><td>2018<\/td><td width=\"375\">https:\/\/www.express.co.uk\/news\/royal\/946963\/Queen-Prince-Charles-Commonwealth-Prince-Harry<\/td><\/tr><tr><td>Strauss, Valerie<\/td><td width=\"364\">589 days with no elected government: What happened in Belgium<\/td><td width=\"176\">The Washington Post<\/td><td>2013<\/td><td width=\"375\">https:\/\/www.washingtonpost.com\/news\/answer-sheet\/wp\/2013\/10\/01\/589-days-with-no-elected-government-what-happened-in-belgium\/?noredirect=on&amp;utm_term=.d4d724c49c30<\/td><\/tr><tr><td>Suarez, Alexandra<\/td><td width=\"364\">Why Does England Still Have A Queen? As Elizabeth&#8217;s Health Declines, Constitutional Monarchy Is Scrutinized<\/td><td width=\"176\">International Business Times<\/td><td>2017<\/td><td width=\"375\">https:\/\/www.ibtimes.com\/why-does-england-still-have-queen-elizabeths-health-declines-constitutional-monarchy-2468882<\/td><\/tr><tr><td>Suecia<\/td><td width=\"364\">Government Offices of Sweden- Web<\/td><td width=\"176\">Sweden<\/td><td>2018<\/td><td width=\"375\">https:\/\/www.government.se\/<\/td><\/tr><tr><td>Suecia<\/td><td width=\"364\">Sitio OFICIAL Suecia- Web<\/td><td width=\"176\">Sweden<\/td><td>2018<\/td><td width=\"375\">https:\/\/sweden.se\/<\/td><\/tr><tr><td>Suecia<\/td><td width=\"364\">Sveriges Kungahus- Web<\/td><td width=\"176\">Sweden<\/td><td>2018<\/td><td width=\"375\">https:\/\/www.kungahuset.se\/<\/td><\/tr><tr><td>Suecia<\/td><td width=\"364\">Sveriges Riksdag- Web<\/td><td width=\"176\">Sweden<\/td><td>2018<\/td><td width=\"375\">http:\/\/www.riksdagen.se\/en\/<\/td><\/tr><tr><td>Swedish Radio<\/td><td width=\"364\">The King of Sweden: should he stay or should he go?<\/td><td width=\"176\">UP North.eu<\/td><td>2016<\/td><td width=\"375\">https:\/\/upnorth.eu\/the-king-of-sweden-should-he-stay-or-should-he-go\/<\/td><\/tr><tr><td>Tagliabue, John<\/td><td width=\"364\">Waves of Change Splash Landlocked Luxembourg<\/td><td width=\"176\">The New York Times<\/td><td>2009<\/td><td width=\"375\">https:\/\/www.nytimes.com\/2009\/04\/08\/world\/europe\/08luxembourg.html<\/td><\/tr><tr><td>Tatchell, Peter<\/td><td width=\"364\">The royal family isn\u2019t racist \u2013 but the monarchy is<\/td><td width=\"176\">The Spectator<\/td><td>2017<\/td><td width=\"375\">https:\/\/blogs.spectator.co.uk\/2017\/11\/the-royal-family-isnt-racist-but-the-monarchy-is\/<\/td><\/tr><tr><td>Teruel Lozano, Germ\u00e1n<\/td><td width=\"364\">La regulaci\u00f3n constitucional de la investidura del Presidente del Gobierno ante un nuevo escenario pol\u00edtico<\/td><td width=\"176\">Revista general de Derecho Constitucional N\u00ba 25<\/td><td>2017<\/td><td width=\"375\">ISSN\u00a01886-6212<\/td><\/tr><tr><td>The Economist<\/td><td width=\"364\">The monarchy is at its strongest in years, unlike the government<\/td><td width=\"176\">The Economist<\/td><td>2018<\/td><td width=\"375\">https:\/\/www.economist.com\/britain\/2018\/05\/19\/the-monarchy-is-at-its-strongest-in-years-unlike-the-government<\/td><\/tr><tr><td>The local<\/td><td width=\"364\">King Carl XVI Gustaf now Sweden&#8217;s longest-reigning monarch<\/td><td width=\"176\">The local.se<\/td><td>2018<\/td><td width=\"375\">https:\/\/www.thelocal.se\/20180426\/king-carl-xvi-gustaf-now-swedens-longest-reigning-monarch<\/td><\/tr><tr><td>The local<\/td><td width=\"364\">Queen Margrethe: Denmark &#8216;not a multicultural country&#8217;<\/td><td width=\"176\">The local.dk<\/td><td>2016<\/td><td width=\"375\">https:\/\/www.thelocal.dk\/20161004\/queen-margrethe-denmark-not-a-multicultural-country<\/td><\/tr><tr><td>The Telegraph<\/td><td width=\"364\">&#8216;Less than half of Sweden supports monarchy&#8217;<\/td><td width=\"176\">The Telegraph<\/td><td>2010<\/td><td width=\"375\">https:\/\/www.telegraph.co.uk\/news\/worldnews\/europe\/sweden\/7839342\/Less-than-half-of-Sweden-supports-monarchy.html<\/td><\/tr><tr><td>Torres del Moral, Antonio<\/td><td width=\"364\">40 a\u00f1os de Monarqu\u00eda parlamentaria, Balance<\/td><td width=\"176\">Revista de derecho pol\u00edtico, UNED N\u00ba 101<\/td><td>2018<\/td><td width=\"375\">http:\/\/revistas.uned.es\/index.php\/derechopolitico\/article\/viewFile\/21950\/17943<\/td><\/tr><tr><td>Torres del Moral, Antonio<\/td><td width=\"364\">Concepci\u00f3n pansimbolista de la monarqu\u00eda parlamentaria<\/td><td width=\"176\">Corts. Anuario de derecho parlamentario N\u00ba 15<\/td><td>2004<\/td><td width=\"375\">https:\/\/dialnet.unirioja.es\/servlet\/articulo?codigo=1064929<\/td><\/tr><tr><td>Torres del Moral, Antonio<\/td><td width=\"364\">En torno a la abdicaci\u00f3n de la corona<\/td><td width=\"176\">Revista espa\u00f1ola de derecho constitucional N\u00ba 34<\/td><td>2014<\/td><td width=\"375\">https:\/\/dialnet.unirioja.es\/servlet\/articulo?codigo=4916265<\/td><\/tr><tr><td>Torres del Moral, Antonio<\/td><td width=\"364\">Estudios sobre la Monarqu\u00eda<\/td><td width=\"176\">UNED<\/td><td>2005<\/td><td width=\"375\">ISBN: 84-362-3253-4<\/td><\/tr><tr><td>Torres del Moral, Antonio<\/td><td width=\"364\">Monarqu\u00eda y Constituci\u00f3n<\/td><td width=\"176\">COLEX<\/td><td>2001<\/td><td width=\"375\">ISBN: 84-7879-610-X<\/td><\/tr><tr><td>Torres Muro, Ignacio<\/td><td width=\"364\">La reforma del procedimiento ordinario de nombramiento del presidente del gobierno<\/td><td width=\"176\">Teoria y realidad constitucional<\/td><td>2012<\/td><td width=\"375\">https:\/\/dialnet.unirioja.es\/servlet\/articulo?codigo=4097822<\/td><\/tr><tr><td>Toute l&#8217;europe<\/td><td width=\"364\">Quelles sont les 7 monarchies de l&#8217;Union europ\u00e9enne ?<\/td><td width=\"176\">Toute l&#8217;Europe<\/td><td>2018<\/td><td width=\"375\">https:\/\/www.touteleurope.eu\/actualite\/quelles-sont-les-7-monarchies-de-l-union-europeenne.html<\/td><\/tr><tr><td>Tree, Matthew<\/td><td width=\"364\">Contra la Monarqu\u00eda<\/td><td width=\"176\">\u00a0Ara Llibres<\/td><td>2004<\/td><td width=\"375\">ISBN: 84-96201-19-8<\/td><\/tr><tr><td>Tremending<\/td><td width=\"364\">El discurso viral del rey de Noruega que da una lecci\u00f3n sobre tolerancia<\/td><td width=\"176\">PUBLICO<\/td><td>2017<\/td><td width=\"375\">https:\/\/www.publico.es\/tremending\/2017\/10\/12\/twitter-el-discurso-viral-del-rey-de-noruega-que-da-una-leccion-sobre-tolerancia\/<\/td><\/tr><tr><td>Tyrrill, Sophie<\/td><td width=\"364\">Is there a place for a monarchy in modern society?<\/td><td width=\"176\">Blasting News<\/td><td>2018<\/td><td width=\"375\">https:\/\/uk.blastingnews.com\/opinion\/2018\/02\/is-there-a-place-for-a-monarchy-in-modern-society-002362161.html<\/td><\/tr><tr><td>Ubriola, Fermin JU.<\/td><td width=\"364\">Carlos Gustavo de Suecia, un rey enfadado con los medios que pierde apoyo ciudadano<\/td><td width=\"176\">EL CONFIDENCIAL<\/td><td>2016<\/td><td width=\"375\"><a href=\"https:\/\/www.vanitatis.elconfidencial.com\/casas-reales\/2016-04-30\/carlos-xvi-gustavo-de-suecia-rey-enfadado-con-los-medios-que-pierde-apoyo-ciudadano_1192608\/\">https:\/\/www.vanitatis.elconfidencial.com\/casas-reales\/2016-04-30\/carlos-xvi-gustavo-de-suecia-rey-enfadado-con-los-medios-que-pierde-apoyo-ciudadano_1192608\/<\/a><\/td><\/tr><tr><td>UK<\/td><td width=\"364\">Government UK- Web<\/td><td width=\"176\">UK<\/td><td>2018<\/td><td width=\"375\">https:\/\/www.gov.uk\/<\/td><\/tr><tr><td>UK<\/td><td width=\"364\">Legislation Government- Web<\/td><td width=\"176\">UK<\/td><td>2018<\/td><td width=\"375\">http:\/\/www.legislation.gov.uk\/<\/td><\/tr><tr><td>UK<\/td><td width=\"364\">Parliament UK &#8211; Web<\/td><td width=\"176\">UK<\/td><td>2018<\/td><td width=\"375\">https:\/\/www.parliament.uk\/<\/td><\/tr><tr><td>UK<\/td><td width=\"364\">Royal Family- Web<\/td><td width=\"176\">UK<\/td><td>2018<\/td><td width=\"375\">https:\/\/www.royal.uk\/<\/td><\/tr><tr><td>US. Department of State<\/td><td width=\"364\">Background Note: Holy See<\/td><td width=\"176\">USA Governmente<\/td><td>2018<\/td><td width=\"375\">https:\/\/2001-2009.state.gov\/r\/pa\/ei\/bgn\/3819.htm<\/td><\/tr><tr><td>V.d.W<\/td><td width=\"364\">Etats d&#8217;\u00e2me avec St\u00e9phane Bern: \u00abLa monarchie, c&#8217;est le meilleur des syst\u00e8mes\u00bb<\/td><td width=\"176\">La Libre.be<\/td><td>2017<\/td><td width=\"375\">http:\/\/www.lalibre.be\/debats\/opinions\/etats-d-ame-avec-stephane-bern-la-monarchie-c-est-le-meilleur-des-systemes-596f8099cd70d65d24dc76f3<\/td><\/tr><tr><td>Valverde, N.<\/td><td width=\"364\">Las promesas de transparencia y renovaci\u00f3n de Felipe VI caen en saco roto<\/td><td width=\"176\">PUBLICO<\/td><td>2018<\/td><td width=\"375\">https:\/\/www.publico.es\/politica\/monarquia-promesas-transparencia-renovacion-felipe-vi-caen-saco-roto.html<\/td><\/tr><tr><td>Vanity Fair<\/td><td width=\"364\">Una granja, un chalet y un palacio: las tres residencias de verano de la familia real noruega<\/td><td width=\"176\">Vanity Fair<\/td><td>2018<\/td><td width=\"375\">https:\/\/www.revistavanityfair.es\/realeza\/articulos\/palacio-verano-familia-real-noruega-mette-marit\/32451<\/td><\/tr><tr><td>Varela Suanzes- Carpegna, Joaquin<\/td><td width=\"364\">La monarquia en la Historia constitucional espa\u00f1ola<\/td><td width=\"176\">Revista de derecho politico N\u00ba 101<\/td><td>2018<\/td><td width=\"375\">https:\/\/dialnet.unirioja.es\/servlet\/articulo?codigo=6394826<\/td><\/tr><tr><td>Vatican.com<\/td><td width=\"364\">The Vatican&#8217;s government<\/td><td width=\"176\">Vatican.com<\/td><td>2018<\/td><td width=\"375\">https:\/\/vatican.com\/The-Vaticans-government\/<\/td><\/tr><tr><td>Vaticano<\/td><td width=\"364\">Vatican City State<\/td><td width=\"176\">Vaticano<\/td><td>2018<\/td><td width=\"375\">http:\/\/www.vaticanstate.va\/content\/vaticanstate\/en.html<\/td><\/tr><tr><td>Veenendaal, Wouter<\/td><td width=\"364\">The curious case of Liechtenstein: A country caught between a prince and democracy<\/td><td width=\"176\">London School of Economics and Political Science<\/td><td>2017<\/td><td width=\"375\">http:\/\/blogs.lse.ac.uk\/europpblog\/2017\/01\/30\/the-curious-case-of-liechtenstein\/<\/td><\/tr><tr><td>Villanueva Turnes, Alejandro<\/td><td width=\"364\">El nombramiento ordinario del presidente del Gobierno en Espa\u00f1a<\/td><td width=\"176\">Revista de derecho electoral N\u00ba23<\/td><td>2017<\/td><td width=\"375\">https:\/\/dialnet.unirioja.es\/servlet\/articulo?codigo=5861320<\/td><\/tr><tr><td>Waterfield, Bruno<\/td><td width=\"364\">Dutch royal family &#8216;overtake Britain&#8217;s as most expensive in Europe&#8217;<\/td><td width=\"176\">The Telegraph<\/td><td>2012<\/td><td width=\"375\">https:\/\/www.telegraph.co.uk\/news\/uknews\/theroyalfamily\/9412600\/Dutch-royal-family-overtake-Britains-as-most-expensive-in-Europe.html<\/td><\/tr><tr><td>Westerman, Max<\/td><td width=\"364\">It&#8217;s 2013. Abolish the Dutch Monarchy.<\/td><td width=\"176\">Wall Street Journal<\/td><td>2013<\/td><td width=\"375\">https:\/\/www.wsj.com\/articles\/SB10001424127887323646604578400051097680538<\/td><\/tr><tr><td>Wikiwand<\/td><td width=\"364\">Henri, Grand duke of Luxembourg<\/td><td width=\"176\">Wikiwand<\/td><td>2018<\/td><td width=\"375\">http:\/\/www.wikiwand.com\/en\/Henri,_Grand_Duke_of_Luxembourg<\/td><\/tr><\/tbody><\/table>\t\t\t\t\t\t<\/div>\n\t\t\t\t<\/div>\n\t\t\t\t\t<\/div>\n\t\t<\/div>\n\t\t\t\t\t\t\t<\/div>\n\t\t<\/section>\n\t\t\t\t\t\t\t<\/div>\n\t\t","protected":false},"excerpt":{"rendered":"<p>Monarqu\u00eda Comparada- 5. Bibliograf\u00eda Esencial Alzaga Villaamil, O. (2006). (Dir.) Comentarios a la Constituci\u00f3n Espa\u00f1ola. Edersa. Constituci\u00f3n Espa\u00f1ola- Trabajos Parlamentarios.<\/p>\n","protected":false},"author":1,"featured_media":2035,"comment_status":"closed","ping_status":"closed","sticky":false,"template":"","format":"standard","meta":{"colormag_page_layout":"no_sidebar_full_width","footnotes":""},"categories":[61],"tags":[58],"class_list":["post-2139","post","type-post","status-publish","format-standard","has-post-thumbnail","hentry","category-corona-comparada","tag-monarquia"],"_links":{"self":[{"href":"https:\/\/www.jesusprieto.es\/index.php\/wp-json\/wp\/v2\/posts\/2139","targetHints":{"allow":["GET"]}}],"collection":[{"href":"https:\/\/www.jesusprieto.es\/index.php\/wp-json\/wp\/v2\/posts"}],"about":[{"href":"https:\/\/www.jesusprieto.es\/index.php\/wp-json\/wp\/v2\/types\/post"}],"author":[{"embeddable":true,"href":"https:\/\/www.jesusprieto.es\/index.php\/wp-json\/wp\/v2\/users\/1"}],"replies":[{"embeddable":true,"href":"https:\/\/www.jesusprieto.es\/index.php\/wp-json\/wp\/v2\/comments?post=2139"}],"version-history":[{"count":4,"href":"https:\/\/www.jesusprieto.es\/index.php\/wp-json\/wp\/v2\/posts\/2139\/revisions"}],"predecessor-version":[{"id":2143,"href":"https:\/\/www.jesusprieto.es\/index.php\/wp-json\/wp\/v2\/posts\/2139\/revisions\/2143"}],"wp:featuredmedia":[{"embeddable":true,"href":"https:\/\/www.jesusprieto.es\/index.php\/wp-json\/wp\/v2\/media\/2035"}],"wp:attachment":[{"href":"https:\/\/www.jesusprieto.es\/index.php\/wp-json\/wp\/v2\/media?parent=2139"}],"wp:term":[{"taxonomy":"category","embeddable":true,"href":"https:\/\/www.jesusprieto.es\/index.php\/wp-json\/wp\/v2\/categories?post=2139"},{"taxonomy":"post_tag","embeddable":true,"href":"https:\/\/www.jesusprieto.es\/index.php\/wp-json\/wp\/v2\/tags?post=2139"}],"curies":[{"name":"wp","href":"https:\/\/api.w.org\/{rel}","templated":true}]}}