{"id":2106,"date":"2019-05-12T06:39:52","date_gmt":"2019-05-12T06:39:52","guid":{"rendered":"http:\/\/www.jesusprieto.es\/?p=2106"},"modified":"2021-03-23T20:15:23","modified_gmt":"2021-03-23T20:15:23","slug":"monarquia-comparada-2-i-el-monarca-y-la-organizacion-territorial","status":"publish","type":"post","link":"https:\/\/www.jesusprieto.es\/index.php\/2019\/05\/12\/monarquia-comparada-2-i-el-monarca-y-la-organizacion-territorial\/","title":{"rendered":"Monarqu\u00eda Comparada- 2. i- El monarca y la organizaci\u00f3n territorial"},"content":{"rendered":"\t\t<div data-elementor-type=\"wp-post\" data-elementor-id=\"2106\" class=\"elementor elementor-2106\">\n\t\t\t\t\t\t\t\t\t<section class=\"elementor-section elementor-top-section elementor-element elementor-element-597307b elementor-section-boxed elementor-section-height-default elementor-section-height-default\" data-id=\"597307b\" data-element_type=\"section\">\n\t\t\t\t\t\t<div class=\"elementor-container elementor-column-gap-default\">\n\t\t\t\t\t<div class=\"elementor-column elementor-col-100 elementor-top-column elementor-element elementor-element-c6d1b1c\" data-id=\"c6d1b1c\" data-element_type=\"column\">\n\t\t\t<div class=\"elementor-widget-wrap elementor-element-populated\">\n\t\t\t\t\t\t\t\t<div class=\"elementor-element elementor-element-95e7f81 elementor-widget elementor-widget-heading\" data-id=\"95e7f81\" data-element_type=\"widget\" data-widget_type=\"heading.default\">\n\t\t\t\t<div class=\"elementor-widget-container\">\n\t\t\t<h2 class=\"elementor-heading-title elementor-size-default\">Monarqu\u00eda Comparada- 2. i- El monarca y la organizaci\u00f3n territorial<\/h2>\t\t<\/div>\n\t\t\t\t<\/div>\n\t\t\t\t\t<\/div>\n\t\t<\/div>\n\t\t\t\t\t\t\t<\/div>\n\t\t<\/section>\n\t\t\t\t<section class=\"elementor-section elementor-top-section elementor-element elementor-element-f74f034 elementor-section-boxed elementor-section-height-default elementor-section-height-default\" data-id=\"f74f034\" data-element_type=\"section\">\n\t\t\t\t\t\t<div class=\"elementor-container elementor-column-gap-default\">\n\t\t\t\t\t<div class=\"elementor-column elementor-col-100 elementor-top-column elementor-element elementor-element-a4b4058\" data-id=\"a4b4058\" data-element_type=\"column\">\n\t\t\t<div class=\"elementor-widget-wrap elementor-element-populated\">\n\t\t\t\t\t\t\t\t<div class=\"elementor-element elementor-element-c654072 elementor-widget elementor-widget-text-editor\" data-id=\"c654072\" data-element_type=\"widget\" data-widget_type=\"text-editor.default\">\n\t\t\t\t<div class=\"elementor-widget-container\">\n\t\t\t\t\t\t\t<p>Refiri\u00e9ndonos a la organizaci\u00f3n territorial, la \u00fanica competencia directa que la Constituci\u00f3n espa\u00f1ola atribuye al Rey es el nombramiento del presidente de los diferentes consejos de gobierno, una vez estos son elegidos por sus respectivas asambleas. Se ha discutido mucho en la doctrina respecto a la posici\u00f3n del monarca en relaci\u00f3n al mandato gen\u00e9rico del art\u00edculo 2 que establece la \u201c<em>indisoluble unidad de la Naci\u00f3n espa\u00f1ola\u201d <\/em>a la vez que <em>\u201creconoce y garantiza el derecho a la autonom\u00eda de las nacionalidades y regiones que la integran y la solidaridad entre todas ellas\u201d, <\/em>y en relaci\u00f3n a su papel como <em>\u201cs\u00edmbolo de su unidad [del Estado] y permanencia\u201d <\/em>que indica el 56.1. Algunos han visto tambi\u00e9n en el art\u00edculo 57.1 y su alocuci\u00f3n al Rey como <em>\u201cleg\u00edtimo heredero de la dinast\u00eda hist\u00f3rica\u201d <\/em>o el 56.2 donde expone que <em>\u201csu t\u00edtulo es el de Rey de Espa\u00f1a y podr\u00e1 utilizar los dem\u00e1s que correspondan a la Corona\u201d <\/em>como \u00e1mbitos donde desplegar atribuciones ulteriores respecto a la organizaci\u00f3n territorial del Estado.<\/p><p>En todo caso, es evidente que otros ordenamientos europeos s\u00ed establecen con mayor claridad competencias en materia de organizaci\u00f3n territorial por parte del monarca. El ejemplo hist\u00f3rico m\u00e1s claro es el brit\u00e1nico, con una monarqu\u00eda que aun se rige mediante el Act of Union de 1707 que modific\u00f3 una situaci\u00f3n de unidad de reinos donde la corona era el \u00fanico v\u00ednculo entre ellos. Posteriormente la regulaci\u00f3n de la Commonwealth le ha otorgado un claro papel en la materia. El caso dan\u00e9s tambi\u00e9n es paradigm\u00e1tico, con la situaci\u00f3n de pr\u00e1ctica independencia de Groenlandia donde la corona se ha convertido en el \u00fanico v\u00ednculo compartido. Por \u00faltimo, el caso belga se ha convertido, sobre todo tras la reforma federalista de 1993, en el mayor ejemplo de competencias reales respecto a la organizaci\u00f3n territorial. Ahora mismo el \u201cRey de los belgas\u201d desarrolla un claro papel simb\u00f3lico de moderaci\u00f3n entre las distintas comunidades, discutido sobre todo entre los flamencos por alguna toma de partido por parte de Alberto II.<\/p>\t\t\t\t\t\t<\/div>\n\t\t\t\t<\/div>\n\t\t\t\t\t<\/div>\n\t\t<\/div>\n\t\t\t\t\t\t\t<\/div>\n\t\t<\/section>\n\t\t\t\t\t\t\t<\/div>\n\t\t","protected":false},"excerpt":{"rendered":"<p>Monarqu\u00eda Comparada- 2. i- El monarca y la organizaci\u00f3n territorial Refiri\u00e9ndonos a la organizaci\u00f3n territorial, la \u00fanica competencia directa que<\/p>\n","protected":false},"author":1,"featured_media":2107,"comment_status":"closed","ping_status":"closed","sticky":false,"template":"","format":"standard","meta":{"colormag_page_layout":"no_sidebar_full_width","footnotes":""},"categories":[61],"tags":[58],"class_list":["post-2106","post","type-post","status-publish","format-standard","has-post-thumbnail","hentry","category-corona-comparada","tag-monarquia"],"_links":{"self":[{"href":"https:\/\/www.jesusprieto.es\/index.php\/wp-json\/wp\/v2\/posts\/2106","targetHints":{"allow":["GET"]}}],"collection":[{"href":"https:\/\/www.jesusprieto.es\/index.php\/wp-json\/wp\/v2\/posts"}],"about":[{"href":"https:\/\/www.jesusprieto.es\/index.php\/wp-json\/wp\/v2\/types\/post"}],"author":[{"embeddable":true,"href":"https:\/\/www.jesusprieto.es\/index.php\/wp-json\/wp\/v2\/users\/1"}],"replies":[{"embeddable":true,"href":"https:\/\/www.jesusprieto.es\/index.php\/wp-json\/wp\/v2\/comments?post=2106"}],"version-history":[{"count":4,"href":"https:\/\/www.jesusprieto.es\/index.php\/wp-json\/wp\/v2\/posts\/2106\/revisions"}],"predecessor-version":[{"id":2111,"href":"https:\/\/www.jesusprieto.es\/index.php\/wp-json\/wp\/v2\/posts\/2106\/revisions\/2111"}],"wp:featuredmedia":[{"embeddable":true,"href":"https:\/\/www.jesusprieto.es\/index.php\/wp-json\/wp\/v2\/media\/2107"}],"wp:attachment":[{"href":"https:\/\/www.jesusprieto.es\/index.php\/wp-json\/wp\/v2\/media?parent=2106"}],"wp:term":[{"taxonomy":"category","embeddable":true,"href":"https:\/\/www.jesusprieto.es\/index.php\/wp-json\/wp\/v2\/categories?post=2106"},{"taxonomy":"post_tag","embeddable":true,"href":"https:\/\/www.jesusprieto.es\/index.php\/wp-json\/wp\/v2\/tags?post=2106"}],"curies":[{"name":"wp","href":"https:\/\/api.w.org\/{rel}","templated":true}]}}