{"id":2095,"date":"2019-05-12T08:34:57","date_gmt":"2019-05-12T08:34:57","guid":{"rendered":"http:\/\/www.jesusprieto.es\/?p=2095"},"modified":"2021-03-23T20:15:12","modified_gmt":"2021-03-23T20:15:12","slug":"monarquia-comparada-2-g-fuerzas-armadas-y-seguridad","status":"publish","type":"post","link":"https:\/\/www.jesusprieto.es\/index.php\/2019\/05\/12\/monarquia-comparada-2-g-fuerzas-armadas-y-seguridad\/","title":{"rendered":"Monarqu\u00eda Comparada- 2. g- Fuerzas Armadas y Seguridad"},"content":{"rendered":"\t\t<div data-elementor-type=\"wp-post\" data-elementor-id=\"2095\" class=\"elementor elementor-2095\">\n\t\t\t\t\t\t\t\t\t<section class=\"elementor-section elementor-top-section elementor-element elementor-element-0c9519f elementor-section-boxed elementor-section-height-default elementor-section-height-default\" data-id=\"0c9519f\" data-element_type=\"section\">\n\t\t\t\t\t\t<div class=\"elementor-container elementor-column-gap-default\">\n\t\t\t\t\t<div class=\"elementor-column elementor-col-100 elementor-top-column elementor-element elementor-element-43fe944\" data-id=\"43fe944\" data-element_type=\"column\">\n\t\t\t<div class=\"elementor-widget-wrap elementor-element-populated\">\n\t\t\t\t\t\t\t\t<div class=\"elementor-element elementor-element-e97a734 elementor-widget elementor-widget-heading\" data-id=\"e97a734\" data-element_type=\"widget\" data-widget_type=\"heading.default\">\n\t\t\t\t<div class=\"elementor-widget-container\">\n\t\t\t<h2 class=\"elementor-heading-title elementor-size-default\">Monarqu\u00eda Comparada- 2. g- Fuerzas Armadas y Defensa<\/h2>\t\t<\/div>\n\t\t\t\t<\/div>\n\t\t\t\t\t<\/div>\n\t\t<\/div>\n\t\t\t\t\t\t\t<\/div>\n\t\t<\/section>\n\t\t\t\t<section class=\"elementor-section elementor-top-section elementor-element elementor-element-42e7bbd elementor-section-boxed elementor-section-height-default elementor-section-height-default\" data-id=\"42e7bbd\" data-element_type=\"section\">\n\t\t\t\t\t\t<div class=\"elementor-container elementor-column-gap-default\">\n\t\t\t\t\t<div class=\"elementor-column elementor-col-100 elementor-top-column elementor-element elementor-element-9fefea6\" data-id=\"9fefea6\" data-element_type=\"column\">\n\t\t\t<div class=\"elementor-widget-wrap elementor-element-populated\">\n\t\t\t\t\t\t\t\t<div class=\"elementor-element elementor-element-cbdffa2 elementor-widget elementor-widget-text-editor\" data-id=\"cbdffa2\" data-element_type=\"widget\" data-widget_type=\"text-editor.default\">\n\t\t\t\t<div class=\"elementor-widget-container\">\n\t\t\t\t\t\t\t<p>Una de las competencias reales m\u00e1s controvertidas durante la elaboraci\u00f3n de la Constituci\u00f3n espa\u00f1ola de 1978 fue la que le otorga el 62.h): \u201c<em>el mando supremo de las Fuerzas Armadas\u201d. <\/em>As\u00ed mismo el 63.3 enuncia que <em>\u201cal Rey, corresponde, previa autorizaci\u00f3n de las Cortes Generales, declarar la guerra y hacer la paz\u201d.<\/em><\/p><p>Pero es habitual tambi\u00e9n en el resto de monarqu\u00edas europeas atribuir al jefe de estado esta titularidad de las Fuerzas Armadas: aparece como \u201cmando\u201d en B\u00e9lgica y Luxemburgo, confiriendo tambi\u00e9n las \u00f3rdenes militares y grados en el ej\u00e9rcito, declarando paz y guerra con el consentimiento de las c\u00e1maras. En Noruega tambi\u00e9n declara guerra y paz, siendo \u201ccomandante en jefe\u201d y pudiendo \u201c<em>movilizar tropas, declarar hostilidades en defensa del reino y pactar la paz\u201d; <\/em>la reina brit\u00e1nica tambi\u00e9n es \u201ccomandante en jefe de sus ej\u00e9rcitos\u201d y debe declarar tanto la guerra como la paz. Luxemburgo tambi\u00e9n establece que el Gran Duque \u201c<em>comanda la fuerza armada<\/em>\u201d y declara guerra y paz tras autorizaci\u00f3n de la c\u00e1mara. Dinamarca no atribuye el mando de las Fuerzas Armadas a la reina y establece que en cualquier medida de defensa la reina no podr\u00e1 actuar sin consentimiento del Folketing. Los Pa\u00edses Bajos y Suecia atribuyen la direcci\u00f3n del ejercito directamente al gobierno y las declaraciones al Parlamento. Suecia no solo no le atribuye ninguna competencia en la materia, sino que incluso establece la obligaci\u00f3n de que en caso de conflicto armado el Rey acompa\u00f1e al gobierno.<\/p>\t\t\t\t\t\t<\/div>\n\t\t\t\t<\/div>\n\t\t\t\t\t<\/div>\n\t\t<\/div>\n\t\t\t\t\t\t\t<\/div>\n\t\t<\/section>\n\t\t\t\t\t\t\t<\/div>\n\t\t","protected":false},"excerpt":{"rendered":"<p>Monarqu\u00eda Comparada- 2. g- Fuerzas Armadas y Defensa Una de las competencias reales m\u00e1s controvertidas durante la elaboraci\u00f3n de la<\/p>\n","protected":false},"author":1,"featured_media":2036,"comment_status":"closed","ping_status":"closed","sticky":false,"template":"","format":"standard","meta":{"colormag_page_layout":"no_sidebar_full_width","footnotes":""},"categories":[61],"tags":[58],"class_list":["post-2095","post","type-post","status-publish","format-standard","has-post-thumbnail","hentry","category-corona-comparada","tag-monarquia"],"_links":{"self":[{"href":"https:\/\/www.jesusprieto.es\/index.php\/wp-json\/wp\/v2\/posts\/2095","targetHints":{"allow":["GET"]}}],"collection":[{"href":"https:\/\/www.jesusprieto.es\/index.php\/wp-json\/wp\/v2\/posts"}],"about":[{"href":"https:\/\/www.jesusprieto.es\/index.php\/wp-json\/wp\/v2\/types\/post"}],"author":[{"embeddable":true,"href":"https:\/\/www.jesusprieto.es\/index.php\/wp-json\/wp\/v2\/users\/1"}],"replies":[{"embeddable":true,"href":"https:\/\/www.jesusprieto.es\/index.php\/wp-json\/wp\/v2\/comments?post=2095"}],"version-history":[{"count":4,"href":"https:\/\/www.jesusprieto.es\/index.php\/wp-json\/wp\/v2\/posts\/2095\/revisions"}],"predecessor-version":[{"id":2099,"href":"https:\/\/www.jesusprieto.es\/index.php\/wp-json\/wp\/v2\/posts\/2095\/revisions\/2099"}],"wp:featuredmedia":[{"embeddable":true,"href":"https:\/\/www.jesusprieto.es\/index.php\/wp-json\/wp\/v2\/media\/2036"}],"wp:attachment":[{"href":"https:\/\/www.jesusprieto.es\/index.php\/wp-json\/wp\/v2\/media?parent=2095"}],"wp:term":[{"taxonomy":"category","embeddable":true,"href":"https:\/\/www.jesusprieto.es\/index.php\/wp-json\/wp\/v2\/categories?post=2095"},{"taxonomy":"post_tag","embeddable":true,"href":"https:\/\/www.jesusprieto.es\/index.php\/wp-json\/wp\/v2\/tags?post=2095"}],"curies":[{"name":"wp","href":"https:\/\/api.w.org\/{rel}","templated":true}]}}