{"id":2059,"date":"2019-05-12T14:17:13","date_gmt":"2019-05-12T14:17:13","guid":{"rendered":"http:\/\/www.jesusprieto.es\/?p=2059"},"modified":"2021-03-23T20:14:06","modified_gmt":"2021-03-23T20:14:06","slug":"monarquia-comparada-2-a-monarquia-parlamentaria-y-soberania","status":"publish","type":"post","link":"https:\/\/www.jesusprieto.es\/index.php\/2019\/05\/12\/monarquia-comparada-2-a-monarquia-parlamentaria-y-soberania\/","title":{"rendered":"Monarqu\u00eda Comparada- 2. a- Monarqu\u00eda Parlamentaria y Soberan\u00eda"},"content":{"rendered":"\t\t<div data-elementor-type=\"wp-post\" data-elementor-id=\"2059\" class=\"elementor elementor-2059\">\n\t\t\t\t\t\t\t\t\t<section class=\"elementor-section elementor-top-section elementor-element elementor-element-0464589 elementor-section-boxed elementor-section-height-default elementor-section-height-default\" data-id=\"0464589\" data-element_type=\"section\">\n\t\t\t\t\t\t<div class=\"elementor-container elementor-column-gap-default\">\n\t\t\t\t\t<div class=\"elementor-column elementor-col-100 elementor-top-column elementor-element elementor-element-713762d\" data-id=\"713762d\" data-element_type=\"column\">\n\t\t\t<div class=\"elementor-widget-wrap elementor-element-populated\">\n\t\t\t\t\t\t\t\t<div class=\"elementor-element elementor-element-294786b elementor-widget elementor-widget-heading\" data-id=\"294786b\" data-element_type=\"widget\" data-widget_type=\"heading.default\">\n\t\t\t\t<div class=\"elementor-widget-container\">\n\t\t\t<h2 class=\"elementor-heading-title elementor-size-default\">Monarqu\u00eda Comparada- 2. a- Monarqu\u00eda Parlamentaria y Soberan\u00eda<\/h2>\t\t<\/div>\n\t\t\t\t<\/div>\n\t\t\t\t\t<\/div>\n\t\t<\/div>\n\t\t\t\t\t\t\t<\/div>\n\t\t<\/section>\n\t\t\t\t<section class=\"elementor-section elementor-top-section elementor-element elementor-element-a32053f elementor-section-boxed elementor-section-height-default elementor-section-height-default\" data-id=\"a32053f\" data-element_type=\"section\">\n\t\t\t\t\t\t<div class=\"elementor-container elementor-column-gap-default\">\n\t\t\t\t\t<div class=\"elementor-column elementor-col-100 elementor-top-column elementor-element elementor-element-d8cbd2a\" data-id=\"d8cbd2a\" data-element_type=\"column\">\n\t\t\t<div class=\"elementor-widget-wrap elementor-element-populated\">\n\t\t\t\t\t\t\t\t<div class=\"elementor-element elementor-element-b330bb9 elementor-widget elementor-widget-text-editor\" data-id=\"b330bb9\" data-element_type=\"widget\" data-widget_type=\"text-editor.default\">\n\t\t\t\t<div class=\"elementor-widget-container\">\n\t\t\t\t\t\t\t<p>Los constituyentes del 78 decidieron el concepto \u201cMonarqu\u00eda Parlamentaria\u201d para definir nuestro sistema en el art\u00edculo 1.3., t\u00e9rmino inspirado claramente en la tradici\u00f3n brit\u00e1nica, si bien esta misma no se denomina as\u00ed en ning\u00fan sitio. La norma espa\u00f1ola era la \u00fanica que defin\u00eda as\u00ed su sistema pol\u00edtico hasta la reforma luxemburguesa de 1998. Se evit\u00f3 el t\u00e9rmino \u201cMonarqu\u00eda Constitucional\u201d que aparece en la norma de Dinamarca, as\u00ed como el de \u201cMonarqu\u00eda limitada\u201d del noruego, seg\u00fan los constituyentes por los referentes hist\u00f3ricos que ambos t\u00e9rminos pudieran denotar, sobre todo respecto al tradicional componente doctrinario que ambos hab\u00edan tenido en la historia constitucional de Espa\u00f1a.<\/p><p>Exceptuando el caso brit\u00e1nico donde \u201c<em>la corona en sentido amplio equivale al Estado\u201d<sup>5<\/sup><\/em>, otras coronas europeas no definen en su constituci\u00f3n su sistema pol\u00edtico como \u201cMonarqu\u00eda\u201d. Es el caso de B\u00e9lgica, los Pa\u00edses Bajos, o Suecia, donde solo se la menciona como \u201ccabeza del Estado\u201d.<\/p><p>Por otro lado, la Constituci\u00f3n espa\u00f1ola establece en el art\u00edculo 1.2 la soberan\u00eda popular. Tambi\u00e9n es el caso de Suecia, mientras que en B\u00e9lgica y Luxemburgo se utiliza la f\u00f3rmula \u201csoberan\u00eda nacional\u201d. El caso brit\u00e1nico la soberan\u00eda pertenece al Parlamento entendido como \u201cKing in Parliament\u201d. Dinamarca, Noruega y los Pa\u00edses Bajos no definen la soberan\u00eda espec\u00edficamente en sus constituciones.<\/p><p>Por \u00faltimo, nuestro art\u00edculo 56.1 establece poderes tasados para el monarca ya que \u201c<em>ejerce las funciones que expresamente le atribuyen la Constituci\u00f3n y las leyes\u201d. <\/em>Esta limitaci\u00f3n aparece tambi\u00e9n en las constituciones belga, luxemburguesa y noruega. La constituci\u00f3n danesa no establece poderes tasados generales, si bien establece toda una serie de limitaciones que acompa\u00f1an a cada atribuci\u00f3n establecida. Gran Breta\u00f1a, Suecia y los Pa\u00edses Bajos no tasan sus poderes expl\u00edcitamente.<\/p>\t\t\t\t\t\t<\/div>\n\t\t\t\t<\/div>\n\t\t\t\t\t<\/div>\n\t\t<\/div>\n\t\t\t\t\t\t\t<\/div>\n\t\t<\/section>\n\t\t\t\t\t\t\t<\/div>\n\t\t","protected":false},"excerpt":{"rendered":"<p>Monarqu\u00eda Comparada- 2. a- Monarqu\u00eda Parlamentaria y Soberan\u00eda Los constituyentes del 78 decidieron el concepto \u201cMonarqu\u00eda Parlamentaria\u201d para definir nuestro<\/p>\n","protected":false},"author":1,"featured_media":2060,"comment_status":"closed","ping_status":"closed","sticky":false,"template":"","format":"standard","meta":{"colormag_page_layout":"no_sidebar_full_width","footnotes":""},"categories":[61],"tags":[58],"class_list":["post-2059","post","type-post","status-publish","format-standard","has-post-thumbnail","hentry","category-corona-comparada","tag-monarquia"],"_links":{"self":[{"href":"https:\/\/www.jesusprieto.es\/index.php\/wp-json\/wp\/v2\/posts\/2059","targetHints":{"allow":["GET"]}}],"collection":[{"href":"https:\/\/www.jesusprieto.es\/index.php\/wp-json\/wp\/v2\/posts"}],"about":[{"href":"https:\/\/www.jesusprieto.es\/index.php\/wp-json\/wp\/v2\/types\/post"}],"author":[{"embeddable":true,"href":"https:\/\/www.jesusprieto.es\/index.php\/wp-json\/wp\/v2\/users\/1"}],"replies":[{"embeddable":true,"href":"https:\/\/www.jesusprieto.es\/index.php\/wp-json\/wp\/v2\/comments?post=2059"}],"version-history":[{"count":4,"href":"https:\/\/www.jesusprieto.es\/index.php\/wp-json\/wp\/v2\/posts\/2059\/revisions"}],"predecessor-version":[{"id":2064,"href":"https:\/\/www.jesusprieto.es\/index.php\/wp-json\/wp\/v2\/posts\/2059\/revisions\/2064"}],"wp:featuredmedia":[{"embeddable":true,"href":"https:\/\/www.jesusprieto.es\/index.php\/wp-json\/wp\/v2\/media\/2060"}],"wp:attachment":[{"href":"https:\/\/www.jesusprieto.es\/index.php\/wp-json\/wp\/v2\/media?parent=2059"}],"wp:term":[{"taxonomy":"category","embeddable":true,"href":"https:\/\/www.jesusprieto.es\/index.php\/wp-json\/wp\/v2\/categories?post=2059"},{"taxonomy":"post_tag","embeddable":true,"href":"https:\/\/www.jesusprieto.es\/index.php\/wp-json\/wp\/v2\/tags?post=2059"}],"curies":[{"name":"wp","href":"https:\/\/api.w.org\/{rel}","templated":true}]}}