{"id":2007,"date":"2019-01-05T18:03:58","date_gmt":"2019-01-05T18:03:58","guid":{"rendered":"http:\/\/www.jesusprieto.es\/?p=2007"},"modified":"2021-03-23T20:14:54","modified_gmt":"2021-03-23T20:14:54","slug":"salvini-y-la-liga-norte-la-teoria-del-discurso-y-los-populismos","status":"publish","type":"post","link":"https:\/\/www.jesusprieto.es\/index.php\/2019\/01\/05\/salvini-y-la-liga-norte-la-teoria-del-discurso-y-los-populismos\/","title":{"rendered":"Salvini y la Liga Norte: la Teor\u00eda del Discurso y los populismos"},"content":{"rendered":"\t\t<div data-elementor-type=\"wp-post\" data-elementor-id=\"2007\" class=\"elementor elementor-2007\">\n\t\t\t\t\t\t\t\t\t<section class=\"elementor-section elementor-top-section elementor-element elementor-element-737b873 elementor-section-boxed elementor-section-height-default elementor-section-height-default\" data-id=\"737b873\" data-element_type=\"section\">\n\t\t\t\t\t\t<div class=\"elementor-container elementor-column-gap-default\">\n\t\t\t\t\t<div class=\"elementor-column elementor-col-100 elementor-top-column elementor-element elementor-element-308dd1e\" data-id=\"308dd1e\" data-element_type=\"column\">\n\t\t\t<div class=\"elementor-widget-wrap elementor-element-populated\">\n\t\t\t\t\t\t\t\t<div class=\"elementor-element elementor-element-ab5f07d elementor-widget elementor-widget-heading\" data-id=\"ab5f07d\" data-element_type=\"widget\" data-widget_type=\"heading.default\">\n\t\t\t\t<div class=\"elementor-widget-container\">\n\t\t\t<h2 class=\"elementor-heading-title elementor-size-default\">Salvini y la Liga Norte: la Teor\u00eda del Discurso y los populismos<\/h2>\t\t<\/div>\n\t\t\t\t<\/div>\n\t\t\t\t\t<\/div>\n\t\t<\/div>\n\t\t\t\t\t\t\t<\/div>\n\t\t<\/section>\n\t\t\t\t<section class=\"elementor-section elementor-top-section elementor-element elementor-element-a622027 elementor-section-boxed elementor-section-height-default elementor-section-height-default\" data-id=\"a622027\" data-element_type=\"section\">\n\t\t\t\t\t\t<div class=\"elementor-container elementor-column-gap-default\">\n\t\t\t\t\t<div class=\"elementor-column elementor-col-100 elementor-top-column elementor-element elementor-element-be44a56\" data-id=\"be44a56\" data-element_type=\"column\">\n\t\t\t<div class=\"elementor-widget-wrap elementor-element-populated\">\n\t\t\t\t\t\t\t\t<div class=\"elementor-element elementor-element-0836002 elementor-widget elementor-widget-text-editor\" data-id=\"0836002\" data-element_type=\"widget\" data-widget_type=\"text-editor.default\">\n\t\t\t\t<div class=\"elementor-widget-container\">\n\t\t\t\t\t\t\t<p>Las elecciones del 4 de marzo de 2018 estaban se\u00f1aladas en el calendario italiano como el momento en que Silvio Berlusconi resucitar\u00eda de sus cenizas y recuperar\u00eda el gobierno italiano. Por el contrario, los resultados finales no solo dejaron al Movimiento 5 Stelle (M5S) como el partido m\u00e1s votado, sino que dentro de la vencedora coalici\u00f3n de centroderecha, la renovada Lega Nord super\u00f3 sorpresivamente en votos y esca\u00f1os a Forza Italia enviando al Cavaliere a lo que parece una definitiva jubilaci\u00f3n. Matteo Salvini, l\u00edder de la Liga desde 2013, conseguir\u00e1 convertirse en vicepresidente del gobierno italiano gracias a una sorpresiva coalici\u00f3n con el M5S.<\/p><p>En esta PEC analizaremos desde la teor\u00eda del discurso como un partido separatista, regional, con serios problemas de corrupci\u00f3n y aliado a otros partidos ultraderechistas en el Parlamento Europeo ha conseguido llegar al gobierno con un programa nacional, populista y reformador y convertirse en la virtual primera fuerza pol\u00edtica Italiana. Para ello comenzaremos con un resumen de la trayectoria hist\u00f3rica de la Liga para continuar con el an\u00e1lisis del discurso tradicional de la formaci\u00f3n y terminar con los cambios producidos en \u00e9l tras la llegada de Salvini.<\/p><p>\u00a0<\/p><p><span style=\"color: #333399;\"><strong><u>La Lega Nord. De Umberto Bossi a Matteo Salvini<\/u><\/strong><\/span><\/p><p>La Lega Nord nace en 1991 como una federaci\u00f3n de numerosos partidos regionales del norte y el centro de Italia que hasta entonces no hab\u00edan tenido resultados electorales destacables. Fundada por Umberto Bossi se configur\u00f3 en un principio como un partido independentista, federalista, conservador en aspectos sociales y morales, neoliberal y anti-estatalista en lo econ\u00f3mico, euroesc\u00e9ptico y con un discurso anti-inmigraci\u00f3n y contra el multiculturalismo, cercano a otros partidos europeos como el Frente Nacional Frances.<\/p><p>El proceso Manos Limpias y las elecciones de 1992 bajo la sombra del esc\u00e1ndalo Tangentopoli, le catapultar\u00e1n al \u00e9xito electoral, entrando con 80 puestos en el Parlamento Italiano, \u00e9xito que se ampl\u00eda en las elecciones administrativas de 1993 donde consiguen la alcald\u00eda de Mil\u00e1n y conquistan el gobierno de varias provincias del Norte. Las elecciones de 1994, con el cambio a un sistema mayoritario que les otorga 180 parlamentarios, los llevar\u00e1n a la presidencia de la C\u00e1mara de Diputados y al gobierno en alianza con Silvio Berlusconi y Forza Italia dentro de una coalici\u00f3n llamada Polo de las Libertades. No obstante, la negativa de Berlusconi a apoyar un proyecto de constituci\u00f3n que regionalizaba Italia les hace abandonar el gobierno seis meses despu\u00e9s. En 1995 pasan a apoyar el gobierno de concentraci\u00f3n de Dini, lo que provoca las primeras escisiones en su seno. Entre esa fecha y 1998 son numerosos los pactos en gobiernos locales a los que llega con partidos de centro-izquierda. \u00a0<\/p><p>En 1996 consigue su mayor \u00e9xito electoral present\u00e1ndose en solitario, con un 10,1% de los votos. Es el momento en que anuncian que su objetivo es la sedici\u00f3n de la Padania, un neologismo inventado para denominar el norte de Italia, que seg\u00fan las versiones que se utilicen lleg\u00e1 incluso a los l\u00edmites de Roma, incluyendo Umbr\u00eda y la Toscana. Proclaman simb\u00f3licamente la independencia de la Padania durante una manifestaci\u00f3n en Venecia e incluso organizan un refer\u00e9ndum de independencia y elecciones a un inexistente \u201cParlamento Padano\u201d. Pero las divisiones los llevan a un gran retroceso electoral en las elecciones europeas de 1999, donde deciden replantearse su estrategia. De esta forma abandonan el camino independentista para tomar un discurso federalista y descentralizador, al mismo tiempo que retoman su alianza con Silvio Berlusconi y su nueva coalici\u00f3n, la Casa de las Libertades, pero sufriendo un desplome de su apoyo electoral. Pese a ello entrar\u00e1n en el nuevo gobierno hasta 2006 con algunas de las carteras m\u00e1s importantes como Justicia, Trabajo o Asuntos sociales.<\/p><p>2005 marca su recuperaci\u00f3n electoral, y tras la ca\u00edda de Prodi en 2008 volver\u00e1n al gobierno en la nueva coalici\u00f3n berlusconiana Pueblo de la Libertad. Desde all\u00ed consiguen reformas respecto a la federalizaci\u00f3n fiscal del pa\u00eds, o imponer sus visiones respecto a la inmigraci\u00f3n ilegal. En 2011 ser\u00e1 el \u00fanico partido importante en oponerse al gobierno tecn\u00f3crata de Monti, lo que incrementa sus divisiones internas y pone en peligro el liderazgo de Bossi, quien finalmente dimitir\u00e1 de la Secretar\u00eda General en 2012 tras sufrir un ictus y verse implicado en un caso de corrupci\u00f3n que salpic\u00f3 a su familia directa y por el que fue condenado en 2017, lo que no ha sido \u00f3bice para que siga siendo el Presidente del Partido hoy en d\u00eda.<\/p><p>Tras un corto interregno de Roberto Maroni, Salvini ser\u00e1 elegido nuevo Secretario General en 2013 por un 82% de los votos en unas primarias contra el mism\u00edsimo Bossi que solo consigui\u00f3 el 18% restante y que desde ese momento se convirti\u00f3 en su mayor cr\u00edtico. Nos centraremos en los detalles del discurso que han permitido modificar a la Liga sus posiciones y llegar al gobierno con un 17,35% de los votos en 2018, teniendo desde entonces mejores perspectivas electorales, llegando hoy d\u00eda a estar en cabeza de las principales encuestas italianas, como demuestra el siguiente gr\u00e1fico que les otorga un 32% de los votos a diciembre de 2018<a href=\"#_ftn1\" name=\"_ftnref1\">[1]<\/a>.<\/p><p><img loading=\"lazy\" decoding=\"async\" class=\"aligncenter wp-image-2009 size-full\" src=\"http:\/\/www.jesusprieto.es\/wp-content\/uploads\/2021\/03\/25-b.png\" alt=\"\" width=\"577\" height=\"299\" srcset=\"https:\/\/www.jesusprieto.es\/wp-content\/uploads\/2021\/03\/25-b.png 577w, https:\/\/www.jesusprieto.es\/wp-content\/uploads\/2021\/03\/25-b-300x155.png 300w\" sizes=\"auto, (max-width: 577px) 100vw, 577px\" \/><\/p><p><span style=\"color: #333399;\"><strong><u>Regionalistas, populistas, de extrema derecha<\/u><\/strong><\/span><\/p><p>Hay cierto consenso en definir a la Lega Nord durante el liderazgo de Bossi como un \u201cpartido regional populista\u201d<a href=\"#_ftn2\" name=\"_ftnref2\">[2]<\/a>. Su principal adscripci\u00f3n ser\u00eda la \u201cregional\u201d, basado en la brecha econ\u00f3mica y social entre un norte rico y desarrollado y un sur de Italia subdesarrollado y completamente dependiente de las subvenciones p\u00fablicas. El culpable es \u201cRoma\u201d, personificaci\u00f3n de una clase pol\u00edtica caduca, las \u00e9lites e instituciones que hacen posible esa diferencia y esclavizan al norte gracias precisamente al apoyo electoral que consiguen en el sur, quien no tiene ninguna intenci\u00f3n de salir de este c\u00edrculo vicioso. As\u00ed la independencia del norte o al menos una descentralizaci\u00f3n radical aparecen como \u00fanica soluci\u00f3n posible a sus problemas. \u201cRoma ladrona\u201d<a href=\"#_ftn3\" name=\"_ftnref3\">[3]<\/a> ser\u00e1 el grito de guerra, el problema se conocer\u00e1 como la \u201ccuesti\u00f3n norte\u00f1a\u201d. Este resentimiento con ra\u00edces en el mismo Risorgimento explotar\u00e1 electoralmente a principios de los a\u00f1os 90, justo el momento en que se desmorona la primera rep\u00fablica. El regionalismo se configura as\u00ed como la principal l\u00ednea de fuerza de la Liga que buscara la consecuci\u00f3n de la independencia o al menos una mayor autonom\u00eda para esas regiones norte\u00f1as, con la creaci\u00f3n de nuevas instituciones y el \u00e9nfasis continuo en subrayar sus diferencias y potenciar sus identidades.<\/p><p>Junto a este regionalismo, la Liga tambi\u00e9n recoge un acervo de tradiciones que podr\u00edamos considerar como populistas. As\u00ed antagoniza el car\u00e1cter trabajador, honesto y tradicional de los habitantes del Norte frente a los vagos ladrones romanos y sure\u00f1os, dedicados casi en exclusiva a esquilmar la riqueza que el Norte crea sin aportar nada a cambio. Adem\u00e1s, la situaci\u00f3n empeora debido a las hordas de inmigraci\u00f3n ilegal, sobre todo africana y musulmana que estar\u00edan destruyendo la cultura y la sociedad italiana, y que no solo estar\u00edan en la base de la precarizaci\u00f3n econ\u00f3mica creciente, sino en un aumento desaforado de la delincuencia. Los diferentes gobiernos han fracasado con sus pol\u00edticas multiculturales e integradoras respecto a esta inmigraci\u00f3n, que solo se solucionar\u00e1 mediante mano dura. La Liga usa el lenguaje y el razonamiento del ciudadano com\u00fan, lo que los lleva a infinidad de pol\u00e9micas al usar argumentos y t\u00e9rminos racistas, xen\u00f3fobos y pol\u00edticamente incorrectos. Econ\u00f3micamente su programa es claramente neo-liberal, donde empresas y emprendedores deben liberarse del abuso estatal, especialmente agudizado por la dependencia del sur. Solo ellos son capaces de hacer crecer la econom\u00eda y redistribuir correctamente la riqueza, sin que bur\u00f3cratas ineptos decidan por ellos. Sus grandes recetas econ\u00f3micas es la reducci\u00f3n de la presi\u00f3n fiscal y la suspensi\u00f3n de numerosos programas sociales, especialmente todos aquellos destinados a subvencionar el sur. Por tanto tambi\u00e9n son euroesc\u00e9pticos, la Union Europea es una burocracia extractiva que solo sirve para imponer y mantener las \u00e9lites actuales, la Uni\u00f3n Europea es un \u201csuperestado jacobino\u201d<\/p><p>El tercer elemento que encontrar\u00edamos en el ideario tradicional de la Liga es el conservadurismo social y moral. No solo ha sido un apoyo constante a la iglesia cat\u00f3lica (con alguna crisis temporal) sino que incluso se le ha relacionado con el movimiento lefebvriano. Se les ha acusado continuamente de homofobia, Bossi lleg\u00f3 a hablar de los \u201cnazis rosas y homosexuales\u201d confabulados a nivel mundial mediante lobbys secretos y muy organizados<a href=\"#_ftn4\" name=\"_ftnref4\">[4]<\/a>. El feminismo ser\u00e1 otra diana de sus cr\u00edticas, culpable tambi\u00e9n del proceso de destrucci\u00f3n de las familias y la sociedad italiana.<\/p><p>Si bien el heredero tradicional del fascismo italiano hasta principios del siglo XXI fue la Alianza Nacional, de forma convencional, y sobre todo fuera de Italia, se consideraba tambi\u00e9n a la Liga como un partido de extrema derecha m\u00e1s que regionalista. Esta ubicaci\u00f3n ideol\u00f3gica, as\u00ed como su radicalidad y trayectoria le confirieron por buena parte de la sociedad italiana un rechazo y una aureola negativa que ser\u00e1 lo primero que Salvini intente cambiar cuando se hace con las riendas en 2013.<\/p><p>\u00a0<\/p><p><span style=\"color: #333399;\"><strong><u>La nueva Liga, un referente internacional para el populismo derechista<\/u><\/strong><\/span><\/p><p>Matteo Salvini naci\u00f3 en Mil\u00e1n en 1973 en una familia acomodada. Se afilia con 18 a\u00f1os a la Liga Norte, procedente de c\u00edrculos okupas y comunistas<a href=\"#_ftn5\" name=\"_ftnref5\">[5]<\/a>, \u00a0y con 20 ya es el concejal encargado del \u00e1rea de juventud en Mil\u00e1n, puesto que en a\u00f1os posteriores compatibilizar\u00e1 con tareas period\u00edsticas. Sin terminar sus estudios universitarios, en 2004 se convierte en europarlamentario, pasando despu\u00e9s a la C\u00e1mara de Diputados y regresando al europarlamento en 2009 que solo abandona tras el \u00e9xito electoral de 2018.<\/p><p>A finales de 2013, en plena crisis liguista, Salvini se convierte en la figura emergente del partido. Participa en sentadas que bloquean autopistas para defender a los trabajadores de una f\u00e1brica, organiza jornadas contra el Euro declarando que \u201c<em>es un crimen de lesa humanidad\u201d, <\/em>se manifiesta contra la construcci\u00f3n de una mezquita en Mil\u00e1n declarando que \u201c<em>el islam es peligroso, no hay ninguna posibilidad de dialogar con \u00e9l\u201d<a href=\"#_ftn6\" name=\"_ftnref6\"><strong>[6]<\/strong><\/a>. <\/em>Ha logrado construir su imagen apareciendo continuamente en todo tipo de medios y programas de televisi\u00f3n y usando \u201c<em>un lenguaje simple, directo, accesible, vers\u00e1til y universalmente inteligible. La fuerza de su discurso se basa en la concisi\u00f3n de sus f\u00f3rmulas, en el uso de pocas palabras y en el empleo de expresiones que representan esquem\u00e1ticamente un cierto mal humor tan vago como extendido, y tambi\u00e9n una sensaci\u00f3n de urgencia\u201d<a href=\"#_ftn7\" name=\"_ftnref7\"><strong>[7]<\/strong><\/a>. <\/em>Combativo buscando continuamente la tensi\u00f3n y el enfrentamiento, usa una \u201cclaridad\u201d campechana y espontanea contra el enemigo, lejos de cualquier formalismo.<\/p><p>Usa lemas claros, sencillos, y directos,\u00a0 <em>\u201crestituye un primitivismo dial\u00e9ctico cuyo riesgo es hacer descender hasta lo m\u00e1s bajo el nivel del debate pol\u00edticio italiano\u201d<sup>7<\/sup>. <\/em>Construye una imagen de trabajador com\u00fan, humilde, \u201c<em>que escucha al ciudadano [\u2026] los objetivos de la nueva liga: restablecer el rigor, la disciplina, la regularidad y los derechos de los ciudadanos [\u2026] se presenta como ese lider pol\u00edtico que comprende a los ciudadanos en su valoraci\u00f3n positiva del pasado y que adem\u00e1s les reconoce en su debilidad y olvido actuales. La liga sabe que Italia tiene ra\u00edces estables, tradiciones y valores que no han sido dignamente escuchadas. [\u2026] El proyecto salviniano es una misi\u00f3n heroica de reconstrucci\u00f3n del pa\u00eds, [\u2026] una \u201crevoluci\u00f3n del sentido com\u00fan\u201d, una tarea de rehabilitaci\u00f3n sobre la base del descontento y los valores tradicionales. Matteo Salvini se esfuerza por encarnar la figura del lider-padre que reconstruye un pais colapsado por el descr\u00e9dito del trabajo y la burocracia\u201d<sup>7<\/sup>.<\/em><\/p><p><img loading=\"lazy\" decoding=\"async\" class=\"wp-image-2010 size-full aligncenter\" src=\"http:\/\/www.jesusprieto.es\/wp-content\/uploads\/2021\/03\/25-c.png\" alt=\"\" width=\"197\" height=\"197\" srcset=\"https:\/\/www.jesusprieto.es\/wp-content\/uploads\/2021\/03\/25-c.png 197w, https:\/\/www.jesusprieto.es\/wp-content\/uploads\/2021\/03\/25-c-150x150.png 150w\" sizes=\"auto, (max-width: 197px) 100vw, 197px\" \/><\/p><p>De esta forma, uno de los principales rasgos del nuevo discurso de la Liga es la hegemon\u00eda y la potenciaci\u00f3n de la figura de Salvini quien sustenta un liderazgo indiscutido al que ni siquiera Bossi pudo acercarse. No solo controla completamente el gabinete de comunicaci\u00f3n del partido, se ha convertido en una figura omnipresente que cuenta con equipo permanente de especialistas en medios y redes sociales que le mantienen continuamente en el centro de todo debate que se produzca en el pa\u00eds. Ha podido poner fin a la end\u00e9mica lucha de facciones y familias dentro de la liga, y pese a su estructura algo an\u00e1rquica (amalgama m\u00e1s de 15 organizaciones diferentes) ha conseguido imponer un cambio generacional en todos los niveles y controla totalmente la organizaci\u00f3n. A tal punto ha llegado la identificaci\u00f3n del partido con su l\u00edder que en su logo electoral equiparan su nombre al de la propia formaci\u00f3n o la p\u00e1gina web oficial tambi\u00e9n lleva el nombre del propio Salvini. Claramente se busca potenciar su figura de hombre fuerte, en un momento de decadencia y crisis sist\u00e9mica, donde se han sucedido multitud de proyectos en los \u00faltimos a\u00f1os con gobiernos de derechas, tecnocr\u00e1ticos o de izquierda y todos ellos con proyectos de reforma constitucional e institucional que han ido fracasando. Tambi\u00e9n se busca conectar con cierta tradici\u00f3n hist\u00f3rica de un pa\u00eds como Italia que como comenta Enric Juliana ya busc\u00f3 anteriormente la identificaci\u00f3n con otras figuras que ofrec\u00edan fortaleza en momentos de crisis, como fueron el caso de Mussolini o Berlusconi<a href=\"#_ftn8\" name=\"_ftnref8\">[8]<\/a>, (si bien a\u00f1ade que tambi\u00e9n tiende a deshacerse de ellos tiempo despu\u00e9s)<\/p><p><img loading=\"lazy\" decoding=\"async\" class=\"aligncenter wp-image-2011 size-full\" src=\"http:\/\/www.jesusprieto.es\/wp-content\/uploads\/2021\/03\/25-d.jpg\" alt=\"\" width=\"358\" height=\"297\" srcset=\"https:\/\/www.jesusprieto.es\/wp-content\/uploads\/2021\/03\/25-d.jpg 358w, https:\/\/www.jesusprieto.es\/wp-content\/uploads\/2021\/03\/25-d-300x249.jpg 300w\" sizes=\"auto, (max-width: 358px) 100vw, 358px\" \/><\/p><p>El segundo gran cambio que la Liga introduce en su discurso es la nacionalizaci\u00f3n del mismo, abandonando en cierta medida la regionalizaci\u00f3n anterior. S\u00ed durante el discurso de Salvini en el Congreso donde gan\u00f3 las primarias el lema era un claro \u201cEl futuro es la independencia\u201d, d\u00edas despu\u00e9s comenz\u00f3 a disculparse por todas las expresiones denigrantes e insultos que personalmente hab\u00eda dirigido a los sure\u00f1os en numerosas ocasiones (p.ej: los italianos del sur \u201c<em>huelen tan mal que hasta los perros salen pitando\u201d<a href=\"#_ftn9\" name=\"_ftnref9\"><strong>[9]<\/strong><\/a><\/em>). El nuevo leit motiv ser\u00e1 que o Italia se salva a si misma como naci\u00f3n o todas sus regiones, sin excepci\u00f3n, se enfrentar\u00e1n a la ruina. \u00a0Ahora aduce que aunque el Norte de Italia pudiera ir en solitario, seguir\u00eda siendo victima de las regulaciones impuestas por una \u201ctotalitaria\u201d Uni\u00f3n Europea, cuyo \u00fanico objetivo es fomentar la ventaja de la econom\u00eda alemana mediante su principal instrumento: el Euro. \u201cRoma\u201d ha dejado de ser la sede del verdadero poder, ahora lo que Italia necesita es la creaci\u00f3n de \u201cuno o m\u00e1s movimientos\u201d a lo largo del pa\u00eds que junto a la Liga organicen la resistencia frente al gobierno pro-UE de Renzi y las \u00e9lites pol\u00edticas tradicionales, el establishment. La liga sigue siendo un partido regional, pero su discurso ha dejado de ser regionalista, abandona toda reclamaci\u00f3n de independencia o autonom\u00eda, no sin la oposici\u00f3n de los dirigentes tradicionales que se ver\u00e1n derrotados seg\u00fan se incrementen los resultados electorales. Crea una nueva formaci\u00f3n \u201cNoi con Salvini\u201d (NcS) que se presentar\u00e1 en todas aquellas circunscripciones donde la Liga no se presente: el Lazio, el Sur de la pen\u00ednsula, Cerde\u00f1a y Sicilia.\u00a0 NcS conseguir\u00e1 en 2018 entre el 10 y el 13% de los votos en estas circunscripciones, 20 esca\u00f1os y consolidar\u00e1 al sorpasso de la Liga a Forza Italia, rob\u00e1ndole votos en sus feudos tradicionales. En 2018 culminar\u00e1 esta nacionalizaci\u00f3n eliminando el t\u00e9rmino \u201cNord\u201d de los s\u00edmbolos electorales, desde ese momento son tan solo la \u201cLega\u201d. La personalizaci\u00f3n de la Liga en Salvini y el uso que este hace de las redes sociales habr\u00edan ayudado tambi\u00e9n a estos resultados electorales fuera de sus zonas tradicionales de voto, pese a la m\u00ednima estructura que la Liga tiene en dichos territorios. As\u00ed un estudio de sus entradas en Facebook<sup>2<\/sup> respecto a si est\u00e1n relacionados con valores \u201cnacionales\u201d o \u201cnorte\u00f1os\u201d, muestra clar\u00edsimamente la evoluci\u00f3n y la magnitud de este cambio.<\/p><p><img loading=\"lazy\" decoding=\"async\" class=\"aligncenter wp-image-2012 size-full\" src=\"http:\/\/www.jesusprieto.es\/wp-content\/uploads\/2021\/03\/25-e.png\" alt=\"\" width=\"1865\" height=\"1093\" srcset=\"https:\/\/www.jesusprieto.es\/wp-content\/uploads\/2021\/03\/25-e.png 1865w, https:\/\/www.jesusprieto.es\/wp-content\/uploads\/2021\/03\/25-e-300x176.png 300w, https:\/\/www.jesusprieto.es\/wp-content\/uploads\/2021\/03\/25-e-1024x600.png 1024w, https:\/\/www.jesusprieto.es\/wp-content\/uploads\/2021\/03\/25-e-768x450.png 768w, https:\/\/www.jesusprieto.es\/wp-content\/uploads\/2021\/03\/25-e-1536x900.png 1536w\" sizes=\"auto, (max-width: 1865px) 100vw, 1865px\" \/><\/p><p><img loading=\"lazy\" decoding=\"async\" class=\"aligncenter wp-image-2013 size-full\" src=\"http:\/\/www.jesusprieto.es\/wp-content\/uploads\/2021\/03\/25-f.png\" alt=\"\" width=\"446\" height=\"271\" srcset=\"https:\/\/www.jesusprieto.es\/wp-content\/uploads\/2021\/03\/25-f.png 446w, https:\/\/www.jesusprieto.es\/wp-content\/uploads\/2021\/03\/25-f-300x182.png 300w\" sizes=\"auto, (max-width: 446px) 100vw, 446px\" \/><\/p><p>El tercer gran cambio en la estrategia de la Liga ha sido precisamente su uso de la comunicaci\u00f3n. Las redes sociales han facilitado la personalizaci\u00f3n de la pol\u00edtica, ofreciendo una conexi\u00f3n directa con los votantes y desplazando la estructura tradicional del partido. Adem\u00e1s, permiten centrar la discusi\u00f3n en aquellos temas que m\u00e1s les convienen. As\u00ed el mismo estudio de sus entradas en Facebook<sup>2<\/sup> nos ilustra sobre cuales son. Pr\u00e1cticamente estos cinco temas que vemos reflejados en el gr\u00e1fico contienen la totalidad del mensaje de la Liga.\u00a0<\/p><p><img loading=\"lazy\" decoding=\"async\" class=\"wp-image-2014 size-full aligncenter\" src=\"http:\/\/www.jesusprieto.es\/wp-content\/uploads\/2021\/03\/25-g.png\" alt=\"\" width=\"1603\" height=\"1014\" srcset=\"https:\/\/www.jesusprieto.es\/wp-content\/uploads\/2021\/03\/25-g.png 1603w, https:\/\/www.jesusprieto.es\/wp-content\/uploads\/2021\/03\/25-g-300x190.png 300w, https:\/\/www.jesusprieto.es\/wp-content\/uploads\/2021\/03\/25-g-1024x648.png 1024w, https:\/\/www.jesusprieto.es\/wp-content\/uploads\/2021\/03\/25-g-768x486.png 768w, https:\/\/www.jesusprieto.es\/wp-content\/uploads\/2021\/03\/25-g-1536x972.png 1536w\" sizes=\"auto, (max-width: 1603px) 100vw, 1603px\" \/><\/p><p>Los tres primeros, Inmigraci\u00f3n, Seguridad y Terrorismo son vistos y reconocidos por el electorado como temas \u201cprivativos\u201d de la Liga, son aquellos donde ha conseguido imponer su hegemon\u00eda en la discusi\u00f3n p\u00fablica, favorecidos por la crisis migratoria del Mediterr\u00e1neo que precisamente ha explosionado durante estos a\u00f1os, el aumento de atentados terroristas en Europa y numerosos casos de asesinatos y violencia sexual cometidos por inmigrantes, con gran repercusi\u00f3n medi\u00e1tica y que adem\u00e1s tienden a aparecer en momentos de campa\u00f1a electoral, lo que potencia la efectividad de estos mensajes. La inmigraci\u00f3n como referente pol\u00edtico no es un tema nuevo en Italia, pero la Liga ha conseguido colocarlo con \u00e9xito en el v\u00e9rtice de toda su cosmovisi\u00f3n, los votantes consideran m\u00e1s cre\u00edbles sus propuestas en este \u00e1mbito frente a la inoperancia del resto del sistema pol\u00edtico. Hay encuestas que dicen que el 72% de los italianos estar\u00edan de acuerdo con su pol\u00edtica migratoria<sup>9<\/sup>. Los mensajes econ\u00f3micos priman el antagonismo contra la Uni\u00f3n Europea y el Euro, relacion\u00e1ndolos completamente con la crisis econ\u00f3mica y la pauperizaci\u00f3n del ciudadano medio, encabezando la protesta contra los recortes sociales puestos en marcha desde el inicio de la crisis en 2008 y solicitando medidas proteccionistas y nativistas, entendiendo por nativismo la ideolog\u00eda que proclama que \u201c<em>los estados deben estar habitados exclusivamente por los miembros del grupo nativo (la naci\u00f3n) y los elementos no-nativos (personas e ideas) son fundamentalmente una amenaza al homog\u00e9neo estado-nacion\u201d<\/em><sup>2<\/sup><\/p><p>Este nativismo nos lleva a la cuarta caracter\u00edstica del nuevo discurso de la Liga: el \u00e9nfasis que ponen continuamente en la defensa de los valores tradicionales culturales e identitarios. Son claramente inflexibles en aquellos aspectos morales que m\u00e1s han evolucionado con las teor\u00edas de la diversidad, respecto a las que se posicionan violentamente. Basan su moral en una \u201cheterosexualidad obligatoria\u201d dentro de un tipo de familia tradicional y conservadora, y en un entorno de ley y orden, donde caben tanto la cr\u00edtica a las farmac\u00e9uticas y las vacunas, como la legalizaci\u00f3n de la prostituci\u00f3n o las cr\u00edticas al Papa Francisco por acoger inmigrantes o recibir cruces comunistas de Evo Morales<sup>9<\/sup>. La combinaci\u00f3n de autoritarismo y populismo est\u00e1 detr\u00e1s de sus declaraciones y actuaciones. La mano dura se presenta como Deus ex Machina para todo tipo de problemas y controversias, las amenazas exteriores (e interiores) a la identidad nacional exigen la protecci\u00f3n de esa cultura nacional por todos los medios. As\u00ed diferentes miembros de la Liga proclaman que \u201c<em>la propuesta de la Lega es muy simple, reconoce que la leg\u00edtima defensa es siempre defensa leg\u00edtima [\u2026 ] Quien viola la propiedad privada y pone en peligro la vida de otra persona tiene que considerar la eventualidad de salir \u201cnoqueado\u201d [\u2026] No podemos acoger a todo el mundo porque no cabemos, as\u00ed que tenemos que elegir. Hay que decidir si nuestra raza blanca tiene que seguir existiendo o si tiene que ser borrada\u201d<sup>7<\/sup>. <\/em>El propio Salvini, ya como vicepresidente del gobierno: \u201c<em>Se acabaron los buenos tiempos para los clandestinos, lleg\u00f3 la hora de hacer las maletas, enviarlos a casa ser\u00e1 una de nuestras prioridades. Los extranjeros que permanezcan de forma irregular en Italia ser\u00e1n expulsados, los gitanos italianos, por desgracia, hay que qued\u00e1rselos\u201d<sup>8<\/sup>.<\/em><\/p><p><img loading=\"lazy\" decoding=\"async\" class=\"aligncenter wp-image-2015 size-full\" src=\"http:\/\/www.jesusprieto.es\/wp-content\/uploads\/2021\/03\/25-h.png\" alt=\"\" width=\"1199\" height=\"747\" srcset=\"https:\/\/www.jesusprieto.es\/wp-content\/uploads\/2021\/03\/25-h.png 1199w, https:\/\/www.jesusprieto.es\/wp-content\/uploads\/2021\/03\/25-h-300x187.png 300w, https:\/\/www.jesusprieto.es\/wp-content\/uploads\/2021\/03\/25-h-1024x638.png 1024w, https:\/\/www.jesusprieto.es\/wp-content\/uploads\/2021\/03\/25-h-768x478.png 768w\" sizes=\"auto, (max-width: 1199px) 100vw, 1199px\" \/><\/p><p>La quinta y \u00faltima novedad del discurso de la Liga es su realineamiento internacional. Si bien siempre tuvo contacto con partidos como el Frente Nacional, su acercamiento y liderazgo dentro del movimiento populista y de ultraderecha es evidente. No solo salud\u00f3 en su momento la victoria de Trump, sino que ha declarado en numerosas ocasiones su inter\u00e9s de acercarse a Putin y Rusia, econ\u00f3mica y pol\u00edticamente. El discurso actual de la liga lo equipara a numerosos movimientos de Europa del Este, especialmente el conocido como Grupo de Visegrado, como es el caso del h\u00fangaro Victor Orban que ha llegado a declarar que \u201c<em>Salvini es mi h\u00e9roe\u201d<a href=\"#_ftn10\" name=\"_ftnref10\"><strong>[10]<\/strong><\/a>. <\/em>En el Parlamento Europeo ha profundizado en sus lazos con partidos ultraderechistas como el Frente Nacional Frances, los Partidos por la Libertad holandeses y austr\u00edacos o el Partido Popular Danes, compartiendo con ellos las mismas concepciones respecto a la inmigraci\u00f3n, a los valores conservadores y un euroescepticismo combativo contra una Uni\u00f3n Europea que estar\u00eda al servicio de Alemania y dirigida por una burocracia extractiva. \u00a0En este momento, Salvini es bendecido como un referente de este nuevo movimiento populista de ultraderecha, as\u00ed Steve Bannon le bautiza como el nuevo Trump, germen de la \u201csu revoluci\u00f3n\u201d populista en Europa, \u201c<em>si aqu\u00ed funciona la revoluci\u00f3n, Italia estar\u00e1 en el centro de la pol\u00edtica mundial\u201d<\/em><a href=\"#_ftn11\" name=\"_ftnref11\">[11]<\/a>.<\/p><p><strong><u>Conclusi\u00f3n: la Liga en el gobierno<\/u><\/strong><\/p><p>Podr\u00edamos asegurar que este cambio de discurso ha supuesto un \u00e9xito indudable hasta ahora para la Liga. Si en el momento en que Salvini llega a la Secretar\u00eda General las encuestas les dan por debajo del 4% del voto, a finales de 2018 las encuestas les dan un 32%, el liderazgo entre los partidos italianos, el control y el protagonismo absoluto del gobierno nacional y cierta posici\u00f3n de hegemon\u00eda respecto al establecimiento de la agenda p\u00fablica y su desarrollo.<\/p><p>De ser un partido regional, con ciertas competencias y fortaleza en el gobierno de algunos municipios y provincias, con intermitente participaci\u00f3n en el gobierno nacional pero siempre en un papel secundario como complemento a mayor\u00edas de centro derecha, ha pasado a dirigir de facto el gobierno italiano. Si las elecciones de 2018 dejaron un panorama ingobernable, la negativa de Renzi y el Partido Democr\u00e1tico de pactar con los populistas del M5S les acab\u00f3 echando en los brazos de la Liga, que tras conseguir el visto bueno de Berlusconi a abandonar la coalici\u00f3n y formar gobierno ha conseguido liderar todas las pol\u00edticas que ha puesto en marcha el nuevo gobierno. Otorgar a Salvini la vicepresidencia y el Ministerio del Interior supuso el desbloqueo de las negociaciones. Desde ese puesto, su personaje se ha multiplicado, no abandonando un solo d\u00eda el trono de la pol\u00e9mica no solo en Italia sino en toda Europa. Si un d\u00eda se fotograf\u00eda ba\u00f1\u00e1ndose en la piscina de la mansi\u00f3n confiscada a un mafioso, al d\u00eda siguiente aparece en el puerto siciliano de Pozzalo anunciando delante del buque Aquarius con 158 inmigrantes a bordo que \u201c<em>se acabo la buena vida\u201d<a href=\"#_ftn12\" name=\"_ftnref12\"><strong>[12]<\/strong><\/a>, <\/em>cuando no se va de fiesta la noche en que un puente se hab\u00eda derrumbado en Genova produciendo 43 muertos y posa en cientos de selfies, entre ellos con una tarta titulada \u201cEl equipo gana\u201d.<\/p><p><img loading=\"lazy\" decoding=\"async\" class=\"aligncenter wp-image-2016 size-full\" src=\"http:\/\/www.jesusprieto.es\/wp-content\/uploads\/2021\/03\/25-i.jpg\" alt=\"\" width=\"299\" height=\"168\" \/><\/p><p>Las pol\u00edticas que han puesto en marcha, tanto en asuntos de inmigraci\u00f3n, fiscalidad, recuperaci\u00f3n econ\u00f3mica o de defensa de la identidad italiana tampoco han dejado indiferente a nadie. La sensaci\u00f3n generalizada es que han conseguido opacar la labor del M5S, quien lidera la coalici\u00f3n gubernamental, y que tambi\u00e9n basa su actuaci\u00f3n en un discurso populista. Pero el caso del M5S es much\u00edsimo m\u00e1s dif\u00edcil de definir y aprehender en los esquemas cl\u00e1sicos.<\/p><p><a href=\"#_ftnref1\" name=\"_ftn1\">[1]<\/a> \u201cItaly has a new government &#8211; have a look at our poll tracker\u201d. Poll of Polls. 2018. <a href=\"https:\/\/pollofpolls.eu\/IT\">https:\/\/pollofpolls.eu\/IT<\/a><\/p><p><a href=\"#_ftnref2\" name=\"_ftn2\">[2]<\/a> Albertazzi, Daniele . \u201c \u2018No regionalism please, we are Leghisti\u200a!\u2019 The transformation of the Italian Lega Nord under the leadership of Matteo Salvini\u201d. Taylor &amp; Francis online. 2018. <a href=\"https:\/\/www.tandfonline.com\/doi\/full\/10.1080\/13597566.2018.1512977\">https:\/\/www.tandfonline.com\/doi\/full\/10.1080\/13597566.2018.1512977<\/a><\/p><p><a href=\"#_ftnref3\" name=\"_ftn3\">[3]<\/a> \u201cLa Lega: \u00abRoma ladrona\u00bb \u00e8 scontro alla Camera\u201d La Repubblica. 2004. <a href=\"http:\/\/www.repubblica.it\/2004\/c\/sezioni\/politica\/litecamera\/litecamera\/litecamera.html\">http:\/\/www.repubblica.it\/2004\/c\/sezioni\/politica\/litecamera\/litecamera\/litecamera.html<\/a><\/p><p><a href=\"#_ftnref4\" name=\"_ftn4\">[4]<\/a> Ravelli, Fabrizio. \u201c\u00bbNazisti rossi e omosessuali\u00bb L&#8217;invettiva di Bossi a Venezia\u201d. La Rep\u00fablica. 2000. <a href=\"http:\/\/www.repubblica.it\/online\/politica\/bossibari\/venezia\/venezia.html\">http:\/\/www.repubblica.it\/online\/politica\/bossibari\/venezia\/venezia.html<\/a><\/p><p><a href=\"#_ftnref5\" name=\"_ftn5\">[5]<\/a> Perma, Giancarlo. \u201cSalvini, il comunista padano che per Milano d\u00e0 il sangue\u201d. Il Giornale. 2013. <a href=\"http:\/\/www.ilgiornale.it\/news\/interni\/salvini-comunista-padano-che-milano-d-sangue-968284.html\">http:\/\/www.ilgiornale.it\/news\/interni\/salvini-comunista-padano-che-milano-d-sangue-968284.html<\/a><\/p><p><a href=\"#_ftnref6\" name=\"_ftn6\">[6]<\/a> \u201cSalvini: \u00abAnche da noi milioni di islamici pronti a uccidere\u00bb Corriere della Sera. 2015. <a href=\"https:\/\/milano.corriere.it\/notizie\/cronaca\/15_gennaio_10\/salvini-milioni-islamici-pronti-sgozzare-uccidere-4c5daab2-98c0-11e4-8d78-4120bf431cb5.shtml\">https:\/\/milano.corriere.it\/notizie\/cronaca\/15_gennaio_10\/salvini-milioni-islamici-pronti-sgozzare-uccidere-4c5daab2-98c0-11e4-8d78-4120bf431cb5.shtml<\/a><\/p><p><a href=\"#_ftnref7\" name=\"_ftn7\">[7]<\/a> Romana Santoro, Francesca; Giustini, Federico \u201c Matteo Salvini: de coraz\u00f3n a coraz\u00f3n\u201d. CTXT. 2018. <a href=\"https:\/\/ctxt.es\/es\/20180328\/Politica\/18732\/italia-matteo-salvini-lega-norte-elecciones-5-estrellas.htm\">https:\/\/ctxt.es\/es\/20180328\/Politica\/18732\/italia-matteo-salvini-lega-norte-elecciones-5-estrellas.htm<\/a><\/p><p><a href=\"#_ftnref8\" name=\"_ftn8\">[8]<\/a> \u201cVuelve el Fascismo\u201d. FORT APACHE. 2018. <a href=\"https:\/\/www.youtube.com\/watch?v=rnUdAZ6ekbU\">https:\/\/www.youtube.com\/watch?v=rnUdAZ6ekbU<\/a><\/p><p><a href=\"#_ftnref9\" name=\"_ftn9\">[9]<\/a> Sanchez, Carlos Manuel. \u201cMatteo Salvini, el hombre que se r\u00ede de Europa\u201d. XL Semanal. 2018. <a href=\"https:\/\/www.xlsemanal.com\/conocer\/politica\/20180722\/quien-es-matteo-salvini-ministro-interior-italia.html\">https:\/\/www.xlsemanal.com\/conocer\/politica\/20180722\/quien-es-matteo-salvini-ministro-interior-italia.html<\/a><\/p><p><a href=\"#_ftnref10\" name=\"_ftn10\">[10]<\/a> Tondo, Lorenzo. \u201cMatteo Salvini and Viktor Orb\u00e1n to form anti-migration front\u201d. The Guardian. 2018. <a href=\"https:\/\/www.theguardian.com\/world\/2018\/aug\/28\/matteo-salvini-viktor-orban-anti-migrant-plan-brussels\">https:\/\/www.theguardian.com\/world\/2018\/aug\/28\/matteo-salvini-viktor-orban-anti-migrant-plan-brussels<\/a><\/p><p><a href=\"#_ftnref11\" name=\"_ftn11\">[11]<\/a> Pacho, Lorena. \u201cEl estratega Bannon sobre Salvini: \u201cEs como Trump\u201d\u201d. El Pais. 2018. <a href=\"https:\/\/elpais.com\/internacional\/2018\/09\/22\/actualidad\/1537644349_577247.html\">https:\/\/elpais.com\/internacional\/2018\/09\/22\/actualidad\/1537644349_577247.html<\/a><\/p><p><a href=\"#_ftnref12\" name=\"_ftn12\">[12]<\/a> Verd\u00fa, Daniel. \u201cEl vicepresidente xen\u00f3fobo Salvini visita la zona cero de los desembarcos de migrantes\u201d. El Pais. 2018. <a href=\"https:\/\/elpais.com\/internacional\/2018\/06\/03\/actualidad\/1528039106_682571.html\">https:\/\/elpais.com\/internacional\/2018\/06\/03\/actualidad\/1528039106_682571.html<\/a><\/p>\t\t\t\t\t\t<\/div>\n\t\t\t\t<\/div>\n\t\t\t\t\t<\/div>\n\t\t<\/div>\n\t\t\t\t\t\t\t<\/div>\n\t\t<\/section>\n\t\t\t\t\t\t\t<\/div>\n\t\t","protected":false},"excerpt":{"rendered":"<p>Salvini y la Liga Norte: la Teor\u00eda del Discurso y los populismos Las elecciones del 4 de marzo de 2018<\/p>\n","protected":false},"author":1,"featured_media":2008,"comment_status":"closed","ping_status":"closed","sticky":false,"template":"","format":"standard","meta":{"colormag_page_layout":"no_sidebar_full_width","footnotes":""},"categories":[47],"tags":[54],"class_list":["post-2007","post","type-post","status-publish","format-standard","has-post-thumbnail","hentry","category-politica","tag-relaciones-internacionales"],"_links":{"self":[{"href":"https:\/\/www.jesusprieto.es\/index.php\/wp-json\/wp\/v2\/posts\/2007","targetHints":{"allow":["GET"]}}],"collection":[{"href":"https:\/\/www.jesusprieto.es\/index.php\/wp-json\/wp\/v2\/posts"}],"about":[{"href":"https:\/\/www.jesusprieto.es\/index.php\/wp-json\/wp\/v2\/types\/post"}],"author":[{"embeddable":true,"href":"https:\/\/www.jesusprieto.es\/index.php\/wp-json\/wp\/v2\/users\/1"}],"replies":[{"embeddable":true,"href":"https:\/\/www.jesusprieto.es\/index.php\/wp-json\/wp\/v2\/comments?post=2007"}],"version-history":[{"count":4,"href":"https:\/\/www.jesusprieto.es\/index.php\/wp-json\/wp\/v2\/posts\/2007\/revisions"}],"predecessor-version":[{"id":2020,"href":"https:\/\/www.jesusprieto.es\/index.php\/wp-json\/wp\/v2\/posts\/2007\/revisions\/2020"}],"wp:featuredmedia":[{"embeddable":true,"href":"https:\/\/www.jesusprieto.es\/index.php\/wp-json\/wp\/v2\/media\/2008"}],"wp:attachment":[{"href":"https:\/\/www.jesusprieto.es\/index.php\/wp-json\/wp\/v2\/media?parent=2007"}],"wp:term":[{"taxonomy":"category","embeddable":true,"href":"https:\/\/www.jesusprieto.es\/index.php\/wp-json\/wp\/v2\/categories?post=2007"},{"taxonomy":"post_tag","embeddable":true,"href":"https:\/\/www.jesusprieto.es\/index.php\/wp-json\/wp\/v2\/tags?post=2007"}],"curies":[{"name":"wp","href":"https:\/\/api.w.org\/{rel}","templated":true}]}}