{"id":1935,"date":"2018-04-23T17:03:25","date_gmt":"2018-04-23T17:03:25","guid":{"rendered":"http:\/\/www.jesusprieto.es\/?p=1935"},"modified":"2021-03-23T20:14:54","modified_gmt":"2021-03-23T20:14:54","slug":"regulacion-inteligente-en-espana","status":"publish","type":"post","link":"https:\/\/www.jesusprieto.es\/index.php\/2018\/04\/23\/regulacion-inteligente-en-espana\/","title":{"rendered":"Regulaci\u00f3n Inteligente en Espa\u00f1a"},"content":{"rendered":"\t\t<div data-elementor-type=\"wp-post\" data-elementor-id=\"1935\" class=\"elementor elementor-1935\">\n\t\t\t\t\t\t\t\t\t<section class=\"elementor-section elementor-top-section elementor-element elementor-element-0ddffc3 elementor-section-boxed elementor-section-height-default elementor-section-height-default\" data-id=\"0ddffc3\" data-element_type=\"section\">\n\t\t\t\t\t\t<div class=\"elementor-container elementor-column-gap-default\">\n\t\t\t\t\t<div class=\"elementor-column elementor-col-100 elementor-top-column elementor-element elementor-element-7e66575\" data-id=\"7e66575\" data-element_type=\"column\">\n\t\t\t<div class=\"elementor-widget-wrap elementor-element-populated\">\n\t\t\t\t\t\t\t\t<div class=\"elementor-element elementor-element-a967a7b elementor-widget elementor-widget-heading\" data-id=\"a967a7b\" data-element_type=\"widget\" data-widget_type=\"heading.default\">\n\t\t\t\t<div class=\"elementor-widget-container\">\n\t\t\t<h2 class=\"elementor-heading-title elementor-size-default\">Regulaci\u00f3n Inteligente en Espa\u00f1a<\/h2>\t\t<\/div>\n\t\t\t\t<\/div>\n\t\t\t\t\t<\/div>\n\t\t<\/div>\n\t\t\t\t\t\t\t<\/div>\n\t\t<\/section>\n\t\t\t\t<section class=\"elementor-section elementor-top-section elementor-element elementor-element-a0418ae elementor-section-boxed elementor-section-height-default elementor-section-height-default\" data-id=\"a0418ae\" data-element_type=\"section\">\n\t\t\t\t\t\t<div class=\"elementor-container elementor-column-gap-default\">\n\t\t\t\t\t<div class=\"elementor-column elementor-col-100 elementor-top-column elementor-element elementor-element-0c35440\" data-id=\"0c35440\" data-element_type=\"column\">\n\t\t\t<div class=\"elementor-widget-wrap elementor-element-populated\">\n\t\t\t\t\t\t\t\t<div class=\"elementor-element elementor-element-1865bb6 elementor-widget elementor-widget-text-editor\" data-id=\"1865bb6\" data-element_type=\"widget\" data-widget_type=\"text-editor.default\">\n\t\t\t\t<div class=\"elementor-widget-container\">\n\t\t\t\t\t\t\t<p>Buscamos un ejemplo de regulaci\u00f3n inteligente en Espa\u00f1a, analizando como sus caracter\u00edsticas se amoldan al arquetipo. Para ello primero delimitaremos que entendemos por regulaci\u00f3n inteligente, t\u00e9rmino que en los \u00faltimos a\u00f1os ha servido un poco para todo<a href=\"#_ftn1\" name=\"_ftnref1\">[1]<\/a> <a href=\"#_ftn2\" name=\"_ftnref2\">[2]<\/a>. Fern\u00e1ndez Diez-Picazo y Mateo Fe\u00edto definen en un art\u00edculo<a href=\"#_ftn3\" name=\"_ftnref3\">[3]<\/a> la <em>regulaci\u00f3n inteligente<\/em> como \u201cun marco regulatorio de calidad, basado en el conocimiento preciso de los factores en juego y la repercusi\u00f3n real de la normativa, (\u2026) se basa (\u2026) en el conocimiento de las mejores pr\u00e1cticas y la concienciaci\u00f3n sobre el impacto de las normas, (\u2026) [que] pasa por una efectiva comunicaci\u00f3n con el sector privado, como destinatario final de la pr\u00e1ctica regulatoria, y su inclusi\u00f3n activa a lo largo de todo el proceso normativo, mediante un ejercicio continuo de evaluaci\u00f3n\u201d. El manual de la asignatura a\u00f1ade a esta caracterizaci\u00f3n la existencia de terceros como reguladores de segundo nivel, as\u00ed como la articulaci\u00f3n de la regulaci\u00f3n a trav\u00e9s de est\u00e1ndares internacionales, la presi\u00f3n social o la autorregulaci\u00f3n.<\/p><p>He elegido como ejemplo la regulaci\u00f3n del control de contenidos del mercado Audiovisual respecto a menores que ejerce en estos momentos la Comisi\u00f3n Nacional de los Mercados y la Competencia (CNMC). El origen de esta regulaci\u00f3n lo encontramos en el C\u00f3digo de Autorregulaci\u00f3n sobre Contenidos Televisivos e Infancia firmado en 2004 entre el Gobierno y los principales canales televisivos<a href=\"#_ftn4\" name=\"_ftnref4\">[4]<\/a>. En las elecciones generales de aquel a\u00f1o, y en medio de un gran debate en torno a la calidad y contenidos de la televisi\u00f3n, los principales partidos ya estipulaban la autorregulaci\u00f3n de los actores o la creaci\u00f3n de organismos reguladores ad hoc<a href=\"#_ftn5\" name=\"_ftnref5\">[5]<\/a>. As\u00ed en diciembre de 2004<a href=\"#_ftn6\" name=\"_ftnref6\">[6]<\/a> se firma este acuerdo que regula el contenido y los horarios protegidos a menores, y establece la creaci\u00f3n de un Comit\u00e9 de Autorregulaci\u00f3n que emite dict\u00e1menes vinculantes e informes peri\u00f3dicos, as\u00ed como una Comisi\u00f3n Mixta de Seguimiento con capacidad para solicitar tramitaci\u00f3n de expedientes sancionadores por vulneraci\u00f3n del c\u00f3digo a la Administraci\u00f3n, y formada por las televisiones firmantes del c\u00f3digo y organizaciones representativas de la sociedad civil.<\/p><p><img loading=\"lazy\" decoding=\"async\" class=\"aligncenter wp-image-1939 size-full\" src=\"http:\/\/www.jesusprieto.es\/wp-content\/uploads\/2021\/03\/19-b.jpg\" alt=\"\" width=\"277\" height=\"182\" \/><\/p><p>La posterior Ley de Comunicaci\u00f3n Audiovisual 7\/2010<a href=\"#_ftn7\" name=\"_ftnref7\">[7]<\/a> estipulaba la creaci\u00f3n del Consejo Estatal de Medios Audiovisuales, supervisor independiente y con competencia para judicializar los contenidos audiovisuales, similar al existente en la pr\u00e1ctica totalidad de pa\u00edses europeos. El cambio de gobierno en 2012 y la Ley de Econom\u00eda Sostenible abortar\u00e1n su puesta en marcha<a href=\"#_ftn8\" name=\"_ftnref8\">[8]<\/a>, dando parte de sus competencias a la reci\u00e9n creada CNMC. Dentro de esta, ser\u00e1 el Consejo para la Competencia quien regule los contenidos audiovisuales. Este Consejo es elegido por el parlamento, se presupone \u201cindependiente\u201d<a href=\"#_ftn9\" name=\"_ftnref9\">[9]<\/a>, y asume la funci\u00f3n de autoridad administrativa audiovisual, siendo la secretar\u00eda de la Comisi\u00f3n Mixta, con voz pero sin voto. En 2015 se reformar\u00e1 el C\u00f3digo de 2004 en base a la experiencia acumulada<a href=\"#_ftn10\" name=\"_ftnref10\">[10]<\/a>.\u00a0<\/p><p>\u00a0<\/p><p>Encontramos en este ejemplo las principales caracter\u00edsticas de la regulaci\u00f3n inteligente: evaluaci\u00f3n continua del impacto mediante informes del comit\u00e9 y la comisi\u00f3n<a href=\"#_ftn11\" name=\"_ftnref11\">[11]<\/a>, protagonismo y comunicaci\u00f3n con el sector objeto de la regulaci\u00f3n, la inclusi\u00f3n de terceros en la regulaci\u00f3n y su articulaci\u00f3n a trav\u00e9s la presi\u00f3n social y la autorregulaci\u00f3n. \u00a0<\/p><p>No obstante, el resultado de la misma ha sido objeto de numerosas controversias. Muchos encuentran esta regulaci\u00f3n inoperante, tanto por la proliferaci\u00f3n de agentes tras el desarrollo de las TIC en los \u00faltimos a\u00f1os, como por el hecho de que las propias cadenas la incumplen incurriendo en sanciones poco m\u00e1s que testimoniales, ante la ausencia de un verdadero supervisor independiente.<\/p><p><a href=\"#_ftnref1\" name=\"_ftn1\">[1]<\/a> Comisi\u00f3n Europea: \u201cSmart Regulation in the European Union: COM(2010) 543 Final\u201d \u2013 08\/10\/2010- <em>Comisi\u00f3n Europea<\/em> &#8211; <a href=\"https:\/\/eur-lex.europa.eu\/legal-content\/EN\/TXT\/PDF\/?uri=CELEX:52010DC0543&amp;from=ES\">https:\/\/eur-lex.europa.eu\/legal-content\/EN\/TXT\/PDF\/?uri=CELEX:52010DC0543&amp;from=ES<\/a><\/p><p><a href=\"#_ftnref2\" name=\"_ftn2\">[2]<\/a> Klingbeil, Marianne, \u201cSmart Regulation\u201d \u2013 2010 \u2013 <em>Secretaria General de la Comisi\u00f3n Europea- <\/em><a href=\"https:\/\/www.oecd.org\/regreform\/policyconference\/46528683.pdf\">https:\/\/www.oecd.org\/regreform\/policyconference\/46528683.pdf<\/a><\/p><p><a href=\"#_ftnref3\" name=\"_ftn3\">[3]<\/a> Fern\u00e1ndez Diez-Picazo, Miguel \/ Mateo Fe\u00edto, Mar\u00eda \u2013 \u201cEvaluaci\u00f3n de impacto normativo en Espa\u00f1a\u201d \u2013\u00a0 2012 &#8211;\u00a0 <em>Presupuesto y Gasto P\u00fablico 68\/2012- Instituto Estudios Fiscales<\/em> <a href=\"http:\/\/www.ief.es\/documentos\/recursos\/publicaciones\/revistas\/presu_gasto_publico\/68_06.pdf\">http:\/\/www.ief.es\/documentos\/recursos\/publicaciones\/revistas\/presu_gasto_publico\/68_06.pdf<\/a>\u00a0<\/p><p><a href=\"#_ftnref4\" name=\"_ftn4\">[4]<\/a> C\u00f3digo de Autorregulaci\u00f3n sobre contenidos televisivos e infancia- 2004 &#8211; <a href=\"https:\/\/web.archive.org\/web\/20060524125409\/http:\/www.ceapa.es\/zip\/AutoRegulacionTV.pdf\">https:\/\/web.archive.org\/web\/20060524125409\/http:\/\/www.ceapa.es\/zip\/AutoRegulacionTV.pdf<\/a>\u00a0<\/p><p><a href=\"#_ftnref5\" name=\"_ftn5\">[5]<\/a> EFE \u2013 \u201cElecciones \u2013 Control Medi\u00e1tico\u201d \u2013 2004 \u2013 <em>ElDia.es &#8211;<\/em> <a href=\"https:\/\/eldia.es\/2004-02-28\/ELECCIONES\/12-Control-mediatico.htm\">https:\/\/eldia.es\/2004-02-28\/ELECCIONES\/12-Control-mediatico.htm<\/a><\/p><p><a href=\"#_ftnref6\" name=\"_ftn6\">[6]<\/a> Gomez, Rosario \u201c El Gobierno y las cadenas firman el c\u00f3digo contra la telebasura en horario infantil\u201d \u2013 2004 \u2013 <em>EL PAIS &#8211; <\/em><a href=\"https:\/\/elpais.com\/diario\/2004\/12\/10\/sociedad\/1102633203_850215.html\">https:\/\/elpais.com\/diario\/2004\/12\/10\/sociedad\/1102633203_850215.html<\/a><\/p><p><a href=\"#_ftnref7\" name=\"_ftn7\">[7]<\/a> Ley 7\/2010, de 31 de marzo, General de la Comunicaci\u00f3n Audiovisual &#8211; <a href=\"https:\/\/www.boe.es\/buscar\/pdf\/2010\/BOE-A-2010-5292-consolidado.pdf\">https:\/\/www.boe.es\/buscar\/pdf\/2010\/BOE-A-2010-5292-consolidado.pdf<\/a><\/p><p><a href=\"#_ftnref8\" name=\"_ftn8\">[8]<\/a> \u201cAdi\u00f3s al Consejo Estatal de Medios Audiovisuales\u201d- 2012 \u2013 <em>Panorama Audiovisual- <\/em><a href=\"https:\/\/www.panoramaaudiovisual.com\/2012\/01\/24\/adios-al-consejo-estatal-de-medios-audiovisuales\/\">https:\/\/www.panoramaaudiovisual.com\/2012\/01\/24\/adios-al-consejo-estatal-de-medios-audiovisuales\/<\/a><\/p><p><a href=\"#_ftnref9\" name=\"_ftn9\">[9]<\/a> Jabonero, Daniel- \u201cUn inexistente organismo independiente que regule la televisi\u00f3n en Espa\u00f1a\u201d \u2013 2015\u00a0 <em>&#8211; El Espa\u00f1ol.com<\/em> &#8211; <a href=\"https:\/\/www.elespanol.com\/bluper\/noticias\/inexistente-organismo-independiete-regule-television-espa%C3%B1a\">https:\/\/www.elespanol.com\/bluper\/noticias\/inexistente-organismo-independiete-regule-television-espa%C3%B1a<\/a><\/p><p><a href=\"#_ftnref10\" name=\"_ftn10\">[10]<\/a> Sanz Ezquerro, David- \u201c El intrincado laberinto que protege a los ni\u00f1os en la televisi\u00f3n\u201d \u2013 2015 \u2013 <em>El Mundo &#8211; <\/em><a href=\"http:\/\/www.elmundo.es\/television\/2015\/12\/23\/5679aab7e2704e803c8b4630.html\">http:\/\/www.elmundo.es\/television\/2015\/12\/23\/5679aab7e2704e803c8b4630.html<\/a><\/p><p><a href=\"#_ftnref11\" name=\"_ftn11\">[11]<\/a> Informes- <em>Tvinfancia.es &#8211;<\/em> <a href=\"http:\/\/tvinfancia.es\/tvinfancia\/content\/informes\">http:\/\/tvinfancia.es\/tvinfancia\/content\/informes<\/a><\/p>\t\t\t\t\t\t<\/div>\n\t\t\t\t<\/div>\n\t\t\t\t\t<\/div>\n\t\t<\/div>\n\t\t\t\t\t\t\t<\/div>\n\t\t<\/section>\n\t\t\t\t\t\t\t<\/div>\n\t\t","protected":false},"excerpt":{"rendered":"<p>Regulaci\u00f3n Inteligente en Espa\u00f1a Buscamos un ejemplo de regulaci\u00f3n inteligente en Espa\u00f1a, analizando como sus caracter\u00edsticas se amoldan al arquetipo.<\/p>\n","protected":false},"author":1,"featured_media":1936,"comment_status":"closed","ping_status":"closed","sticky":false,"template":"","format":"standard","meta":{"colormag_page_layout":"no_sidebar_full_width","footnotes":""},"categories":[47],"tags":[63],"class_list":["post-1935","post","type-post","status-publish","format-standard","has-post-thumbnail","hentry","category-politica","tag-politica"],"_links":{"self":[{"href":"https:\/\/www.jesusprieto.es\/index.php\/wp-json\/wp\/v2\/posts\/1935","targetHints":{"allow":["GET"]}}],"collection":[{"href":"https:\/\/www.jesusprieto.es\/index.php\/wp-json\/wp\/v2\/posts"}],"about":[{"href":"https:\/\/www.jesusprieto.es\/index.php\/wp-json\/wp\/v2\/types\/post"}],"author":[{"embeddable":true,"href":"https:\/\/www.jesusprieto.es\/index.php\/wp-json\/wp\/v2\/users\/1"}],"replies":[{"embeddable":true,"href":"https:\/\/www.jesusprieto.es\/index.php\/wp-json\/wp\/v2\/comments?post=1935"}],"version-history":[{"count":4,"href":"https:\/\/www.jesusprieto.es\/index.php\/wp-json\/wp\/v2\/posts\/1935\/revisions"}],"predecessor-version":[{"id":1942,"href":"https:\/\/www.jesusprieto.es\/index.php\/wp-json\/wp\/v2\/posts\/1935\/revisions\/1942"}],"wp:featuredmedia":[{"embeddable":true,"href":"https:\/\/www.jesusprieto.es\/index.php\/wp-json\/wp\/v2\/media\/1936"}],"wp:attachment":[{"href":"https:\/\/www.jesusprieto.es\/index.php\/wp-json\/wp\/v2\/media?parent=1935"}],"wp:term":[{"taxonomy":"category","embeddable":true,"href":"https:\/\/www.jesusprieto.es\/index.php\/wp-json\/wp\/v2\/categories?post=1935"},{"taxonomy":"post_tag","embeddable":true,"href":"https:\/\/www.jesusprieto.es\/index.php\/wp-json\/wp\/v2\/tags?post=1935"}],"curies":[{"name":"wp","href":"https:\/\/api.w.org\/{rel}","templated":true}]}}