{"id":1891,"date":"2017-12-31T16:29:51","date_gmt":"2017-12-31T16:29:51","guid":{"rendered":"http:\/\/www.jesusprieto.es\/?p=1891"},"modified":"2021-03-23T20:16:21","modified_gmt":"2021-03-23T20:16:21","slug":"la-otan-en-la-administracion-trump","status":"publish","type":"post","link":"https:\/\/www.jesusprieto.es\/index.php\/2017\/12\/31\/la-otan-en-la-administracion-trump\/","title":{"rendered":"La OTAN en la Administraci\u00f3n Trump"},"content":{"rendered":"\t\t<div data-elementor-type=\"wp-post\" data-elementor-id=\"1891\" class=\"elementor elementor-1891\">\n\t\t\t\t\t\t\t\t\t<section class=\"elementor-section elementor-top-section elementor-element elementor-element-a8efe5b elementor-section-boxed elementor-section-height-default elementor-section-height-default\" data-id=\"a8efe5b\" data-element_type=\"section\">\n\t\t\t\t\t\t<div class=\"elementor-container elementor-column-gap-default\">\n\t\t\t\t\t<div class=\"elementor-column elementor-col-100 elementor-top-column elementor-element elementor-element-2a42afd\" data-id=\"2a42afd\" data-element_type=\"column\">\n\t\t\t<div class=\"elementor-widget-wrap elementor-element-populated\">\n\t\t\t\t\t\t\t\t<div class=\"elementor-element elementor-element-ff84acf elementor-widget elementor-widget-heading\" data-id=\"ff84acf\" data-element_type=\"widget\" data-widget_type=\"heading.default\">\n\t\t\t\t<div class=\"elementor-widget-container\">\n\t\t\t<h2 class=\"elementor-heading-title elementor-size-default\">La OTAN en la Administraci\u00f3n Trump<\/h2>\t\t<\/div>\n\t\t\t\t<\/div>\n\t\t\t\t\t<\/div>\n\t\t<\/div>\n\t\t\t\t\t\t\t<\/div>\n\t\t<\/section>\n\t\t\t\t<section class=\"elementor-section elementor-top-section elementor-element elementor-element-813c66a elementor-section-boxed elementor-section-height-default elementor-section-height-default\" data-id=\"813c66a\" data-element_type=\"section\">\n\t\t\t\t\t\t<div class=\"elementor-container elementor-column-gap-default\">\n\t\t\t\t\t<div class=\"elementor-column elementor-col-100 elementor-top-column elementor-element elementor-element-3b381a8\" data-id=\"3b381a8\" data-element_type=\"column\">\n\t\t\t<div class=\"elementor-widget-wrap elementor-element-populated\">\n\t\t\t\t\t\t\t\t<div class=\"elementor-element elementor-element-3e5b090 elementor-widget elementor-widget-text-editor\" data-id=\"3e5b090\" data-element_type=\"widget\" data-widget_type=\"text-editor.default\">\n\t\t\t\t<div class=\"elementor-widget-container\">\n\t\t\t\t\t\t\t<p>Este art\u00edculo se centrar\u00e1 enlos posibles cambios que la presidencia de Donald Trump pueda haber impulsado en la Administraci\u00f3n norteamericana respecto a esta organizaci\u00f3n. Para ello lo estructurar\u00e9 en cuatro partes: en la primera analizar\u00e9 el estado de las relaciones entre la OTAN y los Estados Unidos durante la Administraci\u00f3n Obama. Intentar\u00e9 hacer un balance de la situaci\u00f3n que hered\u00f3 el gobierno de Donald Trump. En segundo lugar, resumir\u00e9 la visi\u00f3n y las propuestas de Trump durante la campa\u00f1a electoral y el periodo de Transici\u00f3n. Elaborar\u00e9 un recorrido temporal de declaraciones donde veremos la evoluci\u00f3n del asunto para el candidato. En la tercera parte examinar\u00e9 las pol\u00edticas y manifestaciones de la incipiente Administraci\u00f3n Trump respecto a la organizaci\u00f3n atl\u00e1ntica, centr\u00e1ndonos especialmente en la Cumbre de Bruselas de mayo 2017 y en la Nueva Estrategia Nacional de Seguridad de diciembre 2017. La cercan\u00eda a los hechos tambi\u00e9n me obligar\u00e1 a una exposici\u00f3n cronol\u00f3gica de su actuaci\u00f3n en estos \u00faltimos meses. Por \u00faltimo finalizar\u00e9 con mis conclusiones.<\/p><p><strong><em>\u00a0<\/em><\/strong><\/p><p><span style=\"color: #000080;\"><strong><em><u>EL VALOR DE LA OTAN PARA LA ADMINISTRACI\u00d3N OBAMA<\/u><\/em><\/strong><\/span><\/p><p>\u00a0\u00a0\u00a0\u00a0\u00a0\u00a0\u00a0\u00a0\u00a0\u00a0\u00a0El 8 y 9 de julio de 2016 la OTAN celebr\u00f3 en Varsovia su 28\u00aa cumbre. Durante ella el Presidente Obama ofreci\u00f3 una rueda de prensa \u00a0donde reiter\u00f3 que \u201c<em>en los buenos y malos tiempos, Europa puede contar con los Estados Unidos, siempre \u00a0(\u2026) no solo hemos reafirmado nuestro compromiso con las obligaciones del Art\u00edculo 5 respecto a nuestra seguridad en com\u00fan, sino que hemos ido m\u00e1s all\u00e1, con el refuerzo m\u00e1s significativo en nuestra defensa colectiva desde la Guerra Fr\u00eda<\/em>\u201d. Todo ello bajo un contexto donde \u201c<em>quiz\u00e1 en los casi 70 a\u00f1os de la Alianza nunca nos hayamos enfrentado a tal cantidad de desaf\u00edos a la vez<\/em>\u201d <a href=\"#_ftn1\" name=\"_ftnref1\">[1]<\/a>.\u00a0 Resumi\u00f3 dichos desaf\u00edos en cuatro grandes temas: los ataques terroristas de ISIS a los pa\u00edses miembros, Rusia con su injerencia en la soberan\u00eda ucraniana y su \u201c<em>comportamiento provocador\u201d <\/em>hacia diversos aliados de la OTAN, la crisis de migraci\u00f3n provocada fundamentalmente por la guerra en Siria y el voto a favor del Brexit producido el mes anterior a la cumbre. Obama resumi\u00f3 su visi\u00f3n estableciendo que \u201c<em>la OTAN es tan fuerte, tan \u00e1gil y est\u00e1 tan preparado como siempre (\u2026) nadie deber\u00eda dudar de la resoluci\u00f3n de esta Alianza de permanecer unidos y enfocados en el futuro\u201d <sup>1<\/sup>.<\/em><\/p><p>Pese a estas intenciones que a primera vista parecen claras, muchos analistas han definido la pol\u00edtica exterior de la Administraci\u00f3n Obama como ambigua: si bien se subraya cierta distensi\u00f3n respecto a la anterior Administraci\u00f3n Bush, tambi\u00e9n se presenta como decepcionante e incluso fallida. As\u00ed se la ha clasificado generalmente como pragm\u00e1tica, para algunos, Obama ha intentado ser a la vez un realista y un idealista. Christian N\u00fcnlist resume que \u201c<em>si bien no ha existido una \u201cDoctrina Obama\u201d oficial entre 2009 y 2016, su visi\u00f3n de la pol\u00edtica exterior se bas\u00f3 en una deliberaci\u00f3n estrat\u00e9gica. Su pol\u00edtica exterior ha sido marcada por la conciencia de que Estados Unidos tiene cada vez menos recursos para enfrentar desaf\u00edos cada vez m\u00e1s complejos. Por tanto, el Presidente redujo los intereses estrat\u00e9gicos del pa\u00eds y se centr\u00f3 en aquellos asuntos especialmente urgentes de pol\u00edtica exterior\u201d <\/em><a href=\"#_ftn2\" name=\"_ftnref2\">[2]<\/a><em>. <\/em>Stephen M. Walt cree que se ha consumado una tragedia en pol\u00edtica exterior, pues \u201c<em>tuvo la oportunidad de remodelar el papel de los Estados Unidos en el mundo, y en ocasiones pareci\u00f3 que quer\u00eda hacerlo. La crisis de 2008-2009 fue el momento ideal para abandonar la fallida estrategia de ser el hegem\u00f3n liberal que los Estados Unidos hab\u00edan perseguido desde el final de la Guerra Fr\u00eda, pero al final Obama nunca rompi\u00f3 con ese enfoque familiar pero fallido\u201d <\/em><a href=\"#_ftn3\" name=\"_ftnref3\">[3]<\/a><em>. <\/em>Resumiendo, seg\u00fan nos dice Geoff Dyer, Obama habr\u00eda \u201c<em>intentado llevar a su pa\u00eds a una nueva era de ambiciones en pol\u00edtica exterior m\u00e1s modestas que reflejaran las realidades de un mundo multipolar, pero que deja al gobierno enfrentando crecientes confrontaciones geopol\u00edticas con potencias emergentes como Rusia y China\u201d<\/em> \u00a0<a href=\"#_ftn4\" name=\"_ftnref4\">[4]<\/a><em>.<\/em><\/p><p><img loading=\"lazy\" decoding=\"async\" class=\"wp-image-1893 size-full aligncenter\" src=\"http:\/\/www.jesusprieto.es\/wp-content\/uploads\/2021\/03\/16-b.jpg\" alt=\"\" width=\"299\" height=\"168\" \/><\/p><p>Si nos centramos en las relaciones trasatl\u00e1nticas, Obama intent\u00f3 al principio de su mandato seguir dos caminos: restaurar las da\u00f1adas relaciones con los socios europeos, y a la vez intentar mantener el liderazgo estrat\u00e9gico y militar global de los Estados Unidos pero a un menor precio. \u201c<em>Frente al uso del poder\u00edo militar, Obama preferir\u00e1 la participaci\u00f3n y la negociaci\u00f3n, el multilateralismo, compartir la carga, y las respuestas colectivas a los problemas y desaf\u00edos globales. En Europa, su demanda de compartir la carga no ha ca\u00eddo en saco roto. As\u00ed, la Canciller Merkel ha jugado un papel principal en el intento de resolver la crisis de Ucrania diplom\u00e1ticamente. Los europeos tambi\u00e9n han extendido su apoyo militar a los Estados Unidos frente a lo usual de cara a aumentar la tranquilidad y la disuasi\u00f3n con la OTAN y la lucha contra ISIS\u201d <sup>2<\/sup>.<\/em><\/p><p>Reflejo de esta intenci\u00f3n ser\u00e1 el Tercer Concepto Estrat\u00e9gico de la OTAN aprobado en la cumbre de Lisboa de 2010, donde se establece que muchas de las amenazas que afrontan los pa\u00edses miembros proceden de fuera de su vecindad inmediata, as\u00ed la organizaci\u00f3n deber\u00e1 tener mayor presencia de fuerzas desplegables en otros puntos del globo o actuar contra nuevas amenazas como la ciberseguridad. Punto fundamental de este Concepto Estrat\u00e9gico ser\u00e1 la imposici\u00f3n de actuaci\u00f3n de acuerdo con el Consejo de Seguridad de las Naciones Unidas y una mayor cooperaci\u00f3n con la Uni\u00f3n Europea. Ideas similares encontraremos en la Estrategia de Seguridad Nacional de 2010 de la propia Administraci\u00f3n estadounidense que reitera el papel fundamental de la OTAN dentro de su concepci\u00f3n geopol\u00edtica de la defensa y la seguridad.<\/p><p>Junto a estas declaraciones de intenciones, encontraremos dos l\u00edneas de actuaci\u00f3n respecto a la defensa europea que contradicen en cierto modo las manifestaciones anteriores. As\u00ed, desde el principio de su mandato, el foco de atenci\u00f3n de la Administraci\u00f3n Obama se situ\u00f3 en incrementar su papel en la regi\u00f3n Asia-Pac\u00edfico, incluyendo los \u00e1mbitos de su pol\u00edtica econ\u00f3mica, exterior y de seguridad, en detrimento seg\u00fan muchos de su relaci\u00f3n con los pa\u00edses europeos. Este cambio estrat\u00e9gico se reflej\u00f3 as\u00ed en una entrevista a Obama de 2010 el director de El Pa\u00eds donde \u00e9ste le pregunta: \u201ce<em>n su \u00faltimo desplazamiento al exterior usted consumi\u00f3 10 d\u00edas en Asia y pas\u00f3 tres en India. En cambio, solo va a estar tres horas en Lisboa con los l\u00edderes de la Uni\u00f3n Europea. \u00bfEs eso el reflejo de las nuevas prioridades de su pol\u00edtica exterior?<\/em> \u201c\u00a0 <a href=\"#_ftn5\" name=\"_ftnref5\">[5]<\/a><\/p><p>Una segunda l\u00ednea de actuaci\u00f3n que muchos analistas resaltan, ser\u00eda el deseo americano de impulsar a los pa\u00edses europeos a asumir su propia responsabilidad en materias de defensa y seguridad. Javier Garc\u00eda presenta en su art\u00edculo como los EE.UU. buscaron reequilibrar su posici\u00f3n en una \u00e9poca de escasez de recursos, tanto respecto al n\u00famero de efectivos americanos en Europa como en el cumplimiento de la directriz de dedicar al menos el 2% del PNB a defensa.\u00a0<\/p><p>La propia Uni\u00f3n Europea pareci\u00f3 recoger este guante en su Estrategia global para la pol\u00edtica exterior y de seguridad de 2016, \u201c<em>Una visi\u00f3n com\u00fan, una actuaci\u00f3n conjunta: una Europa m\u00e1s fuerte<\/em><em>\u201d, <\/em>manifestando la ambici\u00f3n de llegar a una \u201cautonom\u00eda estrat\u00e9gica\u201d para la Uni\u00f3n Europea. Sin cuestionar que la OTAN es el marco principal de cooperaci\u00f3n en defensa colectiva para la mayor parte de los estados de la Uni\u00f3n, pero sin olvidar que <em>\u201cla UE necesita consolidarse como comunidad de seguridad: los esfuerzos en materia de seguridad y defensa europeas deber\u00edan capacitar a la UE para que act\u00fae de manera aut\u00f3noma y contribuya tambi\u00e9n a emprender acciones en cooperaci\u00f3n con la OTAN. Una defensa europea m\u00e1s fiable es indispensable tambi\u00e9n en aras de una\u00a0 asociaci\u00f3n transatl\u00e1ntica saneada con los Estados Unidos\u201d <a href=\"#_ftn6\" name=\"_ftnref6\"><strong>[6]<\/strong><\/a><\/em><\/p><p>No obstante, algunos analistas presentan a Obama como el menos atlantista de los presidentes desde la postguerra, alguien que ve a la OTAN como una mera reliquia de la Guerra Fr\u00eda.<\/p><p>Cronol\u00f3gicamente, y refiri\u00e9ndonos al \u00e1mbito de las relaciones euro-atl\u00e1nticas, el gobierno Obama se inaugur\u00f3 con un intento de distensi\u00f3n con Rusia. La firma del nuevo tratado START en 2009 o el abandono como prioridad de la extensi\u00f3n de la OTAN hacia el entorno de pa\u00edses post-sovi\u00e9ticos reflejan esta tentativa. Tambi\u00e9n la retirada de tropas de la coalici\u00f3n de Irak y el nuevo estilo de la diplomacia americana ayudo a destensar las relaciones entre los propios miembros de la alianza. Pero las sucesivas crisis de Libia y Siria pondr\u00e1n de nuevo de manifiesto las discrepancias entre los mismos miembros, aunque el deterioro de las relaciones con Rusia a partir de la anexi\u00f3n de Crimea en 2014 y el conflicto con Ucrania ser\u00e1 lo que vuelva a colocar a la OTAN como un actor esencial de la pol\u00edtica europea y estadounidense. Esta reaparici\u00f3n de la amenaza rusa conllev\u00f3 un considerable aumento del presupuesto estadounidense destinado a fortalecer la frontera Este-europea de los pa\u00edses miembros de la OTAN.<\/p><p>Durante su mandato la Administraci\u00f3n Obama aprob\u00f3 dos Estrategias Nacionales de Seguridad, en 2010 y 2015. Analizando la \u00faltima de ellas en relaci\u00f3n a Europa y la OTAN, ya se advert\u00eda que en respuesta a las recientes agresiones rusas, los Estados Unidos estaban dispuestos a incrementar la presencia militar en Europa. Precisamente las amenazas provenientes de ISIS y Rusia se presentaban como causa principal para actualizar la Estrategia. En ella se incorporaba la noci\u00f3n de \u201cpaciencia estrat\u00e9gica\u201d como respuesta a los nuevos retos, mediante la idea de construir la seguridad por medio de la legislaci\u00f3n internacional, las alianzas y coaliciones y mediante acciones militares unilaterales reservadas para la defensa de los intereses americanos.<\/p><p><img loading=\"lazy\" decoding=\"async\" class=\"wp-image-1894 size-full aligncenter\" src=\"http:\/\/www.jesusprieto.es\/wp-content\/uploads\/2021\/03\/16-c.png\" alt=\"\" width=\"326\" height=\"155\" srcset=\"https:\/\/www.jesusprieto.es\/wp-content\/uploads\/2021\/03\/16-c.png 326w, https:\/\/www.jesusprieto.es\/wp-content\/uploads\/2021\/03\/16-c-300x143.png 300w\" sizes=\"auto, (max-width: 326px) 100vw, 326px\" \/><\/p><p>La OTAN se enfatiza como crucial a la hora\u00a0 de construir esta seguridad internacional, no solo dentro de los aspectos de una defensa colectiva, sino desarrollando capacidades dentro de otros dos \u00e1mbitos: la gesti\u00f3n de crisis (tambi\u00e9n fuera del \u00e1rea euro-atl\u00e1ntica) y la seguridad cooperativa (que incluir\u00eda tanto asistencia en seguridad como entrenamiento de aliados). Para ello la estrategia 2015 solicitaba que los aliados europeos incrementaran sus presupuestos en defensa y tomen m\u00e1s responsabilidad respecto a su propia seguridad. Adem\u00e1s frente a amenazas como ISIS ve\u00eda esencial que se fortaleciera la unidad de la Alianza y su capacidad para defender su territorio y el de otros aliados. En contrapartida, la Administraci\u00f3n Obama ofrec\u00eda la finalizaci\u00f3n de los recortes de los \u00faltimos a\u00f1os en el presupuesto americano de defensa y seguridad destinado a Europa, mayor presencia de fuerzas militares e inversiones.<\/p><p>Resumir\u00edamos la posici\u00f3n de la Administraci\u00f3n Obama respecto a los socios europeos y la OTAN en cinco puntos principales:<\/p><ul><li>Mejora de las relaciones bilaterales y diplom\u00e1tica con los pa\u00edses aliados respecto a la anterior Administraci\u00f3n Bush.<\/li><li>Durante los primeros a\u00f1os de su mandato, voluntad de los EEUU de reducir su participaci\u00f3n en la defensa europea en relaci\u00f3n a otras prioridades geoestrat\u00e9gicas, principalmente el \u00e1mbito Asia-Pac\u00edfico. Asunci\u00f3n de una nueva etapa de multipolaridad, donde Europa ya no es un campo estrat\u00e9gico y primordial para la seguridad y defensa norteamericana. Pero al final de su mandato, las amenazas Rusas y del ISIS volver\u00e1n a colocar Europa como prioridad estrat\u00e9gica americana.<\/li><li>Incremento del multilateralismo, ya no solo dentro de la Alianza Atl\u00e1ntica, sino de esta respecto a otras organizaciones y actores internacionales.<\/li><li>Decidido apoyo estadounidense a la integraci\u00f3n europea, como veh\u00edculo para conseguir la independencia europea en materia de seguridad y defensa.<\/li><li>Evoluci\u00f3n de la OTAN hacia una organizaci\u00f3n implicada en una seguridad global, m\u00e1s all\u00e1 de las propias fronteras europeas y de los \u00e1mbitos cl\u00e1sicos de defensa (terrorismo internacional, ciberseguridad, crisis migratorias\u2026)<\/li><\/ul><p><strong><em>\u00a0<\/em><\/strong><strong><em>\u00a0<\/em><\/strong><\/p><p><span style=\"color: #000080;\"><strong><em><u>LA PRESENCIA DE LA OTAN EN LA CAMPA\u00d1A DE TRUMP Y EL<\/u><\/em><\/strong> <strong><em><u>PERIODO DE TRANSICI\u00d3N<\/u><\/em><\/strong><\/span><\/p><p>\u00a0\u00a0\u00a0\u00a0\u00a0\u00a0\u00a0\u00a0\u00a0\u00a0\u00a0La afirmaci\u00f3n que antes indic\u00e1bamos de Obama durante la cumbre de Varsovia de julio 2016, respecto a que \u201c<em>Europa puede contar con los Estados Unidos, siempre\u201d <\/em>venia claramente provocada por las cr\u00edticas que en aquel momento realizaba a la organizaci\u00f3n Donald Trump, en aquel entonces candidato in pectore del Partido Republicano a las elecciones presidenciales.<\/p><p>Si bien Trump ya hab\u00eda manifestado sus reticencias anteriormente hacia la OTAN, las Naciones Unidas y otras organizaciones internacionales, ser\u00e1 en abril de 2016 cuando recrudezca sus cr\u00edticas. En ese momento tal solo compite contra el senador Ted Cruz para la nominaci\u00f3n republicana, pero su ventaja en delegados le coloca ya en una posici\u00f3n imbatible. Tras una entrevista con el New York Times, y durante un mitin en Wisconsin, Trump aduce que la OTAN es una organizaci\u00f3n obsoleta que mejor estar\u00eda disuelta. Su principal argumento es que el resto de los miembros de la alianza no estar\u00edan pagando un precio justo en comparaci\u00f3n con los Estados Unidos. Seg\u00fan el candidato, mientras los EEUU estar\u00edan protegiendo a sus socios, estos estar\u00edan estafando a los americanos. Solo habr\u00eda una soluci\u00f3n posible: o el resto de miembros de la alianza paga por todas esas deficiencias pasadas o tendr\u00edan que irse. Seg\u00fan Trump, la OTAN habr\u00eda sido un instrumento dise\u00f1ado para luchar contra la Uni\u00f3n Sovi\u00e9tica, que ya no existe, no fue dise\u00f1ada para luchar contra el terrorismo que hoy ser\u00eda el problema principal, por esta raz\u00f3n es obsoleta. Asegura que Estados Unidos no puede ser el polic\u00eda del mundo mientras mantiene una deuda externa de 20 trillones de d\u00f3lares.<\/p><p>Posteriormente en una nueva entrevista con el New York Times (y coincidiendo con el final de la Cumbre de Varsovia), a\u00f1adir\u00eda a sus cr\u00edticas que en caso de ser elegido presidente no respaldar\u00eda autom\u00e1ticamente a los aliados de la OTAN en caso de un ataque ruso, en contradicci\u00f3n con el art\u00edculo 5 de la alianza. Seg\u00fan Trump, solo defender\u00eda a aquellos pa\u00edses \u201c<em>que hayan cumplido totalmente sus obligaciones con nosotros\u201d <a href=\"#_ftn7\" name=\"_ftnref7\"><strong>[7]<\/strong><\/a><\/em> y hayan contribuido a la alianza.<\/p><p>Su visi\u00f3n de la OTAN se enmarca perfectamente dentro de un discurso definido mediante una simple idea: Am\u00e9rica First. Los males de los estadounidenses provienen del exterior, la globalizaci\u00f3n y el multilateralismo. Construir\u00e1 su campa\u00f1a en base a im\u00e1genes como el muro a construir en la frontera con M\u00e9xico (que solucionar\u00eda la inmigraci\u00f3n que provoca el desempleo de los americanos o la inseguridad relacionada con la delincuencia y el narcotr\u00e1fico), la prohibici\u00f3n de entrada al pa\u00eds a emigrantes musulmanes (que frenar\u00eda el terrorismo); la denuncia de los tratados comerciales como el TTP con los pa\u00edses del Pac\u00edfico o el NAFTA con Canad\u00e1 y M\u00e9xico (causantes del desempleo, la deslocalizaci\u00f3n y la desindustrializaci\u00f3n); o la promesa de cancelar el acuerdo de Paris contra el Cambio Clim\u00e1tico (que no ser\u00eda m\u00e1s que una invenci\u00f3n de sus competidores comerciales para frenar y restringir el crecimiento econ\u00f3mico norteamericano).<\/p><p><img loading=\"lazy\" decoding=\"async\" class=\"alignnone wp-image-1896 size-full\" src=\"http:\/\/www.jesusprieto.es\/wp-content\/uploads\/2021\/03\/16-f.jpg\" alt=\"\" width=\"1200\" height=\"831\" srcset=\"https:\/\/www.jesusprieto.es\/wp-content\/uploads\/2021\/03\/16-f.jpg 1200w, https:\/\/www.jesusprieto.es\/wp-content\/uploads\/2021\/03\/16-f-300x208.jpg 300w, https:\/\/www.jesusprieto.es\/wp-content\/uploads\/2021\/03\/16-f-1024x709.jpg 1024w, https:\/\/www.jesusprieto.es\/wp-content\/uploads\/2021\/03\/16-f-768x532.jpg 768w, https:\/\/www.jesusprieto.es\/wp-content\/uploads\/2021\/03\/16-f-392x272.jpg 392w, https:\/\/www.jesusprieto.es\/wp-content\/uploads\/2021\/03\/16-f-130x90.jpg 130w, https:\/\/www.jesusprieto.es\/wp-content\/uploads\/2021\/03\/16-f-600x417.jpg 600w\" sizes=\"auto, (max-width: 1200px) 100vw, 1200px\" \/><\/p><p>La doctrina del Am\u00e9rica First se presentaba como una soluci\u00f3n m\u00e1s all\u00e1 del unilateralismo y el aislacionismo. En todo caso promet\u00eda un cambio radical de las relaciones exteriores y geoestrat\u00e9gicas estadounidenses y como tal fue combatida radicalmente tanto por el resto de contendientes republicanos a la nominaci\u00f3n, como por la otra candidata y el Partido Dem\u00f3crata. Precisamente las cr\u00edticas a unas posiciones calificadas como naif y peligrosamente desestabilizadoras por buena parte de los analistas provocaron en Septiembre de 2016 (en plena campa\u00f1a por la presidencia contra la exsecretaria de estado Clinton) un brusco cambio de direcci\u00f3n en el discurso de Trump sobre defensa y seguridad. Primero present\u00f3 la adhesi\u00f3n a su candidatura de 88 generales retirados, declarando que \u201c<em>solo podemos hacer Am\u00e9rica grande de nuevo si aseguramos que nuestro ej\u00e9rcito siga siendo la mejor fuerza de combate del mundo\u201d <a href=\"#_ftn8\" name=\"_ftnref8\"><strong>[8]<\/strong><\/a><\/em>. D\u00edas despu\u00e9s durante un mitin en Filadelfia, asegur\u00f3 que ya no era un problema convertirse en el polic\u00eda del mundo, ni era justo atacar al Congreso por el excesivo gasto en defensa. Todo lo contrario, ahora el candidato Trump ve necesario recuperar el tradicional discurso republicano: hay que aumentar los fondos destinados al ej\u00e9rcito y la marina, se necesitan mejores sistemas defensivos de misiles, m\u00e1s barcos y aviones de combate. Si hasta entonces hab\u00eda estimado que los topes presupuestarios obligatorios a gastos de defensa eran demasiado flojos y deber\u00edan ser m\u00e1s estrictos, ahora aboga por su eliminaci\u00f3n: la misi\u00f3n es reconstruir el ej\u00e9rcito. Como gran promesa asegura que en caso de llegar a presidente solicitar\u00e1 a los generales un plan para acabar con ISIS en 30 d\u00edas. Trump ha girado su discurso para convertirse en un halc\u00f3n.<\/p><p>A final del mismo mes, Donald Trump rectificar\u00e1 tambi\u00e9n su imagen de la OTAN declarando que est\u00e1 completamente a favor de la alianza. Seg\u00fan sus nuevas afirmaciones, si antes opinaba que la OTAN estaba obsoleta era debido a que no centraba sus esfuerzos en la lucha contra el terrorismo. Aun as\u00ed seguir\u00e1 criticando que EEUU paga el 73% del coste de la alianza, lo que considera un gasto excesivo para proteger a otros pa\u00edses.<\/p><p>Su elecci\u00f3n como presidente provocar\u00e1 que todas estas contradicciones pasen a primer t\u00e9rmino del debate pol\u00edtico internacional, provocando diversas reacciones en todo tipo de \u00e1mbitos empuj\u00e1ndole a mantener el statu quo existente y a definir lo antes posible su definitiva posici\u00f3n respecto a la alianza. As\u00ed, d\u00edas despu\u00e9s de ser elegido, el secretario general de la OTAN, Jens Stoltenberg, en un art\u00edculo en The Observer le record\u00f3 que \u201c<em>estar solo no es una opci\u00f3n\u201d <a href=\"#_ftn9\" name=\"_ftnref9\"><strong>[9]<\/strong><\/a><\/em> o el ya presidente cesante Obama asegur\u00f3 en su \u00faltimo viaje a Europa que Trump mantendr\u00eda a EEUU en la OTAN.<\/p><p>Durante el periodo de transici\u00f3n entre administraciones no encontraremos referencias del presidente electo al \u00e1mbito defensivo o a la OTAN. Pero su equipo de transici\u00f3n mostr\u00f3 una enorme influencia de la Heritage Foundation, qui\u00e9n \u00a0edit\u00f3 un \u201c<em>Plan para la reforma: una agenda pol\u00edtica integral para una nueva administraci\u00f3n en 2017\u201d.<\/em> Este informe, elaborado por varios miembros del propio equipo de transici\u00f3n de Trump, indicaba como uno de sus principales objetivos que <em>\u201cpara defender a Europa de Rusia y disuadir las amenazas rusas, EEUU necesita reinvertir en sus relaciones con los aliados europeos e insistir en que la OTAN se centre en controlar la agresi\u00f3n<\/em> <em>rusa (&#8230;) envalentonar a la OTAN y enviar un fuerte mensaje a Rusia<\/em>\u201d<a href=\"#_ftn10\" name=\"_ftnref10\">[10]<\/a>. El informe parec\u00eda sostener un cambio radical de direcci\u00f3n en el entorno de Trump respecto a las anteriores posiciones defendidas durante su campa\u00f1a.<\/p><p><span style=\"color: #000080;\"><strong><u>RELACIONES CON LA OTAN DE LA ADMINISTRACI\u00d3N TRUMP<\/u><\/strong><\/span><\/p><p>\u00a0\u00a0\u00a0\u00a0\u00a0\u00a0\u00a0\u00a0\u00a0\u00a0\u00a0 D\u00edas despu\u00e9s de la inauguraci\u00f3n presidencial, la primer ministro brit\u00e1nica Theresa May visit\u00f3 la Casa Blanca y durante una rueda de prensa conjunta de los dos mandatarios su principal afirmaci\u00f3n fue que Donald Trump le hab\u00eda asegurado que estaba al \u201c<em>100% a favor de la OTAN\u201d<\/em> <a href=\"#_ftn11\" name=\"_ftnref11\">[11]<\/a><em>. <\/em>Las cr\u00f3nicas se\u00f1alan que Trump asinti\u00f3 ligeramente, sin pronunciar palabra sobre el tema. Durante aquellas semanas, una de las principales inc\u00f3gnitas respecto a la actuaci\u00f3n de la nueva Administraci\u00f3n consisti\u00f3 en conocer el grado de compromiso con la OTAN y los aliados europeos que Trump se propon\u00eda a implantar. Su apoyo al Brexit o sus ambiguas declaraciones respecto a Vladimir Putin se consideraban desde el lado europeo como m\u00e1s que preocupantes.<\/p><p>El primer movimiento oficial de la nueva administraci\u00f3n vendr\u00e1 protagonizado por la visita del nuevo Secretario de Defensa, General Jim Martins al Cuartel General de la OTAN en Bruselas en Febrero de 2017. Presentar\u00e1 al resto de ministros de defensa un ultim\u00e1tum respecto a las obligaciones presupuestarias declarando que \u201c<em>los contribuyentes americanos no pueden mantener una carga desproporcionada en la defensa de los valores occidentales. (\u2026). Los Americanos no pueden asegurar mejor el futuro de vuestros hijos que vosotros\u201d<a href=\"#_ftn12\" name=\"_ftnref12\"><strong>[12]<\/strong><\/a>. <\/em>El objetivo a alcanzar ser\u00eda el mismo por el cual ya presionaba la Administraci\u00f3n Obama, los socios deber\u00e1n lograr un 2% del gasto de su PNB en el \u00e1mbito de seguridad y defensa. Pero junto con esta exigencia, Martins reafirm\u00f3 la posici\u00f3n de anteriores administraciones americanas respecto a la alianza que <em>\u201csigue siendo una base fundamental para los Estados Unidos y para toda la comunidad transatl\u00e1ntica, unidos como estamos juntos. Como ha declarado el presidente Trump, qui\u00e9n ofrece un gran apoyo para la OTAN\u201d <sup>12<\/sup>. <\/em><\/p><p>A continuaci\u00f3n, ese mismo mes de febrero, el flamante vicepresidente Mike Pence realiz\u00f3 otra visita a las instituciones europeas y el cuartel general de la OTAN en Bruselas. Su misi\u00f3n principal ser\u00e1 asegurar <em>\u201cel fuerte compromiso de los Estados Unidos para continuar con la cooperaci\u00f3n y la asociaci\u00f3n con la Uni\u00f3n Europea\u201d<a href=\"#_ftn13\" name=\"_ftnref13\"><strong>[13]<\/strong><\/a>, <\/em>si bien tambi\u00e9n reiter\u00f3 que <em>\u201cAm\u00e9rica cumplir\u00e1 su parte, pero la defensa europea requiere el compromiso europeo tanto como el nuestro\u201d <sup>13<\/sup><\/em>.<\/p><p>Ambos viajes nos muestran la intenci\u00f3n por parte de la nueva administraci\u00f3n americana de apostar por un doble objetivo: de un lado tranquilizar a los aliados europeos respecto a las afirmaciones de Trump durante la campa\u00f1a y por otro presentar ante la opini\u00f3n p\u00fablica estadounidense la imagen de que s\u00ed se intenta modificar el statu quo existente. No parece haber intenci\u00f3n de cambiar la estrategia norteamericana respecto a la alianza, solo se presiona para que los pa\u00edses europeos se responsabilicen en el mantenimiento de la misma.<\/p><p>Apenas regrese el vicepresidente Pence de su gira europea, Donald Trump volver\u00e1 a la carga con este objetivo en su primer discurso ante una sesi\u00f3n conjunta del Congreso en pleno, reiterando el mismo mensaje: <em>\u201cApoyamos firmemente a la OTAN, una alianza forjada a trav\u00e9s de los lazos de las dos Guerras Mundiales que destronaron al fascismo y una Guerra Fr\u00eda que derrot\u00f3 al comunismo. Pero nuestros socios deben cumplir con sus obligaciones financieras\u201d <a href=\"#_ftn14\" name=\"_ftnref14\"><strong>[14]<\/strong><\/a>. <\/em>Claramente es un discurso de consumo interno, pues ya desde ese momento anuncia que <em>\u201cahora, bas\u00e1ndonos en nuestras fuertes y francas discusiones, est\u00e1n empezando a hacerlo. Esperamos que nuestros socios, ya sea en la OTAN, en Medio Oriente o en el Pac\u00edfico, tomen una posici\u00f3n directa y significativa tanto en operaciones estrat\u00e9gicas como\u00a0 militares, y paguen su parte justa de los costes\u201d <sup>14<\/sup>.<\/em><\/p><p><img loading=\"lazy\" decoding=\"async\" class=\"wp-image-1895 size-full aligncenter\" src=\"http:\/\/www.jesusprieto.es\/wp-content\/uploads\/2021\/03\/16-d.jpg\" alt=\"\" width=\"283\" height=\"178\" \/><\/p><p>Desde esos primeros momentos hasta la cumbre de la OTAN en Bruselas el 25 de mayo de 2017, EEUU mantuvo esa dicotom\u00eda entre confirmar a los aliados su compromiso con la alianza y aumentar la presi\u00f3n sobre el coste de la misma. En marzo Angela Merkel visita Washington y Trump reitera su mantra declarando en la rueda de prensa que no es un aislacionista y que apoya completamente a la OTAN, si bien los aliados deben pagar su parte justa del coste de la defensa. Pero al d\u00eda siguiente, demostrando su conocida inestabilidad de car\u00e1cter, publicar\u00e1 en Twitter un mensaje despectivo diciendo que Alemania debe enormes sumas de dinero a la OTAN y que Estados Unidos debe ser compensado por la poderosa y car\u00edsima defensa que provee a Alemania.<\/p><p>En el mismo camino de confrontaci\u00f3n, d\u00edas despu\u00e9s el Secretario de Estado Rex Tillerson decide no asistir a una reuni\u00f3n de ministros de exteriores de los miembros de la alianza en preparaci\u00f3n de la cumbre de Mayo. Ser\u00e1 la primera vez que un Secretario de Estado no asista a una reuni\u00f3n parecida desde 2003. La excusa ser\u00e1 atender la visita del presidente chino a Mar-a-lago en Florida. Pero para evitar suspicacias Trump vuelve a confirmar su compromiso con la OTAN, su solicitud de que los miembros contribuyan econ\u00f3micamente a su sostenimiento y su intenci\u00f3n de asistir a la cumbre de Bruselas. Finalmente se llegar\u00e1 a una soluci\u00f3n de compromiso, modificando la fecha de la reuni\u00f3n y Tillerson asistiendo. All\u00ed volver\u00e1 a reiterar que \u201c<em>el Presidente Trump lo ha dejado claro, ya no es sostenible para los Estados Unidos mantener una parte desproporcionada de los costes de defensa de la OTAN\u201d <a href=\"#_ftn15\" name=\"_ftnref15\"><strong>[15]<\/strong><\/a>. <\/em>Adem\u00e1s anuncia que la Administraci\u00f3n americana desea que la OTAN haga m\u00e1s respecto a la lucha contra el terrorismo y que est\u00e1n trabajando en propuestas concretas donde la alianza pueda colaborar.<\/p><p>En Abril, el Secretario General de la OTAN Jens Stoltenberg visita la Casa Blanca y ofrece una rueda de prensa conjunta con Trump, donde \u00e9ste declara que ya no considera obsoleta a la OTAN, que es una <em>\u201cgran alianza\u201d<a href=\"#_ftn16\" name=\"_ftnref16\"><strong>[16]<\/strong><\/a>, <\/em>que la organizaci\u00f3n deber\u00eda centrarse en la lucha contra el terrorismo y que deben asegurarse de que los miembros asuman sus obligaciones financieras y paguen lo que deben. Aprovechan la reuni\u00f3n para invitar a Montenegro a convertirse en el 29\u00ba miembro de la alianza. Posteriormente Stoltenberg declarar\u00e1 que est\u00e1 de acuerdo con Trump tanto en la doctrina respecto al terrorismo como en su reclamaci\u00f3n sobre el gasto compartido en defensa entre los estados miembros. Tambi\u00e9n asegurar\u00e1 que la administraci\u00f3n americana apoya fervientemente el incremento de la presencia militar en las regiones del Este de Europa, pr\u00f3ximas a la frontera con Rusia.<\/p><p>Durante estas primeras semanas de la presidencia de Trump, Corea del Norte y Siria se van afianzando como los protagonistas de la pol\u00edtica exterior norteamericana. Incluso la situaci\u00f3n en Siria crea tensiones con Turqu\u00eda, miembro de la OTAN. La relaci\u00f3n bilateral con Rusia tambi\u00e9n se convierte en un tema principal, mediante una posici\u00f3n ambigua: por un lado se confirma constantemente a los aliados que mantendr\u00e1n a raya a los rusos, y por otro hay cierta distensi\u00f3n bilateral, acercamiento, intoxicado por las acusaciones de injerencia rusa en las elecciones presidenciales y en la propia campa\u00f1a de Trump.<\/p><p>La expectaci\u00f3n ante la asistencia de Trump a la cumbre de la OTAN del 25 de mayo es enorme. Los aliados no saben a ciencia cierta con que discurso o actitud se van a encontrar. Y Trump no decepciona. Comienza la cumbre de forma arrogante, empujando al primer ministro de Montenegro para colocarse en primera l\u00ednea de la foto de Familia. A continuaci\u00f3n todos los mandatarios se dirigen a inaugurar un monumento conmemorativo del 11-S con restos de las Torres Gemelas, en representaci\u00f3n de la primera invocaci\u00f3n al art\u00edculo 5 del tratado constitutivo de la Alianza que compromete a la defensa de sus miembros. Trump dirige en esos momentos un discurso donde en tono enfurecido recuerda que los miembros deben contribuir con al menos el 2% de su PNB a los gastos de defensa, que 23 de los pa\u00edses no cumplen ahora mismo, que deben cantidades enormes y que es injusto para los Estados Unidos.\u00a0 Adem\u00e1s, recuerda que los aliados deben ser m\u00e1s duros contra el terrorismo y la migraci\u00f3n, tambi\u00e9n sobre Rusia y las fronteras del Sur. Las caras del resto de socios durante el discurso son indicativas de la tensi\u00f3n del momento, pero buscando contentar al socio americano se llega a dos compromisos: se elaborar\u00e1n planes nacionales de defensa detallando como cumplir el objetivo com\u00fan de dedicar un 2% del PNB a costes de defensa, y por otro lado se integrar\u00e1 a la OTAN en la lista de miembros de la coalici\u00f3n internacional contra el ISIS que lidera EEUU, si bien el Secretario General Stoltenberg avisa que esto no significa que se vaya a participar en operaciones de combate, aunque posteriormente la OTAN aceptar\u00e1 enviar m\u00e1s tropas a Afganist\u00e1n. Por el contrario Trump no confirmar\u00e1 en ning\u00fan momento si respalda la aplicaci\u00f3n del art\u00edculo 5 de la alianza, frente a lo manifestado durante la campa\u00f1a, dejando a los aliados sin el respaldo que esperaban durante la cumbre.<\/p><p><img loading=\"lazy\" decoding=\"async\" class=\"aligncenter wp-image-1902 size-full\" src=\"http:\/\/www.jesusprieto.es\/wp-content\/uploads\/2021\/03\/16-g.jpg\" alt=\"\" width=\"620\" height=\"347\" srcset=\"https:\/\/www.jesusprieto.es\/wp-content\/uploads\/2021\/03\/16-g.jpg 620w, https:\/\/www.jesusprieto.es\/wp-content\/uploads\/2021\/03\/16-g-300x168.jpg 300w\" sizes=\"auto, (max-width: 620px) 100vw, 620px\" \/><\/p><p>Durante los siguientes meses se mantendr\u00e1 el mismo juego desde el gobierno norteamericano. Tras retornar de la gira europea, Trump volver\u00e1 a twittear que las relaciones con Alemania son mal\u00edsimas para los Estados Unidos, para a continuaci\u00f3n enviar al vicepresidente Pence a sentarse con Stoltenberg y reiterar que EEUU est\u00e1 absolutamente comprometida con el art\u00edculo 5 y la OTAN. \u00a0D\u00edas despu\u00e9s \u00e9l mismo pronunciar\u00e1 en una rueda de prensa el solicitado respaldo al art\u00edculo 5 del Tratado de Washington. Tambi\u00e9n el Senado estadounidense aprobar\u00e1 una moci\u00f3n a mediados de junio manifestando su adhesi\u00f3n a la alianza y espec\u00edficamente al art\u00edculo 5 de la misma. En Julio en una nueva gira europea se reunir\u00e1 con Vladimir Putin y har\u00e1 nuevas referencias a su compromiso con el art\u00edculo 5, a la defensa de la civilizaci\u00f3n occidental y volver\u00e1 a remarcar que muchos pa\u00edses ya est\u00e1n contribuyendo econ\u00f3micamente de forma justa a la alianza. En octubre el Secretario de Estado en una rueda de prensa vuelve a asegurar que los aliados de la OTAN ya est\u00e1n contribuyendo m\u00e1s a la seguridad compartida. Este ser\u00e1 el leitmotiv de la Administraci\u00f3n Trump durante los \u00faltimos meses del a\u00f1o: han convencido a los aliados de la OTAN a contribuir m\u00e1s a la defensa com\u00fan.<\/p><p>2017 se cierra con la presentaci\u00f3n a mediados de diciembre de la nueva <em>National Security Strategy. <\/em>Para muchos es una actualizaci\u00f3n de la doctrina del American First aplicado a las relaciones exteriores y de seguridad y defensa. El prefacio firmado por el propio Trump lo deja claro: \u201c<em>La Estrategia de Seguridad Nacional de mi Administraci\u00f3n establece una visi\u00f3n estrat\u00e9gica para proteger al pueblo americano y preservar nuestro modo de vida, promoviendo nuestra prosperidad, preservando la paz mediante la fuerza e incrementando la influencia estadounidense en el mundo. Vamos a perseguir esta maravillosa visi\u00f3n \u2013 un mundo de naciones fuertes, soberanas e independientes, cada una con sus propias culturas y sue\u00f1os, trabajando codo con codo por la prosperidad, la libertad y la paz\u201d <a href=\"#_ftn17\" name=\"_ftnref17\"><strong>[17]<\/strong><\/a>.<\/em><\/p><p>Esta nueva estrategia ha sido recibida con muchas cr\u00edticas: descrita como una farsa por el New York Times<a href=\"#_ftn18\" name=\"_ftnref18\">[18]<\/a>, una no-estrategia por Foerign Affairs<a href=\"#_ftn19\" name=\"_ftnref19\">[19]<\/a> o poco cre\u00edble por The Guardian<a href=\"#_ftn20\" name=\"_ftnref20\">[20]<\/a>. Se le acusa de utilizar la pol\u00edtica exterior \u00fanicamente para alimentar sus bases internas. La cr\u00edtica esencial que se le ha hecho a la nueva estrategia es la falta de concreci\u00f3n, resultar\u00eda realmente dif\u00edcil conocer la posici\u00f3n oficial de los EEUU en un buen n\u00famero de \u00e1mbitos. Si las estrategias anteriores de la Administraci\u00f3n Obama remarcaban la cooperaci\u00f3n con los aliados y los socios comerciales, la nueva estrategia insiste en que no rechazar\u00e1 trabajar con sus aliados, pero siempre y cuando la colaboraci\u00f3n se realice en t\u00e9rminos beneficiosos para los Estados Unidos, America First. Para algunos analistas su visi\u00f3n es una vuelta a conceptos de la Guerra Fr\u00eda, manifestando clara preocupaci\u00f3n por el papel de Rusia o China<\/p><p>Otros analistas han recibido la Nueva Estrategia Nacional de forma m\u00e1s favorable, aludiendo a su vigoroso tono, o a ser una \u201c<em>constataci\u00f3n robusta del liderazgo de los Estados Unidos en la esfera mundial\u201d <a href=\"#_ftn21\" name=\"_ftnref21\"><strong>[21]<\/strong><\/a>, <\/em>incluso mostrar\u00eda un claro rechazo hacia el aislacionismo. Para los analistas de Bloomberg se trata incluso de una estrategia \u201c<em>sorprendentemente normal<\/em>\u201d <a href=\"#_ftn22\" name=\"_ftnref22\">[22]<\/a>.<\/p><p>Respecto a Europa y la OTAN, el documento afirma primero que los aliados contribuyen ahora m\u00e1s a la defensa com\u00fan, gracias al incremento de la credibilidad que el nuevo gobierno ha tra\u00eddo, lo que har\u00eda m\u00e1s fuerte las alianza. <em>\u201cQueremos dejar claro que los Estados Unidos no volver\u00e1n a tolerar m\u00e1s agresiones econ\u00f3micas o pr\u00e1cticas comerciales injustas\u201d <sup>17<\/sup>.\u00a0 <\/em>A continuaci\u00f3n reconoce las indudables ventajas derivadas de las fuertes relaciones con los aliados, relaciones basadas en la libertad y los intereses compartidos, <em>\u201cdesarrollamos pol\u00edticas que nos permiten conseguir nuestras metas mientras nuestros socios consiguen las suyas\u201d <sup>17<\/sup>. <\/em>Una Europa libre y fuerte ser\u00eda de vital importancia para los EEUU. Tras recordar como ayudaron a reconstruir Europa tras la 2\u00ba Guerra Mundial, aseguran que \u201c<em>Rusia utiliza medios subversivos para debilitar la credibilidad del compromiso estadounidense en Europa<\/em>, <em>socavando la unidad transatl\u00e1ntica y debilitando las instituciones y gobiernos europeos (\u2026) Rusia sigue amenazando a sus vecinos con comportamientos amenazantes\u201d <sup>17<\/sup><\/em>. Las pr\u00e1cticas comerciales chinas tambi\u00e9n ser\u00edan una amenaza al \u00e1mbito europeo, as\u00ed como el terrorismo de ISIS o las crisis migratorias derivadas de la situaci\u00f3n en \u00c1frica y Oriente Medio.<\/p><p>Reconoce la estrategia que \u201c<em>Estados Unidos es m\u00e1s seguro cuando Europa es pr\u00f3spera y estable y puede ayudar a defender nuestros intereses e ideales compartidos\u201d <sup>17<\/sup>. <\/em>Directamente califica la OTAN como una de nuestras grandes ventajas frente a nuestros competidores y asegura que EEUU mantiene su compromiso con el art\u00edculo 5 del Tratado de Washington. Tambi\u00e9n reconoce el esfuerzo europeo con miles de tropas destinadas a luchar contra el terrorismo en Afganist\u00e1n, estabilizar Iraq y luchar contra organizaciones terroristas en \u00c1frica y Oriente Medio. Por \u00faltimo afirma que la \u201c<em>OTAN ser\u00e1 m\u00e1s fuerte cuando todos sus miembros asuman mayor responsabilidad y paguen su parte justa para proteger los intereses mutuos, la soberan\u00eda y los valores<\/em>\u201d<em> <sup>17<\/sup><\/em>.<\/p><p>Tres son las grandes prioridades respecto a Europa y la OTAN. Primero desde el \u00e1mbito de las relaciones exteriores: trabajar juntos para \u201c<em>contener la agresi\u00f3n y subversi\u00f3n rusa, as\u00ed como las amenazas creadas por Ir\u00e1n y Corea del Norte\u201d <sup>17<\/sup>. <\/em>En segundo lugar el \u00e1mbito econ\u00f3mico, asegurar pr\u00e1cticas comerciales justas y reciprocas entre los dos lados del Atl\u00e1ntico, eliminando barreras para crecer, buscando inversiones europeas para crear puestos de trabajo en los Estados Unidos, asegurando la seguridad energ\u00e9tica y luchando contra las pr\u00e1cticas comerciales injustas chinas. En \u00faltimo y tercer lugar, en el \u00e1mbito de la defensa y la seguridad asegurar que los socios europeos incrementen su gasto en defensa al menos al 2% de su PNB para 2024, fortalecer el flanco fronterizo del Este de Europa, mejorar las capacidades de la OTAN respecto a la defensa a\u00e9rea y antimisiles, especialmente los dirigidos desde Ir\u00e1n, e incrementar la cooperaci\u00f3n en contraterrorismo y ciberseguridad.<\/p><p><span style=\"color: #000080;\"><strong>CONCLUSIONES<\/strong><\/span><\/p><p>Es evidente que del desarrollo precedente podemos establecer es que la presidencia de Donald Trump provocar\u00e1 un cambio notable dentro de la propia OTAN y de las relaciones estadounidenses con sus aliados europeos. Otra cosa ser\u00e1 pronosticar en que magnitud o direcci\u00f3n. A\u00fan es pronto para establecer conclusiones firmes, pero intentar\u00e9 indicar ciertas tendencias que creo ser\u00e1n fundamentales en la evoluci\u00f3n de las relaciones. Esquematizando las mismas:<\/p><ul><li>Primero podemos constatar que hay un enorme grado de impulsividad, falta de coordinaci\u00f3n y precipitaci\u00f3n, no solo en las nuevas relaciones de EEUU con sus aliados en la OTAN sino con toda la estrategia global en materia de seguridad y defensa. Las posiciones se van modificando pr\u00e1cticamente semana a semana, sin dar pasos claros y manteniendo siempre la puerta abierta a modificaciones transcendentes de \u00faltima hora.<\/li><\/ul><p>Junto a la variedad de declaraciones y actuaciones contradictorias, el equipo del Presidente relacionado con estos asuntos sufre adem\u00e1s de continuos vaivenes que demuestran la precipitaci\u00f3n y falta de coordinaci\u00f3n: as\u00ed la dimisi\u00f3n del Consejero de Seguridad Nacional Michael Flynn tras un mes en el cargo, el despido de Steve Bannon Jefe de Estrategia de la Casa Blanca y aparente inspirador de las apuestas m\u00e1s controvertidas en pol\u00edtica exterior del Presidente, los continuos rumores de dimisi\u00f3n o cese del Secretario de Estado Rex Tillerson supuestamente enfrentado al Presidente en la pr\u00e1ctica totalidad de los asuntos, o la afici\u00f3n de Trump a rodearse de cada vez m\u00e1s militares en puestos de su Administraci\u00f3n (como es el caso de su nuevo Director de Gabinete, el General John Kelly). Tambi\u00e9n son caracter\u00edsticas de esta falta de coordinaci\u00f3n situaciones como la producida durante los meses estivales respecto al aumento de las fuerzas destinadas en Afganist\u00e1n: no solo se contradice con su promesa inicial de no enviar m\u00e1s fuerzas al exterior, sino que el mismo proceso de toma de decisi\u00f3n se vio envuelto en multitud de pol\u00e9micas, anuncios, rectificaciones, frenos y contra frenos nunca vistos en este tipo de materias.<\/p><p><img loading=\"lazy\" decoding=\"async\" class=\"aligncenter wp-image-1903 size-full\" src=\"http:\/\/www.jesusprieto.es\/wp-content\/uploads\/2021\/03\/16-h.jpeg\" alt=\"\" width=\"630\" height=\"500\" srcset=\"https:\/\/www.jesusprieto.es\/wp-content\/uploads\/2021\/03\/16-h.jpeg 630w, https:\/\/www.jesusprieto.es\/wp-content\/uploads\/2021\/03\/16-h-300x238.jpeg 300w\" sizes=\"auto, (max-width: 630px) 100vw, 630px\" \/><\/p><p>La impulsividad de Trump en pol\u00edtica de seguridad y defensa, por otro lado, comienza a ser proverbial. As\u00ed sus imprecaciones a Corea del Norte m\u00e1s propias de la literatura de ciencia ficci\u00f3n o fant\u00e1stica que del mundo real, su decisi\u00f3n unilateral de reconocer Jerusal\u00e9n como capital de Israel, su involucraci\u00f3n en la Guerra de Siria llegando a desvelar secretos militares al mism\u00edsimo Vladimir Putin (y luego cont\u00e1ndolo \u00e9l mismo) o sus continuas salidas de tono con sus propios aliados: no solo su inquina hacia Angela Merkel, sino sus exageradas alabanzas (temporales) a Enmanuel Macron o su apoyo a grupos de ultraderecha brit\u00e1nicos que han terminado en recriminaciones directas entre Theresa May y el propio Trump v\u00eda Twitter.<\/p><p>Resumiendo, Estados Unidos, a diferencia de la situaci\u00f3n precedente durante la Administraci\u00f3n Obama, ya no es visto como un actor estable y confiable en el \u00e1mbito internacional, y en muchos casos es visto incluso como un factor de peligro e inestabilidad.<\/p><ul><li>Pese a lo anterior, y en relaci\u00f3n a la OTAN o los aliados europeos, en la pr\u00e1ctica a\u00fan no se han confirmado pol\u00edticas diferentes a las ya definidas por la anterior administraci\u00f3n americana. En diferente tono, pero ya exist\u00eda una presi\u00f3n presupuestaria sobre los aliados para aumentar su aportaci\u00f3n a la Alianza. La frontera Este de Europa, en especial los pa\u00edses b\u00e1lticos, Polonia y Turqu\u00eda, debido a la amenaza rusa, ya se hab\u00eda confirmado como el esfuerzo esencial en la defensa europea. Trump ha mantenido la misma l\u00ednea de actuaci\u00f3n, aumento de tropas y presupuesto que Obama al final de su mandato, quien tambi\u00e9n solicitaba una orientaci\u00f3n de la organizaci\u00f3n hacia la lucha contra el terrorismo o hacia la gesti\u00f3n de crisis como las migratorias o humanitarias, dentro y fuera de las fronteras europeas.<\/li><\/ul><ul><li>La nueva estrategia de seguridad nacional, m\u00e1s all\u00e1 de su ret\u00f3rica, tampoco parece avanzar cambios significativos. Claramente apuesta por un mundo multipolar (quiz\u00e1 en mayor medida que las anteriores estrategias), y quiz\u00e1 ampl\u00ede el concepto de seguridad incorporando sobre todo m\u00e1s implicaciones econ\u00f3micas y sociales que ninguna otra estrategia anterior. Pero si algo caracteriza el cambio es su nacionalismo exacerbado. Nada parece importar m\u00e1s all\u00e1 de los Estados Unidos y los americanos, no hay impostaci\u00f3n en la presentaci\u00f3n de sus propuestas: todo es y ser\u00e1 dirigido al utilitarismo directo de sus votantes. Nos encontramos ante lo que podr\u00edamos llamar un \u201crealismo maleducado\u201d. No hay menci\u00f3n a una sociedad internacional peo tampoco parece apostar por ser aislacionista: est\u00e1 claro que su idea es utilizar el multilateralismo en \u00fanico y exclusivo beneficio propio. Vladimir Putin en una entrevista a Oliver Stone ha definido este a\u00f1o a la OTAN como \u201c<em>un instrumento de la pol\u00edtica exterior de EEUU, no tiene aliados, solo vasallos\u201d <a href=\"#_ftn23\" name=\"_ftnref23\"><strong>[23]<\/strong><\/a>.<\/em> De su actuaci\u00f3n podr\u00edamos inferir que el Presidente Trump piensa algo parecido.<\/li><\/ul><ul><li>Por \u00faltimo me referir\u00e9 a la situaci\u00f3n y la visi\u00f3n que los aliados europeos tienen de todos estos cambios. Claramente las relaciones bilaterales se han deteriorado en la mayor\u00eda de los casos, sin llegar en ning\u00fan caso a la ruptura o posiciones radicales, exceptuando el caso de Turqu\u00eda, que si sea visto amenazada directamente por EEUU si continua su acercamiento a Mosc\u00fa. Por el contrario, otros casos como el polaco, a quien el propio Obama se permit\u00eda advertir por su deriva totalitaria, han visto mejorar sensiblemente su valoraci\u00f3n en la Administraci\u00f3n americana. Para algunos, la situaci\u00f3n podr\u00eda derivar en el definitivo lanzamiento de la tantas veces pospuesta \u201cautonom\u00eda defensiva\u201d europea (incluso con la sorpresa de incorporar en ella a la Gran Breta\u00f1a post-brexit, antigua \u201cRelaci\u00f3n Especial\u201d americana). Pero tambi\u00e9n parece claro que lo m\u00e1s probable ser\u00e1 un aggiornamento a la nueva situaci\u00f3n entre los aliados europeos, siempre que la situaci\u00f3n actual no llegue a mayores por la parte americana. Claro ejemplo es el anuncio del Ministerio de Defensa espa\u00f1ol a finales de a\u00f1o<a href=\"#_ftn24\" name=\"_ftnref24\">[24]<\/a>.<\/li><\/ul><p><span style=\"color: #000080;\"><strong>OTRAS FUENTES UTILIZADAS<\/strong><strong>\u00a0<\/strong><\/span><\/p><ul><li>Lucia Abell\u00e1n (2017): \u201cTrump: \u201c23 de los 28 estados de la OTAN no gastan lo que deben. Es injusto para el contribuyente de EEUU\u201d- <em>EL PAIS 26-05-2017 &#8211; <\/em><a href=\"https:\/\/elpais.com\/internacional\/2017\/05\/24\/actualidad\/1495658076_808848.html\">https:\/\/elpais.com\/internacional\/2017\/05\/24\/actualidad\/1495658076_808848.html<\/a><\/li><li>Natasha Bertrand (2016): \u201cObama plans to reassure allies of Trump\u2019s commitment to the world\u2019s most important defense alliance\u201d- <em>Business Insider- 15-11-2016- <\/em><a href=\"http:\/\/www.businessinsider.com\/obama-trump-nato-2016-11\">http:\/\/www.businessinsider.com\/obama-trump-nato-2016-11<\/a><\/li><li>Kevin Coombs (2017) : \u201cTrump abandona Bruselas sin disipar las dudas de sus aliados de la OTAN\u201d- <em>RFI- 26-05-2017 &#8211; <\/em><a href=\"http:\/\/es.rfi.fr\/europa\/20170526-trump-abandona-bruselas-sin-disipar-las-dudas-de-sus-aliados-de-la-otan\">http:\/\/es.rfi.fr\/europa\/20170526-trump-abandona-bruselas-sin-disipar-las-dudas-de-sus-aliados-de-la-otan<\/a>Carlos Echeverr\u00eda Jes\u00fas, (2015): \u201cRelaciones Internacionales III: Paz, seguridad y defensa en la sociedad internacional\u201d, <em>UNED<\/em><\/li><li>Richard Fontaine (2017): \u201cObama\u2019s Foreign-Policy Legacy: The Limits of American Restraint\u201d. <em>National Review 18-01-2017- <\/em><a href=\"http:\/\/www.nationalreview.com\/article\/443941\/obamas-foreign-policy-legacy-limits-american-restraint\">http:\/\/www.nationalreview.com\/article\/443941\/obamas-foreign-policy-legacy-limits-american-restraint<\/a><\/li><li>Lauren Gambino (2017): \u201c\u2019That\u2019s not how it works\u2019: Trump\u2019s grasp of NATO questioned after Merkel Tweets\u201d- <em>Alternet 18-03-2017 &#8211; <\/em><a href=\"https:\/\/www.alternet.org\/right-wing\/thats-not-how-it-works-trumps-grasp-nato-questioned-after-merkel-tweets\">https:\/\/www.alternet.org\/right-wing\/thats-not-how-it-works-trumps-grasp-nato-questioned-after-merkel-tweets<\/a><\/li><li>Javier Garc\u00eda Gonz\u00e1lez (2016) : \u201cLa Uni\u00f3n Europea y la OTAN en el marco de la nueva estrategia global de la Uni\u00f3n Europea\u201d- <em>Revista UNISCI N\u00ba 42- Octubre 2016<\/em>&#8211; <a href=\"https:\/\/www.ucm.es\/data\/cont\/media\/www\/pag-89564\/UNISCIDP42-9JAVIERIGNACIO.pdf\">https:\/\/www.ucm.es\/data\/cont\/media\/www\/pag-89564\/UNISCIDP42-9JAVIERIGNACIO.pdf<\/a><\/li><li>Andrew Hanna (2017): \u201c Pence insists U.S. is committed to Article 5 in speech honoring NATO leader\u201d: <em>POLITICO 05-06-2017 <\/em>&#8211; <a href=\"https:\/\/www.politico.com\/story\/2017\/06\/05\/pence-nato-trump-239168\">https:\/\/www.politico.com\/story\/2017\/06\/05\/pence-nato-trump-239168<\/a><\/li><li>Jeremy Herb \/ Connor O\u2019Brien (2016): \u201cTrump turns defense hawk\u201d- <em>POLITICO- 07-09-2016- <\/em><a href=\"https:\/\/www.politico.com\/story\/2016\/09\/trump-turns-defense-hawk-227855\">https:\/\/www.politico.com\/story\/2016\/09\/trump-turns-defense-hawk-227855<\/a><\/li><li>Cristiano Lima (2017): \u201cWhite House: Trump looks to reaffirm commitment to NATO\u201d- <em>P\u00d2LITICO 21-03-2017 &#8211; <\/em><a href=\"https:\/\/www.politico.com\/story\/2017\/03\/trump-nato-brussels-236337\">https:\/\/www.politico.com\/story\/2017\/03\/trump-nato-brussels-236337<\/a><\/li><li>Nolan D. McCaskill (2017): \u201cTrump insists NATO members boost defense spending in ceremony remarks\u201d- <em>POLITICO 25-05-2017<\/em>&#8211; <a href=\"https:\/\/www.politico.com\/story\/2017\/05\/25\/trump-nato-boost-defense-spending-238819\">https:\/\/www.politico.com\/story\/2017\/05\/25\/trump-nato-boost-defense-spending-238819<\/a><\/li><li>Nolan D.McCaskill (2017): \u201c State Dept: Tillerson \u2018committed to doing this job\u2019\u201d- <em>POLITICO 30-11-2017 <\/em>&#8211; <a href=\"https:\/\/www.politico.com\/story\/2017\/11\/30\/rex-tillerson-reports-forced-out-270637\">https:\/\/www.politico.com\/story\/2017\/11\/30\/rex-tillerson-reports-forced-out-270637<\/a><\/li><li>Dan Merica \/ Kevin Liptak\/ Jeff Zeleny (2017): \u201cTrump, showered in Polish praise, backs NATO\u2019s Article 5\u201d- <em>CNN 06-07-2017 &#8211; <\/em><a href=\"http:\/\/edition.cnn.com\/2017\/07\/06\/politics\/trump-speech-poland\/index.html\">http:\/\/edition.cnn.com\/2017\/07\/06\/politics\/trump-speech-poland\/index.html<\/a><\/li><li>Carol Morello (2017): \u201cRex Tillerson will go to Russia but skip NATO meeting next month\u201d \u2013<em> The Washington Post 21-03-2017 &#8211;<\/em><a href=\"https:\/\/www.washingtonpost.com\/world\/national-security\/rex-tillerson-to-go-to-russia-but-will-skip-nato-meeting-next-month\/2017\/03\/21\/84205a6c-0de4-11e7-9d5a-a83e627dc120_story.html?utm_term=.578165b883a2\">https:\/\/www.washingtonpost.com\/world\/national-security\/rex-tillerson-to-go-to-russia-but-will-skip-nato-meeting-next-month\/2017\/03\/21\/84205a6c-0de4-11e7-9d5a-a83e627dc120_story.html?utm_term=.578165b883a2<\/a><\/li><li>National Security Strategy (2010) \u2013 <em>The White House- Seal of the President of the United States- <\/em><a href=\"http:\/\/nssarchive.us\/NSSR\/2010.pdf%20\">http:\/\/nssarchive.us\/NSSR\/2010.pdf<\/a><\/li><li>National Security Strategy (2015) \u2013 The White House- Seal of the President of the United States- <a href=\"http:\/\/nssarchive.us\/wp-content\/uploads\/2015\/02\/2015.pdf\">http:\/\/nssarchive.us\/wp-content\/uploads\/2015\/02\/2015.pdf<\/a><\/li><li>Louis Nelson (2017): \u201cNATO\u2019s Stoltenberg: I agree with Trump on terrorism and defense\u201d- <em>POLITICO- <\/em><a href=\"https:\/\/www.politico.com\/story\/2017\/04\/nato-jens-stoltenberg-trump-237190\">https:\/\/www.politico.com\/story\/2017\/04\/nato-jens-stoltenberg-trump-237190<\/a><\/li><li>Louis Nelson (2017) \u201cTrump publicy commits to NATO mutual-defense provision\u201d-<em>POLITICO 09-06-2017 &#8211; <\/em><a href=\"https:\/\/www.politico.com\/story\/2017\/06\/09\/trump-nato-article-five-239362\">https:\/\/www.politico.com\/story\/2017\/06\/09\/trump-nato-article-five-239362<\/a><\/li><li>POLITICO VIDEO (2017): \u201cTrump seemingly pushes Prime Minister of Montenegro Dusko Markovic\u201d- <em>POLITICO 25-05-2017 &#8211; <\/em><a href=\"https:\/\/www.politico.com\/video\/2017\/05\/25\/trump-seemingly-pushes-prime-minister-of-montenegro-dusko-markovic-063238\">https:\/\/www.politico.com\/video\/2017\/05\/25\/trump-seemingly-pushes-prime-minister-of-montenegro-dusko-markovic-063238<\/a><\/li><li>Rosemary Righter (2017): \u201cNato\u2019s Obama Problem\u201d- <em>eu \u2013 17\/02\/2017 &#8211; <\/em><a href=\"https:\/\/www.politico.eu\/article\/natos-obama-problem\/\">https:\/\/www.politico.eu\/article\/natos-obama-problem\/<\/a><\/li><li>Zoya Sheftalovich (2016) : \u201cDonald Trump: I won\u00b4t automatically back NATO allies\u201d- <em>POLITICO 21-7-2016<\/em> &#8211; <a href=\"https:\/\/www.politico.eu\/article\/donald-trump-i-wont-automatically-back-nato-allies-interview-security-defend\/\">https:\/\/www.politico.eu\/article\/donald-trump-i-wont-automatically-back-nato-allies-interview-security-defend\/<\/a><\/li><li>Zoya Sheftalovich (2016); \u201cNew Donald Trump: \u2018I\u2019m all for NATO\u2019\u201d- <em>POLITICO \u2013 27-09-2017 &#8211; <\/em><a href=\"https:\/\/www.politico.eu\/article\/new-donald-trump-im-all-for-nato\/\">https:\/\/www.politico.eu\/article\/new-donald-trump-im-all-for-nato\/<\/a><\/li><li>Nathal Toosi (2016): \u201cDonald Trump\u2019s remarks on NATO set off freakout\u201d- <em>POLITICO 21-07-2017 <\/em>&#8211; <a href=\"https:\/\/www.politico.eu\/article\/trumps-remarks-on-nato-sets-off-freakout-alliance-defense\/\">https:\/\/www.politico.eu\/article\/trumps-remarks-on-nato-sets-off-freakout-alliance-defense\/<\/a><\/li><li>Christina Wilkie (2017): \u201cTrump unveils a national security strategy that reflects \u201cAmerica First\u201d campaign pledge\u201d- <em>CNBC 18-12-17 &#8211; <\/em><a href=\"https:\/\/www.cnbc.com\/2017\/12\/18\/trump-unveils-a-national-security-strategy-that-reflects-america-first-campaign-pledge.html\">https:\/\/www.cnbc.com\/2017\/12\/18\/trump-unveils-a-national-security-strategy-that-reflects-america-first-campaign-pledge.html<\/a><\/li><\/ul><p><a href=\"#_ftnref1\" name=\"_ftn1\">[1]<\/a> Barak Obama (2016) \u201cRemarks by President Obama at Press Conference After NATO Summit July 9, 2016\u201d, U.S. Mission to the NATO, <a href=\"https:\/\/nato.usmission.gov\/remarks-president-obama-press-conference-nato-summit\/\">https:\/\/nato.usmission.gov\/remarks-president-obama-press-conference-nato-summit\/<\/a><\/p><p><a href=\"#_ftnref2\" name=\"_ftn2\">[2]<\/a> Christian N\u00fcnlist, (2016): \u201cThe Legacy of Obama\u2019s Foreing Policy\u201d, <em>CSS Analyses in Security Policy N\u00ba 188 &#8211; <\/em><a href=\"http:\/\/www.css.ethz.ch\/content\/dam\/ethz\/special-interest\/gess\/cis\/center-for-securities-studies\/pdfs\/CSSAnalyse-188-EN.pdf\">http:\/\/www.css.ethz.ch\/content\/dam\/ethz\/special-interest\/gess\/cis\/center-for-securities-studies\/pdfs\/CSSAnalyse-188-EN.pdf<\/a><\/p><p><a href=\"#_ftnref3\" name=\"_ftn3\">[3]<\/a> Stephen M. Walt (2017): \u201c Barak Obama was a Foreign \u2013 Policy Failure\u201d \u2013 <em>Foreign Policy- 18-01-2017 &#8211; <\/em><a href=\"http:\/\/foreignpolicy.com\/2017\/01\/18\/barack-obama-was-a-foreign-policy-failure\/\">http:\/\/foreignpolicy.com\/2017\/01\/18\/barack-obama-was-a-foreign-policy-failure\/<\/a><\/p><p><a href=\"#_ftnref4\" name=\"_ftn4\">[4]<\/a> Geoff Dyer\u00a0 (2017): \u201cObama\u2019s messy foreign policy legacy\u201d: <em>Financial Times 16-01-207 <\/em><a href=\"https:\/\/www.ft.com\/content\/f08c3476-d7a4-11e6-944b-e7eb37a6aa8e\">https:\/\/www.ft.com\/content\/f08c3476-d7a4-11e6-944b-e7eb37a6aa8e<\/a><\/p><p><a href=\"#_ftnref5\" name=\"_ftn5\">[5]<\/a> Antonio Ca\u00f1o (2010) : \u201cEntrevista a Barak Obama: Ante cada desaf\u00edo, EEUU consulta con Europa para hacerle frente\u201d, EL PAIS 19-11<em>-2010\u00a0\u00a0\u00a0\u00a0\u00a0\u00a0\u00a0\u00a0\u00a0\u00a0\u00a0\u00a0\u00a0\u00a0\u00a0\u00a0\u00a0\u00a0\u00a0\u00a0\u00a0\u00a0\u00a0\u00a0\u00a0\u00a0\u00a0\u00a0\u00a0\u00a0\u00a0\u00a0\u00a0\u00a0\u00a0\u00a0\u00a0\u00a0\u00a0\u00a0\u00a0\u00a0\u00a0\u00a0\u00a0\u00a0\u00a0\u00a0\u00a0 <\/em><a href=\"https:\/\/elpais.com\/diario\/2010\/11\/19\/internacional\/1290121201_850215.html\"><em>https:\/\/elpais.com\/diario\/2010\/11\/19\/internacional\/1290121201_850215.html<\/em><\/a><\/p><p><a href=\"#_ftnref6\" name=\"_ftn6\">[6]<\/a> Estrategia global para la pol\u00edtica exterior y de seguridad de la Uni\u00f3n Europea (2016)\u201cUna visi\u00f3n com\u00fan, una actuaci\u00f3n conjunta: una Europa m\u00e1s fuerte\u201d- <em>Uni\u00f3n Europea &#8211; <\/em><a href=\"https:\/\/europa.eu\/globalstrategy\/sites\/globalstrategy\/files\/eugs_es_version.pdf\">https:\/\/europa.eu\/globalstrategy\/sites\/globalstrategy\/files\/eugs_es_version.pdf<\/a><\/p><p><a href=\"#_ftnref7\" name=\"_ftn7\">[7]<\/a> Ashley Parker (2016): \u201cDonald Trump says NATO is \u201cobsolete\u201d, UN is \u201cPolitical Game\u201d\u201d: <em>The New York Times 02-04-2016 &#8211; <\/em><a href=\"https:\/\/www.nytimes.com\/politics\/first-draft\/2016\/04\/02\/donald-trump-tells-crowd-hed-be-fine-if-nato-broke-up\/\"><em>https:\/\/www.nytimes.com\/politics\/first-draft\/2016\/04\/02\/donald-trump-tells-crowd-hed-be-fine-if-nato-broke-up\/<\/em><\/a><\/p><p><a href=\"#_ftnref8\" name=\"_ftn8\">[8]<\/a> Nick Gass (2016)- \u201cTrump earns endoserment of 88 retired generals, admirals\u201d- <em>POLITICO 06-09-2016<\/em> &#8211; <a href=\"https:\/\/www.politico.com\/story\/2016\/09\/retired-generals-admirals-endorse-trump-227755\">https:\/\/www.politico.com\/story\/2016\/09\/retired-generals-admirals-endorse-trump-227755<\/a><\/p><p><a href=\"#_ftnref9\" name=\"_ftn9\">[9]<\/a> Jens Stoltengberg (2016): \u201cNow is not the time for the US to abandon NATO- nor should its European allies go it alone\u201d- <em>The Guardian- 12-11-2017 &#8211; <\/em><a href=\"https:\/\/www.theguardian.com\/commentisfree\/2016\/nov\/12\/us-must-not-abandon-nato-europe-go-alone-jens-stoltenberg\">https:\/\/www.theguardian.com\/commentisfree\/2016\/nov\/12\/us-must-not-abandon-nato-europe-go-alone-jens-stoltenberg<\/a><\/p><p><a href=\"#_ftnref10\" name=\"_ftn10\">[10]<\/a> Katie Glueck (2016) : \u201cTrump\u2019s shadow transition team\u201d- <em>POLITICO- 22-11-2016 &#8211; <\/em><a href=\"https:\/\/www.politico.com\/story\/2016\/11\/trump-transition-heritage-foundation-231722\">https:\/\/www.politico.com\/story\/2016\/11\/trump-transition-heritage-foundation-231722<\/a><\/p><p><a href=\"#_ftnref11\" name=\"_ftn11\">[11]<\/a> Laura Kuenssberg (2017): \u201c Theresa May visit: UK and US \u2018committed\u2019 to NATO\u201d- <em>BBC News- 27-01-2017 <\/em>&#8211; <a href=\"http:\/\/www.bbc.com\/news\/world-us-canada-38777263\">http:\/\/www.bbc.com\/news\/world-us-canada-38777263<\/a><\/p><p><a href=\"#_ftnref12\" name=\"_ftn12\">[12]<\/a> David Herszenhorn (2017): \u201cMattis gives NATO spending ultimatum\u201d- <em>POLITICO 15-02-2017 &#8211; <\/em><a href=\"https:\/\/www.politico.com\/story\/2017\/02\/jim-mattis-nato-warning-spending-235063\">https:\/\/www.politico.com\/story\/2017\/02\/jim-mattis-nato-warning-spending-235063<\/a><\/p><p><a href=\"#_ftnref13\" name=\"_ftn13\">[13]<\/a> AFP (2017) : \u201c Pence reassures Europe, demands NATO funds\u201d-\u00a0 <em>SBS News- 20-02-2017 &#8211; <\/em><a href=\"https:\/\/www.sbs.com.au\/news\/pence-reassures-europe-demands-nato-funds\">https:\/\/www.sbs.com.au\/news\/pence-reassures-europe-demands-nato-funds<\/a><\/p><p><a href=\"#_ftnref14\" name=\"_ftn14\">[14]<\/a> Donald Trump (2017): \u201cDonald Trump\u2019s Congress speech (Full text)\u201d- <em>CNN 01-03-2017 &#8211; <\/em><a href=\"http:\/\/edition.cnn.com\/2017\/02\/28\/politics\/donald-trump-speech-transcript-full-text\/index.html\">http:\/\/edition.cnn.com\/2017\/02\/28\/politics\/donald-trump-speech-transcript-full-text\/index.html<\/a><\/p><p><a href=\"#_ftnref15\" name=\"_ftn15\">[15]<\/a> Michael Birnbaum (2017): \u201cTillerson clashes with NATO allies on defense spending at Brussels meeting\u201d- <em>The Washington Post 31-03-2017 &#8211; <\/em><a href=\"https:\/\/www.washingtonpost.com\/world\/tillerson-clashes-with-nato-allies-on-defense-spending-during-brief-meeting\/2017\/03\/31\/0d34906c-1618-11e7-924b-58851f3a675d_story.html?utm_term=.70abec326853\">https:\/\/www.washingtonpost.com\/world\/tillerson-clashes-with-nato-allies-on-defense-spending-during-brief-meeting\/2017\/03\/31\/0d34906c-1618-11e7-924b-58851f3a675d_story.html?utm_term=.70abec326853<\/a><\/p><p><a href=\"#_ftnref16\" name=\"_ftn16\">[16]<\/a> Kevin Liptak \/ Dan Merica (2017) : \u201cTrump says NATO no longer obsolete\u201d- <em>CNN 13-04-2017- <\/em><a href=\"http:\/\/edition.cnn.com\/2017\/04\/12\/politics\/donald-trump-jens-stoltenberg-nato\/index.html\">http:\/\/edition.cnn.com\/2017\/04\/12\/politics\/donald-trump-jens-stoltenberg-nato\/index.html<\/a><\/p><p><a href=\"#_ftnref17\" name=\"_ftn17\">[17]<\/a> National Security Strategy (2017) \u2013 <em>The White House- Seal of the President of the United States- <\/em><a href=\"http:\/\/nssarchive.us\/wp-content\/uploads\/2017\/12\/2017.pdf\">http:\/\/nssarchive.us\/wp-content\/uploads\/2017\/12\/2017.pdf<\/a><\/p><p><a href=\"#_ftnref18\" name=\"_ftn18\">[18]<\/a> Roger Cohen (2017): \u201cTrump\u2019s National Security Strategy is a farce\u201d- <em>The New York Times 19-12-2017<\/em>&#8211; <a href=\"https:\/\/www.nytimes.com\/2017\/12\/19\/opinion\/trump-national-security-strategy-tillerson-haley.html\">https:\/\/www.nytimes.com\/2017\/12\/19\/opinion\/trump-national-security-strategy-tillerson-haley.html<\/a><\/p><p><a href=\"#_ftnref19\" name=\"_ftn19\">[19]<\/a> Rebecca Friedman Lissner (2017): \u201cThe National Security Strategy is not a Strategy\u201d- <em>Foering Affairs \u2013 19-12-2017 &#8211; <\/em><a href=\"https:\/\/www.foreignaffairs.com\/articles\/united-states\/2017-12-19\/national-security-strategy-not-strategy\">https:\/\/www.foreignaffairs.com\/articles\/united-states\/2017-12-19\/national-security-strategy-not-strategy<\/a><\/p><p><a href=\"#_ftnref20\" name=\"_ftn20\">[20]<\/a> The Guardian (2017) : \u201cThe Guardian view on Trump\u2019s national security strategy: a veneer of credibility\u201d- <em>The Guardian 19-12-17- <\/em><a href=\"https:\/\/www.theguardian.com\/commentisfree\/2017\/dec\/19\/the-guardian-view-on-trumps-national-security-strategy-a-veneer-of-credibility\">https:\/\/www.theguardian.com\/commentisfree\/2017\/dec\/19\/the-guardian-view-on-trumps-national-security-strategy-a-veneer-of-credibility<\/a><\/p><p><a href=\"#_ftnref21\" name=\"_ftn21\">[21]<\/a> Mark Lander \/ David E. Sanger (2017): \u201cTrump delivers a mixed message on his national security approach\u201d- <em>The New York Times 18-12-2017 &#8211; <\/em><a href=\"https:\/\/www.nytimes.com\/2017\/12\/18\/us\/politics\/trump-security-strategy-china-russia.html\">https:\/\/www.nytimes.com\/2017\/12\/18\/us\/politics\/trump-security-strategy-china-russia.html<\/a><\/p><p><a href=\"#_ftnref22\" name=\"_ftn22\">[22]<\/a> James Stravridis (2017): \u201cTrump\u2019s National Security Strategy Is shockingly Normal\u201d- <em>Bloomberg 18-12-2017 &#8211; <\/em><a href=\"https:\/\/www.bloomberg.com\/view\/articles\/2017-12-18\/trump-s-national-security-strategy-is-shockingly-normal\">https:\/\/www.bloomberg.com\/view\/articles\/2017-12-18\/trump-s-national-security-strategy-is-shockingly-normal<\/a><\/p><p><a href=\"#_ftnref23\" name=\"_ftn23\">[23]<\/a> (2017): \u201cPutin: en la OTAN no hay aliados, hay vasallos\u201d \u2013<em>Sputnik Mundo &#8211; <\/em><a href=\"https:\/\/mundo.sputniknews.com\/video\/201706131069927645-oliver-stone-alianza-atlantica-paises\/\">https:\/\/mundo.sputniknews.com\/video\/201706131069927645-oliver-stone-alianza-atlantica-paises\/<\/a><\/p><p><a href=\"#_ftnref24\" name=\"_ftn24\">[24]<\/a> Miguel Gonzalez (2017): \u201cEspa\u00f1a se compromete con la OTAN a aumentar en un 80% su gasto militar para 2024\u201d- <em>EL PAIS 27-12-2017 &#8211; <\/em><a href=\"https:\/\/politica.elpais.com\/politica\/2017\/12\/26\/actualidad\/1514312944_214046.html\">https:\/\/politica.elpais.com\/politica\/2017\/12\/26\/actualidad\/1514312944_214046.html<\/a><\/p>\t\t\t\t\t\t<\/div>\n\t\t\t\t<\/div>\n\t\t\t\t\t<\/div>\n\t\t<\/div>\n\t\t\t\t\t\t\t<\/div>\n\t\t<\/section>\n\t\t\t\t\t\t\t<\/div>\n\t\t","protected":false},"excerpt":{"rendered":"<p>La OTAN en la Administraci\u00f3n Trump Este art\u00edculo se centrar\u00e1 enlos posibles cambios que la presidencia de Donald Trump pueda<\/p>\n","protected":false},"author":1,"featured_media":1892,"comment_status":"closed","ping_status":"closed","sticky":false,"template":"","format":"standard","meta":{"colormag_page_layout":"no_sidebar_full_width","footnotes":""},"categories":[47],"tags":[54],"class_list":["post-1891","post","type-post","status-publish","format-standard","has-post-thumbnail","hentry","category-politica","tag-relaciones-internacionales"],"_links":{"self":[{"href":"https:\/\/www.jesusprieto.es\/index.php\/wp-json\/wp\/v2\/posts\/1891","targetHints":{"allow":["GET"]}}],"collection":[{"href":"https:\/\/www.jesusprieto.es\/index.php\/wp-json\/wp\/v2\/posts"}],"about":[{"href":"https:\/\/www.jesusprieto.es\/index.php\/wp-json\/wp\/v2\/types\/post"}],"author":[{"embeddable":true,"href":"https:\/\/www.jesusprieto.es\/index.php\/wp-json\/wp\/v2\/users\/1"}],"replies":[{"embeddable":true,"href":"https:\/\/www.jesusprieto.es\/index.php\/wp-json\/wp\/v2\/comments?post=1891"}],"version-history":[{"count":10,"href":"https:\/\/www.jesusprieto.es\/index.php\/wp-json\/wp\/v2\/posts\/1891\/revisions"}],"predecessor-version":[{"id":1909,"href":"https:\/\/www.jesusprieto.es\/index.php\/wp-json\/wp\/v2\/posts\/1891\/revisions\/1909"}],"wp:featuredmedia":[{"embeddable":true,"href":"https:\/\/www.jesusprieto.es\/index.php\/wp-json\/wp\/v2\/media\/1892"}],"wp:attachment":[{"href":"https:\/\/www.jesusprieto.es\/index.php\/wp-json\/wp\/v2\/media?parent=1891"}],"wp:term":[{"taxonomy":"category","embeddable":true,"href":"https:\/\/www.jesusprieto.es\/index.php\/wp-json\/wp\/v2\/categories?post=1891"},{"taxonomy":"post_tag","embeddable":true,"href":"https:\/\/www.jesusprieto.es\/index.php\/wp-json\/wp\/v2\/tags?post=1891"}],"curies":[{"name":"wp","href":"https:\/\/api.w.org\/{rel}","templated":true}]}}