{"id":1751,"date":"2016-12-28T13:03:32","date_gmt":"2016-12-28T13:03:32","guid":{"rendered":"http:\/\/www.jesusprieto.es\/?p=1751"},"modified":"2021-03-23T20:16:51","modified_gmt":"2021-03-23T20:16:51","slug":"ciceron-el-primer-deber-servir-a-la-patria","status":"publish","type":"post","link":"https:\/\/www.jesusprieto.es\/index.php\/2016\/12\/28\/ciceron-el-primer-deber-servir-a-la-patria\/","title":{"rendered":"Cicer\u00f3n- El primer deber, servir a la Patria"},"content":{"rendered":"\t\t<div data-elementor-type=\"wp-post\" data-elementor-id=\"1751\" class=\"elementor elementor-1751\">\n\t\t\t\t\t\t\t\t\t<section class=\"elementor-section elementor-top-section elementor-element elementor-element-96b56de elementor-section-boxed elementor-section-height-default elementor-section-height-default\" data-id=\"96b56de\" data-element_type=\"section\">\n\t\t\t\t\t\t<div class=\"elementor-container elementor-column-gap-default\">\n\t\t\t\t\t<div class=\"elementor-column elementor-col-100 elementor-top-column elementor-element elementor-element-ddca422\" data-id=\"ddca422\" data-element_type=\"column\">\n\t\t\t<div class=\"elementor-widget-wrap elementor-element-populated\">\n\t\t\t\t\t\t\t\t<div class=\"elementor-element elementor-element-0aa6428 elementor-widget elementor-widget-heading\" data-id=\"0aa6428\" data-element_type=\"widget\" data-widget_type=\"heading.default\">\n\t\t\t\t<div class=\"elementor-widget-container\">\n\t\t\t<h2 class=\"elementor-heading-title elementor-size-default\">Cicer\u00f3n- El primer deber, servir a la Patria<\/h2>\t\t<\/div>\n\t\t\t\t<\/div>\n\t\t\t\t\t<\/div>\n\t\t<\/div>\n\t\t\t\t\t\t\t<\/div>\n\t\t<\/section>\n\t\t\t\t<section class=\"elementor-section elementor-top-section elementor-element elementor-element-6cf5e97 elementor-section-boxed elementor-section-height-default elementor-section-height-default\" data-id=\"6cf5e97\" data-element_type=\"section\">\n\t\t\t\t\t\t<div class=\"elementor-container elementor-column-gap-default\">\n\t\t\t\t\t<div class=\"elementor-column elementor-col-100 elementor-top-column elementor-element elementor-element-0be15ed\" data-id=\"0be15ed\" data-element_type=\"column\">\n\t\t\t<div class=\"elementor-widget-wrap elementor-element-populated\">\n\t\t\t\t\t\t\t\t<div class=\"elementor-element elementor-element-3b9762b elementor-widget elementor-widget-text-editor\" data-id=\"3b9762b\" data-element_type=\"widget\" data-widget_type=\"text-editor.default\">\n\t\t\t\t<div class=\"elementor-widget-container\">\n\t\t\t\t\t\t\t<p style=\"text-align: center;\"><em>\u00abDada mi situaci\u00f3n, yo he podido disfrutar del ocio y obtener de \u00e9l mayores frutos que los otros, a causa de la variedad de los estudios que han sido mi delicia desde la ni\u00f1ez. (\u2026) Mas con todo, yo no dud\u00e9 un momento en exponerme a las m\u00e1s duras tempestades, y dir\u00eda que incluso a los rayos, para salvar a mis conciudadanos y asegurar a todos los dem\u00e1s, sin ahorrar ning\u00fan peligro, una vida tranquila. Porque esta patria no nos ha engendrado y educado sin contar con que, a su vez, nosotros contribuyamos a su subsistencia; ni solamente por servir a nuestros intereses nos ofrece un refugio seguro para nuestro ocio y un lugar tranquilo para nuestro descanso; por el contrario, ella debe retener para su uso la mayor parte de nuestra alma, de nuestro ingenio, de nuestra sabidur\u00eda, dejando para nuestro uso privado lo que reste despu\u00e9s de tomar su parte.\u00bb<\/em><\/p><p style=\"text-align: right;\"><strong>Marco Tulio Cicer\u00f3n, La Rep\u00fablica<\/strong><\/p><p>De la Rep\u00fablica fue redactada en torno al a\u00f1o 52 a.C, y narra un supuesto encuentro producido 80 a\u00f1os antes en los jardines de Escipi\u00f3n Emiliano. Varios personajes dialogan a lo largo de tres jornadas; como introducci\u00f3n a cada una de ellas Cicer\u00f3n desliza un pre\u00e1mbulo donde presenta en primera persona la materia a tratar. Este fragmento es parte del pre\u00e1mbulo a la primera jornada, durante la cual los personajes debatir\u00e1n sobre la superioridad de la vida pol\u00edtica activa sobre la vida puramente filos\u00f3fica.<\/p><p>Y esta es una de las ideas centrales que despliega el texto seleccionado. Cicer\u00f3n nos traslada su predilecci\u00f3n por la filosof\u00eda, \u201c<em>he podido<\/em> <em>disfrutar del ocio (\u2026) estudios que han sido mi delicia<\/em>\u201d, pero en cualquier caso su prioridad siempre ha consistido en estar al servicio de la patria, la Rep\u00fablica Romana. La filosof\u00eda debe pasar a segundo plano, solo podremos dedicarle el tiempo y el esfuerzo que deje libre nuestra responsabilidad con la patria.<\/p><p>El texto nos presenta una concepci\u00f3n omnipresente de la comunidad, Roma: es la patria quien nos define, \u201c<em>nos ha engendrado y educado<\/em>\u201d.\u00a0 Encontramos aqu\u00ed la influencia del zoon politikon aristot\u00e9lico, el hombre como animal que desarrolla sus fines en el seno de una comunidad. Desde su punto de vista, esta comunidad exige sacrificio y dedicaci\u00f3n, debemos ser activos a su favor, nuestra principal misi\u00f3n es servirla, poner todos nuestros dones al servicio de los \u201c<em>conciudadanos<\/em>\u201d. Roma exige que \u201c<em>contribuyamos a su subsistencia<\/em>\u201d, su raz\u00f3n de ser no puede ser \u201c<em>nuestro ocio y<\/em>\u00a0 (\u2026) <em>descanso<\/em>\u201d. Claramente la filosof\u00eda no puede ser una raz\u00f3n en si misma, solo tendr\u00e1 sentido si est\u00e1 orientada al objetivo principal, el servicio a la comunidad.<\/p><p>Ahora bien, a lo largo de todo el texto se muestra elitista, es un arist\u00f3crata, un privilegiado por su \u201c<em>situaci\u00f3n<\/em>\u201d respecto a \u201c<em>los otros<\/em>\u201d. En el momento de redactar esta obra, Cicer\u00f3n ha realizado todo el cursus honorum, gobernado Roma con mayor o menor \u00e9xito, manteniendo siempre una clara defensa de unas instituciones republicanas que ya en aquel entonces est\u00e1n en crisis. En consonancia, el compromiso con la comunidad es una responsabilidad que presenta como un \u201c<em>compromiso<\/em>\u201d personal. Es \u00e9l quien se ha expuesto a \u201c<em>tempestades y<\/em> (\u2026) <em>rayos<\/em>\u201d con el objeto de asegurar \u201c<em>a todos los dem\u00e1s, sin ahorrar(se) ning\u00fan peligro,<\/em> <em>una vida tranquila<\/em>\u201d. La segunda parte del texto donde exhorta a la responsabilidad de toda la comunidad se nos antojar\u00eda m\u00e1s un plural mayest\u00e1tico o una incitaci\u00f3n a quien considera sus iguales.<\/p><p>Por \u00faltimo, relacionar\u00edamos el texto con las corrientes estoicas de gran influencia en el mundo romano, especialmente en su propensi\u00f3n respecto a la participaci\u00f3n del sabio en los asuntos p\u00fablicos, el car\u00e1cter moral del compromiso con la comunidad o en su idea de una ley universal que obligar\u00eda a todos los hombres. Pero sobre todo por el papel central de la \u00e9tica p\u00fablica y privada tienen tanto en las corrientes estoicas como en este fragmento.<\/p>\t\t\t\t\t\t<\/div>\n\t\t\t\t<\/div>\n\t\t\t\t\t<\/div>\n\t\t<\/div>\n\t\t\t\t\t\t\t<\/div>\n\t\t<\/section>\n\t\t\t\t\t\t\t<\/div>\n\t\t","protected":false},"excerpt":{"rendered":"<p>Cicer\u00f3n- El primer deber, servir a la Patria \u00abDada mi situaci\u00f3n, yo he podido disfrutar del ocio y obtener de<\/p>\n","protected":false},"author":1,"featured_media":1752,"comment_status":"closed","ping_status":"closed","sticky":false,"template":"","format":"standard","meta":{"colormag_page_layout":"no_sidebar_full_width","footnotes":""},"categories":[47],"tags":[53,52],"class_list":["post-1751","post","type-post","status-publish","format-standard","has-post-thumbnail","hentry","category-politica","tag-analisis-textos","tag-recension"],"_links":{"self":[{"href":"https:\/\/www.jesusprieto.es\/index.php\/wp-json\/wp\/v2\/posts\/1751","targetHints":{"allow":["GET"]}}],"collection":[{"href":"https:\/\/www.jesusprieto.es\/index.php\/wp-json\/wp\/v2\/posts"}],"about":[{"href":"https:\/\/www.jesusprieto.es\/index.php\/wp-json\/wp\/v2\/types\/post"}],"author":[{"embeddable":true,"href":"https:\/\/www.jesusprieto.es\/index.php\/wp-json\/wp\/v2\/users\/1"}],"replies":[{"embeddable":true,"href":"https:\/\/www.jesusprieto.es\/index.php\/wp-json\/wp\/v2\/comments?post=1751"}],"version-history":[{"count":7,"href":"https:\/\/www.jesusprieto.es\/index.php\/wp-json\/wp\/v2\/posts\/1751\/revisions"}],"predecessor-version":[{"id":1760,"href":"https:\/\/www.jesusprieto.es\/index.php\/wp-json\/wp\/v2\/posts\/1751\/revisions\/1760"}],"wp:featuredmedia":[{"embeddable":true,"href":"https:\/\/www.jesusprieto.es\/index.php\/wp-json\/wp\/v2\/media\/1752"}],"wp:attachment":[{"href":"https:\/\/www.jesusprieto.es\/index.php\/wp-json\/wp\/v2\/media?parent=1751"}],"wp:term":[{"taxonomy":"category","embeddable":true,"href":"https:\/\/www.jesusprieto.es\/index.php\/wp-json\/wp\/v2\/categories?post=1751"},{"taxonomy":"post_tag","embeddable":true,"href":"https:\/\/www.jesusprieto.es\/index.php\/wp-json\/wp\/v2\/tags?post=1751"}],"curies":[{"name":"wp","href":"https:\/\/api.w.org\/{rel}","templated":true}]}}